{"id":61191,"date":"2023-05-06T10:33:04","date_gmt":"2023-05-06T08:33:04","guid":{"rendered":"https:\/\/miradordeatarfe.es\/?p=61191"},"modified":"2023-05-06T10:33:33","modified_gmt":"2023-05-06T08:33:33","slug":"importancia-de-la-lectura-y-escritura-por-jose-vaquero","status":"publish","type":"post","link":"https:\/\/miradordeatarfe.es\/?p=61191","title":{"rendered":"\u00abIMPORTANCIA DE LA LECTURA Y ESCRITURA\u00bb por Jos\u00e9 Vaquero"},"content":{"rendered":"<h3 style=\"text-align: justify;\"><span style=\"font-family: Times New Roman, serif;\"><span style=\"font-size: medium;\">La flexibilidad de nuestro lenguaje es extraordinaria. Con unos cuantos signos y se\u00f1ales somos capaces de construir un n\u00famero infinito de posibles frases. Es indudable, por tanto, la importancia del h\u00e1bito de la lectura y escritura, destacando que al fomentar su aprendizaje estamos haciendo historia. <\/span><\/span><\/h3>\n<p style=\"text-align: justify;\"><span style=\"font-family: Times New Roman, serif;\"><span style=\"font-size: medium;\">Y con la feria del libro, que se ha celebrado en Granada estos d\u00edas, estamos cooperando a ello. No solo son importantes los libros para el ser humano por su trascendencia sino porque con ellos pudo establecerse un medio de comunicaci\u00f3n que perdura a trav\u00e9s de los siglos y que es un referente de las distintas culturas. Los libros han sido tambi\u00e9n el detonante para que la ciencia y la humanidad avancen a lo largo de los siglos. Los inventos que han revolucionado el mundo se han podido crear porque antes hab\u00edamos aprendido un sistema de comunicaci\u00f3n alfanum\u00e9rico, es decir, un lenguaje en el que poder expresar nuestra creatividad e ingenio. <\/span><\/span><\/p>\n<p style=\"text-align: justify;\"><span style=\"font-family: Times New Roman, serif;\"><span style=\"font-size: medium;\">Adem\u00e1s, los h\u00e1bitos de la lectura y la escritura nos aportan gran cantidad de beneficios, tales como: <\/span><\/span><\/p>\n<ol>\n<li style=\"text-align: justify;\"><span style=\"font-family: Times New Roman, serif;\"><span style=\"font-size: medium;\">-Ejercitan nuestro cerebro y activan la memoria, ya que el cerebro est\u00e1 obligado a recordar lo que vamos leyendo para comprender lo que sigue.<\/span><\/span><\/li>\n<li style=\"text-align: justify;\"><span style=\"font-family: Times New Roman, serif;\"><span style=\"font-size: medium;\">-Facilitan la comunicaci\u00f3n oral y escrita.<\/span><\/span><\/li>\n<li style=\"text-align: justify;\"><span style=\"font-family: Times New Roman, serif;\"><span style=\"font-size: medium;\">-Mejoran la ortograf\u00eda, ya que, la memoria retentiva almacena en nuestro cerebro la palabra y, gracias a ello, adquirimos un lenguaje m\u00e1s fluido.<\/span><\/span><\/li>\n<li style=\"text-align: justify;\"><span style=\"font-family: Times New Roman, serif;\"><span style=\"font-size: medium;\">-Reducen el estr\u00e9s, porque normalmente las hacemos en un ambiente tranquilo y sosegado.<\/span><\/span><\/li>\n<li style=\"text-align: justify;\"><span style=\"font-family: Times New Roman, serif;\"><span style=\"font-size: medium;\">-Despiertan nuestra creatividad e imaginaci\u00f3n.<\/span><\/span><\/li>\n<li style=\"text-align: justify;\"><span style=\"font-family: Times New Roman, serif;\"><span style=\"font-size: medium;\">-Posibilitan el aprendizaje de todas las materias. Si sabemos leer y escribir bien se nos har\u00e1 f\u00e1cil el estudio de cualquier asignatura.<\/span><\/span><\/li>\n<li style=\"text-align: justify;\"><span style=\"font-family: Times New Roman, serif;\"><span style=\"font-size: medium;\">-Son un formidable instrumento para desarrollar el pensamiento cr\u00edtico. Leemos y escribimos como pensamos y viceversa. Lenguaje y pensamiento van unidos. <\/span><\/span><\/li>\n<\/ol>\n<p style=\"text-align: justify;\"><span style=\"font-family: Times New Roman, serif;\"><span style=\"font-size: medium;\">Por las razones expuestas, recomiendo que en nuestros centros de ense\u00f1anza cuiden el aprendizaje de la lectura y escritura como algo esencial para el progreso de la humanidad. Desanima que se lea tan poco en Espa\u00f1a, cuna de grandes escritores. Todos los esfuerzos que hagamos por el aumento del n\u00famero de lectores ser\u00e1n bienvenidos, principalmente por los beneficios que aportan. La feria del libro es insustituible en esta labor.<\/span><\/span><\/p>\n<p>FOTO: VICENS VIVES<\/p>\n<p>&nbsp;<\/p>\n<p>&nbsp;<\/p>\n","protected":false},"excerpt":{"rendered":"<p>La flexibilidad de nuestro lenguaje es extraordinaria. Con unos cuantos signos y se\u00f1ales somos capaces&#8230;<\/p>\n","protected":false},"author":1,"featured_media":61192,"comment_status":"closed","ping_status":"closed","sticky":false,"template":"","format":"standard","meta":{"_coblocks_attr":"","_coblocks_dimensions":"","_coblocks_responsive_height":"","_coblocks_accordion_ie_support":"","jetpack_post_was_ever_published":false,"_jetpack_newsletter_access":"","_jetpack_dont_email_post_to_subs":false,"_jetpack_newsletter_tier_id":0,"_jetpack_memberships_contains_paywalled_content":false,"_jetpack_memberships_contains_paid_content":false,"footnotes":"","jetpack_publicize_message":"","jetpack_publicize_feature_enabled":true,"jetpack_social_post_already_shared":false,"jetpack_social_options":{"image_generator_settings":{"template":"highway","default_image_id":0,"enabled":false},"version":2}},"categories":[187,1161,7926,44,15],"tags":[3131,491],"class_list":["post-61191","post","type-post","status-publish","format-standard","has-post-thumbnail","hentry","category-centros-educativos","category-ciudadania","category-opinion-de-jose-vaquero","category-noticias-de-hoy","category-ultimas-noticias","tag-escritura","tag-lectura"],"jetpack_publicize_connections":[],"jetpack_featured_media_url":"https:\/\/i0.wp.com\/miradordeatarfe.es\/wp-content\/uploads\/2023\/05\/Lectura-critica.png?fit=1263%2C560&ssl=1","jetpack_likes_enabled":true,"jetpack_sharing_enabled":true,"_links":{"self":[{"href":"https:\/\/miradordeatarfe.es\/index.php?rest_route=\/wp\/v2\/posts\/61191","targetHints":{"allow":["GET"]}}],"collection":[{"href":"https:\/\/miradordeatarfe.es\/index.php?rest_route=\/wp\/v2\/posts"}],"about":[{"href":"https:\/\/miradordeatarfe.es\/index.php?rest_route=\/wp\/v2\/types\/post"}],"author":[{"embeddable":true,"href":"https:\/\/miradordeatarfe.es\/index.php?rest_route=\/wp\/v2\/users\/1"}],"replies":[{"embeddable":true,"href":"https:\/\/miradordeatarfe.es\/index.php?rest_route=%2Fwp%2Fv2%2Fcomments&post=61191"}],"version-history":[{"count":1,"href":"https:\/\/miradordeatarfe.es\/index.php?rest_route=\/wp\/v2\/posts\/61191\/revisions"}],"predecessor-version":[{"id":61193,"href":"https:\/\/miradordeatarfe.es\/index.php?rest_route=\/wp\/v2\/posts\/61191\/revisions\/61193"}],"wp:featuredmedia":[{"embeddable":true,"href":"https:\/\/miradordeatarfe.es\/index.php?rest_route=\/wp\/v2\/media\/61192"}],"wp:attachment":[{"href":"https:\/\/miradordeatarfe.es\/index.php?rest_route=%2Fwp%2Fv2%2Fmedia&parent=61191"}],"wp:term":[{"taxonomy":"category","embeddable":true,"href":"https:\/\/miradordeatarfe.es\/index.php?rest_route=%2Fwp%2Fv2%2Fcategories&post=61191"},{"taxonomy":"post_tag","embeddable":true,"href":"https:\/\/miradordeatarfe.es\/index.php?rest_route=%2Fwp%2Fv2%2Ftags&post=61191"}],"curies":[{"name":"wp","href":"https:\/\/api.w.org\/{rel}","templated":true}]}}