{"id":61197,"date":"2023-05-07T10:23:07","date_gmt":"2023-05-07T08:23:07","guid":{"rendered":"https:\/\/miradordeatarfe.es\/?p=61197"},"modified":"2023-05-04T20:27:42","modified_gmt":"2023-05-04T18:27:42","slug":"el-primer-rey-de-espana-fernando-el-catolico-la-larga-y-maquiavelica-sombra-de-isabel","status":"publish","type":"post","link":"https:\/\/miradordeatarfe.es\/?p=61197","title":{"rendered":"El primer rey de Espa\u00f1a: Fernando el Cat\u00f3lico, la larga (y maquiav\u00e9lica) sombra de Isabel"},"content":{"rendered":"<section id=\"ancla2\" class=\"voc-content-report\">\n<div class=\"voc-content-report__container\">\n<h2 class=\"voc-content-report__subtitle\" style=\"text-align: justify;\">Fue un monarca inteligente, duro y poco conocido, aseguran los estudiosos. El ser marido de la reina de Castilla oscureci\u00f3 su labor que, sin embargo, fue elogiada por el mism\u00edsimo Maquiavelo, quien le atribuy\u00f3 el t\u00edtulo de \u00abpr\u00edncipe nuevo\u00bb. El historiador Henry Kamen -autor de \u201c<em>Fernando el Cat\u00f3lico<\/em>\u201d- nos cuenta c\u00f3mo era el rey.<\/h2>\n<\/div>\n<\/section>\n<div class=\"voc-area-container voc-area-container--wxs-sm\">\n<div class=\"voc-detail voc-detail--report\">\n<div class=\"row vc_row wpb_row vc_row-fluid\">\n<div class=\"\">\n<div class=\"wpb_column vc_column_container vc_col-sm-12\">\n<p class=\"voc-paragraph\" style=\"text-align: justify;\"><span class=\"voc-capital\">F<\/span>ernando el Cat\u00f3lico, el primer rey de una Espa\u00f1a unificada, ha tenido un lugar ins\u00f3lito y muchas veces contradictorio en la memoria de los espa\u00f1oles. Muchos lo recuerdan como uno de los grandes gobernantes de su historia.<\/p>\n<p class=\"voc-paragraph\" style=\"text-align: justify;\">Se dice que el <a href=\"https:\/\/www.ideal.es\/xlsemanal\/historia\/felipe-ii-rey-inglaterra-historia-reyes.html\">rey Felipe II,<\/a> deteni\u00e9ndose en cierta ocasi\u00f3n delante de un retrato del rey Fernando, habr\u00eda exclamado: \u00ab\u00a1Se lo debemos todo a \u00e9l!\u00bb. Dos siglos m\u00e1s tarde, el escritor Jos\u00e9 Cadalso declar\u00f3: \u00abLa monarqu\u00eda espa\u00f1ola nunca fue m\u00e1s feliz por dentro, ni tan respetada por fuera, como en la \u00e9poca de la muerte de Fernando el Cat\u00f3lico\u00bb.<\/p>\n<div class=\"voc-detail__cmp voc-detail__cmp--full\" style=\"text-align: justify;\">\n<div class=\"voc-multimedia-photo voc-multimedia-photo--M  \n          \"><\/p>\n<div class=\"voc-article\">\n<div class=\"voc-img-container\"><picture><img data-recalc-dims=\"1\" loading=\"lazy\" decoding=\"async\" class=\"alignleft\" src=\"https:\/\/i0.wp.com\/www.ideal.es\/xlsemanal\/wp-content\/uploads\/sites\/5\/2023\/04\/isabel-la-catolica-reina-castilla.jpg?resize=408%2C498&#038;ssl=1\" alt=\"alternative text\" width=\"408\" height=\"498\" \/><\/picture><span class=\"strong-title\">Carrera pol\u00edtica. <\/span>La historia ha tendido a prestar m\u00e1s atenci\u00f3n a la carrera pol\u00edtica de Isabel que a la de su esposo Fernando y ambos decidieron que los matrimonios de sus hijos estuvieran orientados a establecer alianzas para aislar al gran enemigo, Francia.<\/div>\n<\/div>\n<\/div>\n<\/div>\n<p class=\"voc-paragraph\" style=\"text-align: justify;\">En la pr\u00e1ctica, los espa\u00f1oles no estaban de acuerdo sobre los logros o la reputaci\u00f3n del rey. Una raz\u00f3n para ello era que los escritores, sobre todo en Castilla, prestaban una mayor atenci\u00f3n a la carrera de la reina Isabel.\u00a0 A pesar de los elogios y alabanzas que muchos autores dedicaron a los dos monarcas, la verdad es que con el tiempo el grueso de los elogios recay\u00f3 en Isabel y bastantes menos en Fernando. De hecho, en escritos posteriores, y fuera del reino de Arag\u00f3n, el rey Fernando sufri\u00f3 un constante declive en su popularidad y lleg\u00f3 a ser olvidado pr\u00e1cticamente por los historiadores.<\/p>\n<div class=\"voc-detail__cmp\" style=\"text-align: justify;\">\n<div class=\"voc-summary\">\n<h2 class=\"voc-summary__title\">\u00abApoy\u00f3 la Inquisici\u00f3n y orden\u00f3 la expulsi\u00f3n de los jud\u00edos, pero sus asesores m\u00e1s cercanos y sus m\u00e9dicos eran jud\u00edos y conversos\u00bb<\/h2>\n<\/div>\n<\/div>\n<p class=\"voc-paragraph\" style=\"text-align: justify;\">Algunos de ellos, como los castellanos, eran francamente despectivos; es el caso del cronista sevillano Andr\u00e9s Bern\u00e1ldez, que escribi\u00f3: \u00abEspa\u00f1a fue, en tiempos de los bienaventurados reyes don Fernando y do\u00f1a Isabel, durante el tiempo de su matrimonio, m\u00e1s triunfante y m\u00e1s sublimada, poderosa, temida y honrada que nunca fue\u00bb.<\/p>\n<p class=\"voc-paragraph\" style=\"text-align: justify;\">La insinuaci\u00f3n es que despu\u00e9s de la muerte de Isabel el rey ya no era un \u00e9xito. Esta tendencia fue particularmente marcada despu\u00e9s del siglo XVIII, debido al papel dominante que Castilla asumi\u00f3 en los destinos de Espa\u00f1a. Y luego, por supuesto, tenemos los ataques dirigidos contra Fernando, desde la mitad del siglo XIX en adelante, por los escritores nacionalistas catalanes que, sin ning\u00fan tipo de pruebas, lo acusaban de arruinar a su pa\u00eds (Catalu\u00f1a) en favor de Castilla.<\/p>\n<div class=\"voc-detail__cmp voc-detail__cmp--full\" style=\"text-align: justify;\">\n<div class=\"voc-multimedia-photo voc-multimedia-photo--L  \n          \"><\/p>\n<div class=\"voc-article\">\n<div class=\"voc-img-container\"><picture><img data-recalc-dims=\"1\" decoding=\"async\" src=\"https:\/\/i0.wp.com\/www.ideal.es\/xlsemanal\/wp-content\/uploads\/sites\/5\/2023\/04\/fernado-de-aragon-jura-fueros-vizcaya.jpg?w=640&#038;ssl=1\" alt=\"alternative text\" \/><\/picture><\/div>\n<div class=\"voc-img-container\"><span class=\"strong-title\">Se\u00f1or de Vizcaya. <\/span>Los<a href=\"https:\/\/ms-rc.srv.vocento.in\/xlsemanal\/historia\/arturo-perez-reverte-historia-de-espana-reyes-catolicos-2.html\"> Reyes Cat\u00f3licos<\/a> juraron los fueros de Vizcaya en Guernica. Fernando lo hizo en 1476 e Isabel en 1483. Fernando el Cat\u00f3lico fue se\u00f1or de Vizcaya por derechos de consorte.<\/div>\n<\/div>\n<\/div>\n<\/div>\n<p class=\"voc-paragraph\" style=\"text-align: justify;\">Sin embargo, precisamente a causa de esta hostilidad al rey, algunos estudiosos de la corona de Arag\u00f3n hicieron un intento de examinar la carrera del monarca. El m\u00e1s destacado de ellos fue el historiador oficial de Arag\u00f3n (desde 1548) Jer\u00f3nimo de Zurita, quien redact\u00f3 el primer estudio serio del rey; y el escritor Baltasar Graci\u00e1n, quien en 1640 escribi\u00f3 un peque\u00f1o ensayo sobre \u00e9l.<\/p>\n<p class=\"voc-paragraph\" style=\"text-align: justify;\">El rey, sin embargo, tuvo que esperar 300 a\u00f1os m\u00e1s para conseguir una biograf\u00eda seria, escrita por el catal\u00e1n Jaime Vicens Vives; e incluso entonces la historia no tuvo un final feliz, porque Vicens nunca termin\u00f3 su trabajo, y en todo caso muchos nacionalistas lo criticaron por ser demasiado favorable a Fernando.<\/p>\n<p class=\"voc-paragraph\" style=\"text-align: justify;\">Es cierto su apoyo al establecimiento de la <a href=\"https:\/\/www.ideal.es\/xlsemanal\/historia\/nebrija-inquisicion-gramatica-castellana-cisneros.html\">Inquisici\u00f3n<\/a>. Sin su ayuda, la Inquisici\u00f3n habr\u00eda tenido dificultades. De la misma manera, su apoyo a las medidas tomadas en contra de los conversos jud\u00edos y convertidos musulmanes ha hecho que algunos historiadores lo consideren un racista. Sin embargo, sabemos que sus asesores m\u00e1s cercanos eran jud\u00edos y conversos, y que \u00e9l siempre ten\u00eda m\u00e9dicos jud\u00edos; esto es evidencia suficiente de que \u00e9l no era racista.<\/p>\n<p class=\"voc-paragraph\" style=\"text-align: justify;\">En otro tema, por su decisi\u00f3n de retirar a su hija Juana (la Loca) del poder, ha sido considerado una persona sin coraz\u00f3n; sin embargo, es dif\u00edcil ver qu\u00e9 otras medidas podr\u00eda haber tomado cuando ella era obviamente incapaz de gobernar el pa\u00eds.<\/p>\n<div class=\"voc-detail__cmp voc-detail__cmp--full\" style=\"text-align: justify;\">\n<div class=\"voc-multimedia-photo voc-multimedia-photo--L  \n          \"><\/p>\n<div class=\"voc-article\">\n<div class=\"voc-img-container\"><picture><img data-recalc-dims=\"1\" decoding=\"async\" src=\"https:\/\/i0.wp.com\/www.ideal.es\/xlsemanal\/wp-content\/uploads\/sites\/5\/2023\/04\/fernando-e-isabel-reyes-catolicos-rendicion-granada.jpg?w=640&#038;ssl=1\" alt=\"alternative text\" \/><\/picture><\/div>\n<div class=\"voc-img-container\"><span class=\"strong-title\">Monarca ambicioso. <\/span>\u00abIncluso m\u00e1s que unir Espa\u00f1a, su objetivo era unir a todo el mundo bajo su cetro\u00bb, dice Henry Kamen. Uno de sus logros fue la rendici\u00f3n de Granada; otro, obtener su ansiado t\u00edtulo de &#8216;rey de Jerusal\u00e9n&#8217;.<\/div>\n<\/div>\n<\/div>\n<\/div>\n<p class=\"voc-paragraph\" style=\"text-align: justify;\">No es f\u00e1cil evaluar a Fernando. No era la cabeza de un gran estado, y como resultado no hay mucha documentaci\u00f3n sobre sus acciones y sus \u00e9xitos. Su principal logro fue como soldado: desempe\u00f1\u00f3 un papel crucial en la terminaci\u00f3n de las guerras civiles en Castilla y dirigi\u00f3 la ocupaci\u00f3n del reino de Granada. Tambi\u00e9n fue el general que logr\u00f3 la uni\u00f3n de Navarra con Castilla.<\/p>\n<p class=\"voc-paragraph\" style=\"text-align: justify;\">Pero \u00e9l no particip\u00f3 en absoluto en las guerras de Italia, donde el destacado soldado espa\u00f1ol fue el Gran Capit\u00e1n. Debemos mencionar que su posici\u00f3n como rey de N\u00e1poles (no conseguido a trav\u00e9s de la conquista, sino a trav\u00e9s de la negociaci\u00f3n) era de hecho la base de su reputaci\u00f3n internacional, ya que lo puso en conflicto con el gran poder de Europa, a saber, Francia. Su actividad antifrancesa, a trav\u00e9s de la guerra y la diplomacia, se convirti\u00f3 en la piedra angular de la pol\u00edtica exterior de Espa\u00f1a durante los dos siglos siguientes.<\/p>\n<div class=\"voc-detail__cmp voc-detail__cmp--full\" style=\"text-align: justify;\">\n<div class=\"voc-multimedia-photo voc-multimedia-photo--L  \n          \"><\/p>\n<div class=\"voc-article\">\n<div class=\"voc-img-container\"><picture><img data-recalc-dims=\"1\" decoding=\"async\" src=\"https:\/\/i0.wp.com\/www.ideal.es\/xlsemanal\/wp-content\/uploads\/sites\/5\/2023\/04\/juana-la-loca-felipe-matrimonio-fernando-de-aragon.jpg?w=640&#038;ssl=1\" alt=\"alternative text\" \/><\/picture><span class=\"strong-title\">Rey ef\u00edmero. <\/span>Felipe el Hermoso, marido de Juana la Loca, muri\u00f3 de forma repentina en 1506, el mismo a\u00f1o de su coronaci\u00f3n como Felipe I de Castilla. \u00abFue un shock en la Corte. No est\u00e1 claro cu\u00e1l fue la causa de la muerte, parece que llevaba tiempo encontr\u00e1ndose mal y ese d\u00eda tras haber hecho ejercicio bebi\u00f3 agua demasiado fr\u00eda\u00bb, cuenta Henry Kamen.<\/div>\n<\/div>\n<\/div>\n<\/div>\n<p class=\"voc-paragraph\" style=\"text-align: justify;\">Los espa\u00f1oles, y entre ellos los castellanos, veneraban a Fernando (e Isabel) como los \u00faltimos reyes espa\u00f1oles de Espa\u00f1a. Despu\u00e9s de 1516 fueron los alemanes, los Habsburgo, los que ocuparon el trono; y despu\u00e9s de 1700, la casa francesa de los Borbones. Ninguna de estas dos dinast\u00edas extranjeras consigui\u00f3 ganarse la lealtad incondicional de los espa\u00f1oles. A lo largo de los siglos posteriores, por tanto, los autores miraron hacia atr\u00e1s echando de menos la \u00e9poca en la que unos extranjeros no estaban al frente de los destinos de Espa\u00f1a. Isabel y Fernando hund\u00edan sus ra\u00edces en lo m\u00e1s profundo de Castilla y Arag\u00f3n, vivieron con su pueblo y hablaban su lengua. No proced\u00edan de ning\u00fan pa\u00eds extranjero ni acabaron viviendo, como hizo Carlos V habitualmente, en pa\u00edses extranjeros.<\/p>\n<div class=\"voc-detail__cmp\" style=\"text-align: justify;\">\n<div class=\"voc-summary\">\n<h2 class=\"voc-summary__title\">Fernando utiliz\u00f3 su estatus como &#8216;rey de Jerusal\u00e9n&#8217; para reforzar su legitimidad pol\u00edtica y sus pretensiones de ser cabeza de los creyentes cristianos<\/h2>\n<\/div>\n<\/div>\n<p class=\"voc-paragraph\" style=\"text-align: justify;\">Por \u00faltimo hab\u00eda un elemento de magia y misterio en textos de la \u00e9poca que presentan a Fernando II de Arag\u00f3n como una especie de Mes\u00edas.<\/p>\n<p class=\"voc-paragraph\" style=\"text-align: justify;\">Fernando no se esforz\u00f3 poco en obtener el t\u00edtulo correspondiente al desaparecido reino de Jerusal\u00e9n de los cruzados, un t\u00edtulo que consigui\u00f3 como parte de aquellos acuerdos con Francia que finalmente le otorgaron el control sobre el reino de N\u00e1poles (1504). Fernando utiliz\u00f3 su estatus como &#8216;rey de Jerusal\u00e9n&#8217; para reforzar su legitimidad pol\u00edtica, reforzando su posici\u00f3n en las pretensiones universalistas que lo situaban a la cabeza de la comunidad de creyentes cristianos. Adem\u00e1s, el t\u00edtulo de monarca de Jerusal\u00e9n serv\u00eda como base en determinadas reclamaciones legales que Fernando empleaba como una justificaci\u00f3n para emprender acciones b\u00e9licas, como la guerra contra los infieles.<\/p>\n<p style=\"text-align: justify;\">\u00a0<\/p>\n<div class=\"voc-detail__cmp voc-detail__cmp--full\" style=\"text-align: justify;\">\n<div class=\"voc-multimedia-photo voc-multimedia-photo--M  \n          \"><\/p>\n<div class=\"voc-article\">\n<div class=\"voc-img-container\"><picture><img data-recalc-dims=\"1\" decoding=\"async\" src=\"https:\/\/i0.wp.com\/www.ideal.es\/xlsemanal\/wp-content\/uploads\/sites\/5\/2023\/04\/muerte-de-fernando-de-aragon-rey.jpg?w=640&#038;ssl=1\" alt=\"alternative text\" \/><\/picture><span class=\"strong-title\">\u00bfDe qu\u00e9 muri\u00f3?. <\/span>\u00abFernando el Cat\u00f3lico no muri\u00f3 a causa de la ingesta de afrodisiacos, como se ha dicho. S\u00ed es cierto que los tomaba, pero no est\u00e1 clara la relaci\u00f3n directa con su muerte. No se ha encontrado nada al respecto en los anales\u00bb, asegura su bi\u00f3grafo, Henry Kamen.<\/div>\n<\/div>\n<\/div>\n<\/div>\n<p class=\"voc-paragraph\" style=\"text-align: justify;\">La \u00faltima gran confirmaci\u00f3n que recibi\u00f3 el rey proven\u00eda de la beata sor Mar\u00eda de Santo Domingo, que envi\u00f3 un mensaje al rey moribundo para decirle que no morir\u00eda sin antes haber conquistado Jerusal\u00e9n. No podemos despreciar la posibilidad de que Fernando tambi\u00e9n se viera a s\u00ed mismo como el protagonista de la ola de optimismo derivada del descubrimiento del Nuevo Mundo, gracias a Col\u00f3n. Col\u00f3n se ve\u00eda a s\u00ed mismo como un colaborador necesario y activo en la grandeza del rey Fernando.<\/p>\n<p class=\"voc-paragraph\" style=\"text-align: justify;\">No es f\u00e1cil de penetrar en estas muchas facetas de la persona y la carrera del rey, porque la documentaci\u00f3n disponible es limitada, y no siempre se puede confiar en el testimonio de los cronistas. Lo que es notable es la capacidad de Fernando de impresionar a sus coet\u00e1neos, como el embajador florentino Guicciardini, quien lo describi\u00f3 como un \u00abprincipe potentissimo e prudentissimo\u00bb, un veredicto con el que pocos podr\u00edan estar en desacuerdo.<\/p>\n<p class=\"voc-paragraph\" style=\"text-align: justify;\">\u00a0<\/p>\n<hr \/>\n<div class=\"voc-detail__cmp voc-detail__cmp--full \">\n<div class=\"voc-sheet-cutting\">\n<div class=\"voc-sheet-cutting__content voc-sheet-cutting__content--bg\" style=\"text-align: justify;\">\n<figure class=\"voc-sheet-cutting__main-figure\"><img data-recalc-dims=\"1\" decoding=\"async\" src=\"https:\/\/i0.wp.com\/www.ideal.es\/xlsemanal\/wp-content\/uploads\/sites\/5\/2023\/04\/maquiavelo-autor-el-principe-pensamiento-politico..jpg?w=640&#038;ssl=1\" alt=\"\" \/><\/figure>\n<div class=\"voc-sheet-cutting__content-info\">\n<h2 class=\"voc-sheet-cutting__title\">\u00bfFue el modelo de Maquiavelo?<\/h2>\n<\/div>\n<\/div>\n<div class=\"voc-sheet-cutting__content\">\n<div class=\"voc-sheet-cutting__content-cutting\">\n<p class=\"voc-sheet-cutting__paragraph\" style=\"text-align: justify;\"><em>Fernando sufri\u00f3 debido a los elogios que le otorg\u00f3 el escritor Nicol\u00e1s Maquiavelo, que muri\u00f3 en 1527, justo diez a\u00f1os despu\u00e9s de que muriera Fernando. En su libro El pr\u00edncipe, escrito en 1513, Maquiavelo apunt\u00f3: \u00abNinguna cosa le granjea m\u00e1s estimaci\u00f3n a un pr\u00edncipe que las grandes empresas y las acciones raras y maravillosas. De ello nos presenta nuestra era un admirable ejemplo en Fernando de Arag\u00f3n, actualmente rey de Espa\u00f1a. Podemos mirarlo casi como a un pr\u00edncipe nuevo, porque de rey d\u00e9bil que era lleg\u00f3 a ser, por su fama y gloria, el primer rey de la cristiandad\u00bb. Maquiavelo lleg\u00f3 a adquirir una mala reputaci\u00f3n, por lo que se supon\u00eda que la gente que \u00e9l elogiaba tambi\u00e9n era mala.<\/em><\/p>\n<p class=\"voc-sheet-cutting__paragraph\" style=\"text-align: justify;\"><em>Pero Maquiavelo ten\u00eda sus propias razones para elogiar al rey de Arag\u00f3n, sobre todo porque Fernando era enemigo de los franceses, a quienes Maquiavelo consideraba unos b\u00e1rbaros que quer\u00edan desgarrar Italia. El rey de Arag\u00f3n, en resumen, le parec\u00eda a Maquiavelo el modelo y el tipo de rey que Italia necesitaba. Es importante subrayar que la imagen &#8216;maquiav\u00e9lica&#8217; (en el sentido de maligna) de Fernando se basa en la especulaci\u00f3n y no en una buena documentaci\u00f3n.<\/em><\/p>\n<\/div>\n<section id=\"ancla2\" class=\"voc-content-report\">\n<div class=\"voc-content-report__container\"><strong><a href=\"https:\/\/www.ideal.es\/xlsemanal\/historia\/como-era-y-que-hizo-fernando-de-aragon.html#\"><span class=\"voc-content-report__author-signature\">Por Henry Kamen<\/span> <\/a><\/strong><\/div>\n<div>\u00a0<\/div>\n<\/section>\n<div class=\"voc-area-container voc-area-container--wxs-sm\">\n<div class=\"voc-detail voc-detail--report\">\n<div class=\"voc-author-timesocial\">\n<div class=\"voc-author-timesocial__signature\">\n<div class=\"voc-author-timesocial__info\">\u00a0<\/div>\n<\/div>\n<div class=\"voc-author-timesocial__social\">https:\/\/www.ideal.es\/xlsemanal\/historia\/como-era-y-que-hizo-fernando-de-aragon.html<\/div>\n<\/div>\n<\/div>\n<\/div>\n<\/div>\n<\/div>\n<\/div>\n<\/div>\n<\/div>\n<\/div>\n<\/div>\n<\/div>\n","protected":false},"excerpt":{"rendered":"<p>Fue un monarca inteligente, duro y poco conocido, aseguran los estudiosos. El ser marido de&#8230;<\/p>\n","protected":false},"author":1,"featured_media":61198,"comment_status":"closed","ping_status":"closed","sticky":false,"template":"","format":"standard","meta":{"_coblocks_attr":"","_coblocks_dimensions":"","_coblocks_responsive_height":"","_coblocks_accordion_ie_support":"","jetpack_post_was_ever_published":false,"_jetpack_newsletter_access":"","_jetpack_dont_email_post_to_subs":false,"_jetpack_newsletter_tier_id":0,"_jetpack_memberships_contains_paywalled_content":false,"_jetpack_memberships_contains_paid_content":false,"footnotes":"","jetpack_publicize_message":"","jetpack_publicize_feature_enabled":true,"jetpack_social_post_already_shared":false,"jetpack_social_options":{"image_generator_settings":{"template":"highway","default_image_id":0,"enabled":false},"version":2}},"categories":[1161,44,7671,15],"tags":[10327,10326],"class_list":["post-61197","post","type-post","status-publish","format-standard","has-post-thumbnail","hentry","category-ciudadania","category-noticias-de-hoy","category-politica","category-ultimas-noticias","tag-el-catolico","tag-rey-fernando"],"jetpack_publicize_connections":[],"jetpack_featured_media_url":"https:\/\/i0.wp.com\/miradordeatarfe.es\/wp-content\/uploads\/2023\/05\/fernando-de-aragon-el-catolico-rey-politica-alianzas-bodas-.jpg?fit=1248%2C1190&ssl=1","jetpack_likes_enabled":true,"jetpack_sharing_enabled":true,"_links":{"self":[{"href":"https:\/\/miradordeatarfe.es\/index.php?rest_route=\/wp\/v2\/posts\/61197","targetHints":{"allow":["GET"]}}],"collection":[{"href":"https:\/\/miradordeatarfe.es\/index.php?rest_route=\/wp\/v2\/posts"}],"about":[{"href":"https:\/\/miradordeatarfe.es\/index.php?rest_route=\/wp\/v2\/types\/post"}],"author":[{"embeddable":true,"href":"https:\/\/miradordeatarfe.es\/index.php?rest_route=\/wp\/v2\/users\/1"}],"replies":[{"embeddable":true,"href":"https:\/\/miradordeatarfe.es\/index.php?rest_route=%2Fwp%2Fv2%2Fcomments&post=61197"}],"version-history":[{"count":1,"href":"https:\/\/miradordeatarfe.es\/index.php?rest_route=\/wp\/v2\/posts\/61197\/revisions"}],"predecessor-version":[{"id":61199,"href":"https:\/\/miradordeatarfe.es\/index.php?rest_route=\/wp\/v2\/posts\/61197\/revisions\/61199"}],"wp:featuredmedia":[{"embeddable":true,"href":"https:\/\/miradordeatarfe.es\/index.php?rest_route=\/wp\/v2\/media\/61198"}],"wp:attachment":[{"href":"https:\/\/miradordeatarfe.es\/index.php?rest_route=%2Fwp%2Fv2%2Fmedia&parent=61197"}],"wp:term":[{"taxonomy":"category","embeddable":true,"href":"https:\/\/miradordeatarfe.es\/index.php?rest_route=%2Fwp%2Fv2%2Fcategories&post=61197"},{"taxonomy":"post_tag","embeddable":true,"href":"https:\/\/miradordeatarfe.es\/index.php?rest_route=%2Fwp%2Fv2%2Ftags&post=61197"}],"curies":[{"name":"wp","href":"https:\/\/api.w.org\/{rel}","templated":true}]}}