{"id":6125,"date":"2016-01-20T09:15:34","date_gmt":"2016-01-20T09:15:34","guid":{"rendered":"http:\/\/miradordeatarfe.es\/?p=6125"},"modified":"2016-01-20T09:19:23","modified_gmt":"2016-01-20T09:19:23","slug":"yo-ciudad-de-elvirapor-f-javier-pardo","status":"publish","type":"post","link":"https:\/\/miradordeatarfe.es\/?p=6125","title":{"rendered":"\u00abYO CIUDAD DE ELVIRA\u00bbpor F. Javier Pardo"},"content":{"rendered":"<p dir=\"ltr\">Se trata del estreno de \u201cYo Ciudad de Elvira\u201d de Fuencisla Moreno, dirigida por V\u00edctor M. Rivera.<!--more--><\/p>\n<p dir=\"ltr\">Principalmente pretendemos que nuestras an\u00e9cdotas sean hist\u00f3ricas, no obstante, no dejaremos perder en el olvido los acontecimientos coet\u00e1neos que engrandezcan Atarfe y ayuden a comprender mejor nuestro pasado, por ello, en esta ocasi\u00f3n nos referimos a la representaci\u00f3n teatral acontecida el d\u00eda 16\/01\/2016 en el Centro Cultural Medina Elvira.<\/p>\n<p dir=\"ltr\">A las 19:45 horas del mencionado d\u00eda, animosamente nos dirigimos al lugar de la representaci\u00f3n. Los chiquillos, a trav\u00e9s de los cristales de los ventanales de las calles Veleta y Sierra Nevada, colindantes con el Centro Cultural Medina Elvira, ve\u00edan pasar numeroso p\u00fablico que, sufriendo el fr\u00edo propio de la \u00e9poca invernal, acud\u00edan al estreno. Los infantes, amparados en el calor de su hogar, escuchaban como la brisa con su vibraci\u00f3n hac\u00eda tamborilear los cristales y junto a sus risas y hablar infantil produc\u00edan la mejor de las sinfon\u00edas que se pudiera componer con los m\u00e1s finos instrumentos de madera, metal y cuerda.<\/p>\n<p dir=\"ltr\">Se pod\u00eda apreciar como Sierra Nevada estaba en silencio, Sierra Elvira callada y la vega que las une expectante ante un cielo vestido de oscuro limpio, con brillantes, de gran gala. La blanca nieve de la Sierra Granadina, oculta en el manto del anochecer, dejaba escapar destellos cual fieles reflejos luminosos de la grandeza del firmamento.<\/p>\n<p dir=\"ltr\">El gran tama\u00f1o de la entrada y las cristaleras del Centro Cultural, mostraban enorme cantidad de personas que se encontraban en el amplio sal\u00f3n de espera. Saludamos a numerosas atarfe\u00f1as y atarfe\u00f1os que mostraban enorme inter\u00e9s con el acontecimiento.<\/p>\n<p dir=\"ltr\">Al entrar en el auditorio, de inmediato nuestros ojos recibieron varios regalos: la casi totalidad del auditorio ocupada, la pulcritud y belleza de sus espacios y las butacas de terciopelo rojo de una parte;\u00a0 y el detalle en el montaje del escenario, que con la iluminaci\u00f3n atenuada, mostraba a la derecha un abundante puesto de frutas y verduras frescas, a la izquierda un estante de platos y vasijas de barro y materiales representativos de la \u00e9poca. En el centro del escenario sorprendi\u00f3 ver unas escaleras y un pilar con dos ca\u00f1os y agua imitando la piedra de Sierra Elvira.<\/p>\n<p dir=\"ltr\">Mencionado lo anterior,\u00a0 diremos\u00a0 que la obra teatral \u201cYo Ciudad de Elvira\u201d, es de primera fuerza, su autora muestra nuevamente su ingenio, se estructur\u00f3 en un cuadro que nos llev\u00f3 directamente al planteamiento b\u00e1sico de la obra, a la evoluci\u00f3n de las particularidades del problema y soluci\u00f3n en s\u00ed misma de la eventualidad.<\/p>\n<p dir=\"ltr\">La representaci\u00f3n nos traslad\u00f3 a la Medina Elvira de principios del siglo XI. Los vecinos de la ciudad ven alterada su vida cuando desde las escaleras que llevan a lo m\u00e1s alto del infinito, reciben la orden del ser inmaterial superior de Medina Elvira, que les ordena el abandono de la tierra donde habitan. La vecindad debe afrontar como principal problema\u00a0 una nueva realidad en un lugar diferente \u201cGarnata\u201d; superar las dudas, miedos, ilusiones e incertidumbres; como dijo Plat\u00f3n en \u201cLa Rep\u00fablica\u201d: \u201c\u2026 los dioses pueden influir sobre nuestros sentidos y no pudiendo mudar de figura nos presentan un fantasma\u2026que de hecho o de palabra trata de librarnos del peligro y la ignorancia\u201d.<\/p>\n<p dir=\"ltr\">Los di\u00e1logos bien estructurados y de f\u00e1cil compresi\u00f3n del drama realista vivido en \u201cCiudad Elvira\u201d, nos detallan los buenos y malos recuerdos de las vivencias y enfrentamientos humanos diarios que existieron ayer y se dan hoy. Algunos ejemplos de la intensidad ejemplarizante de los di\u00e1logos ser\u00edan: \u201cYo, seguir\u00e9 perfeccionando mis campos como hizo mi padre, mi abuelo y toda mi familia\u201d, \u201cPermanece a mi lado hasta que los huesos no puedan soportar el peso de mi cuerpo\u201d, \u201cA veces es mejor no demostrar lo que uno sabe\u201d, \u201cPor qu\u00e9 hemos ca\u00eddo en la desidia y no reaccionamos\u201d, \u201cQu\u00e9 hubiera sido de nosotros si las ense\u00f1anzas de los grandes maestros nunca nos hubieran abandonado\u201d. Ya lo dijo Ortega y Gasset en \u201cLa Rebeli\u00f3n de las Masas\u201d: \u201cTodo aut\u00e9ntico decir no solo dice algo, sino que lo dice alguien a alguien los cuales no quedan indiferentes, siendo as\u00ed el lenguaje un dialogo no ocasional.<\/p>\n<p dir=\"ltr\">Triste es tener que abandonar la tierra que nos vio nacer, que nos da casa, pan y trabajo. Dram\u00e1tico es tener que buscar otro lugar donde vivir el d\u00eda a d\u00eda. Don Quijote ya dec\u00eda \u201cTrabajosa vida es la que pasamos y vivimos\u201d.<\/p>\n<p dir=\"ltr\">Los personajes demostraron no ser extravagantes ni caprichosos, est\u00e1n bien definidos por su autora, muestran ser perspicaces ante la eventualidad, son representados con maestr\u00eda, generosidad, valor y bizarr\u00eda.\u00a0 Destacamos por m\u00e9ritos propios al:<\/p>\n<p dir=\"ltr\">Anciano: representado por Luis Javier S\u00e1nchez.<br \/>\nOmar: Jos\u00e9 Luis Otero.<br \/>\nMiriam y Ciudad Elvira: Fuencisla S\u00e1nchez.<br \/>\nMendiga: Jennifer Garc\u00eda.<br \/>\nMaestro: Paco Pozo.<br \/>\nF\u00e1tima: Marta Fern\u00e1ndez.<br \/>\nYusuf: Iv\u00e1n Lechuga.<br \/>\nAnciana: Jessica S\u00e1nchez<br \/>\nAbrahim: Jos\u00e9 Alberto Calvo.<br \/>\nNajib: Jos\u00e9 Aguilera.<br \/>\nLeyla: Gabriela Aliste.<\/p>\n<p dir=\"ltr\"><a href=\"https:\/\/i0.wp.com\/miradordeatarfe.es\/wp-content\/uploads\/2016\/01\/medina1.jpg?ssl=1\" rel=\"attachment wp-att-6127\"><img data-recalc-dims=\"1\" loading=\"lazy\" decoding=\"async\" class=\"wp-image-6127 aligncenter\" src=\"https:\/\/i0.wp.com\/miradordeatarfe.es\/wp-content\/uploads\/2016\/01\/medina1.jpg?resize=222%2C1225&#038;ssl=1\" alt=\"medina1\" width=\"222\" height=\"1225\" \/><\/a><\/p>\n<p dir=\"ltr\">El vestuario al detalle y escogido cuidadosamente, era el utilizado por los lugare\u00f1os.<\/p>\n<p dir=\"ltr\">La direcci\u00f3n, iluminaci\u00f3n, sonido, escenograf\u00eda, decoraci\u00f3n y vestuario creemos han sido adecuados.<\/p>\n<p dir=\"ltr\">Los fuertes y prolongados aplausos fueron la firma de la mejor cr\u00edtica que existe -el p\u00fablico-.<\/p>\n<p dir=\"ltr\">Felicitamos a la autora y la animamos a seguir creando literatura de calidad.<\/p>\n<p dir=\"ltr\">Y ya est\u00e1.<\/p>\n<p dir=\"ltr\">Brilla con luz propia. Saludos<\/p>\n","protected":false},"excerpt":{"rendered":"<p>Se trata del estreno de \u201cYo Ciudad de Elvira\u201d de Fuencisla Moreno, dirigida por V\u00edctor&#8230;<\/p>\n","protected":false},"author":1,"featured_media":6129,"comment_status":"closed","ping_status":"closed","sticky":false,"template":"","format":"standard","meta":{"_coblocks_attr":"","_coblocks_dimensions":"","_coblocks_responsive_height":"","_coblocks_accordion_ie_support":"","jetpack_post_was_ever_published":false,"_jetpack_newsletter_access":"","_jetpack_dont_email_post_to_subs":false,"_jetpack_newsletter_tier_id":0,"_jetpack_memberships_contains_paywalled_content":false,"_jetpack_memberships_contains_paid_content":false,"footnotes":"","jetpack_publicize_message":"","jetpack_publicize_feature_enabled":true,"jetpack_social_post_already_shared":false,"jetpack_social_options":{"image_generator_settings":{"template":"highway","default_image_id":0,"enabled":false},"version":2}},"categories":[2,12,1225,44,15],"tags":[81,1034,2062,79],"class_list":["post-6125","post","type-post","status-publish","format-standard","has-post-thumbnail","hentry","category-atarfe","category-cultura","category-ha-de-atarfe","category-noticias-de-hoy","category-ultimas-noticias","tag-atarfe","tag-elvira","tag-fuencisla","tag-medina-elvira"],"jetpack_publicize_connections":[],"jetpack_featured_media_url":"https:\/\/i0.wp.com\/miradordeatarfe.es\/wp-content\/uploads\/2016\/01\/FB_IMG_1453280421425.jpg?fit=300%2C112&ssl=1","jetpack_likes_enabled":true,"jetpack_sharing_enabled":true,"_links":{"self":[{"href":"https:\/\/miradordeatarfe.es\/index.php?rest_route=\/wp\/v2\/posts\/6125","targetHints":{"allow":["GET"]}}],"collection":[{"href":"https:\/\/miradordeatarfe.es\/index.php?rest_route=\/wp\/v2\/posts"}],"about":[{"href":"https:\/\/miradordeatarfe.es\/index.php?rest_route=\/wp\/v2\/types\/post"}],"author":[{"embeddable":true,"href":"https:\/\/miradordeatarfe.es\/index.php?rest_route=\/wp\/v2\/users\/1"}],"replies":[{"embeddable":true,"href":"https:\/\/miradordeatarfe.es\/index.php?rest_route=%2Fwp%2Fv2%2Fcomments&post=6125"}],"version-history":[{"count":3,"href":"https:\/\/miradordeatarfe.es\/index.php?rest_route=\/wp\/v2\/posts\/6125\/revisions"}],"predecessor-version":[{"id":6130,"href":"https:\/\/miradordeatarfe.es\/index.php?rest_route=\/wp\/v2\/posts\/6125\/revisions\/6130"}],"wp:featuredmedia":[{"embeddable":true,"href":"https:\/\/miradordeatarfe.es\/index.php?rest_route=\/wp\/v2\/media\/6129"}],"wp:attachment":[{"href":"https:\/\/miradordeatarfe.es\/index.php?rest_route=%2Fwp%2Fv2%2Fmedia&parent=6125"}],"wp:term":[{"taxonomy":"category","embeddable":true,"href":"https:\/\/miradordeatarfe.es\/index.php?rest_route=%2Fwp%2Fv2%2Fcategories&post=6125"},{"taxonomy":"post_tag","embeddable":true,"href":"https:\/\/miradordeatarfe.es\/index.php?rest_route=%2Fwp%2Fv2%2Ftags&post=6125"}],"curies":[{"name":"wp","href":"https:\/\/api.w.org\/{rel}","templated":true}]}}