{"id":61300,"date":"2023-05-08T09:07:35","date_gmt":"2023-05-08T07:07:35","guid":{"rendered":"https:\/\/miradordeatarfe.es\/?p=61300"},"modified":"2023-10-23T13:56:37","modified_gmt":"2023-10-23T11:56:37","slug":"23-pueblos-de-granada-prohiben-lavar-coches-o-rellenar-piscinas-ante-la-sequia","status":"publish","type":"post","link":"https:\/\/miradordeatarfe.es\/?p=61300","title":{"rendered":"23 pueblos de Granada proh\u00edben lavar coches o rellenar piscinas ante la sequ\u00eda"},"content":{"rendered":"<h3 class=\"v-a-sub-t\" style=\"text-align: justify;\">El abastecimiento est\u00e1 garantizado de cara al verano pero municipios como los de la Vega Sierra Elvira y Baza est\u00e1n ya tomando medidas para preservar las reservas<\/h3>\n<p class=\"v-p\" style=\"text-align: justify;\">Prohibir el lavado y la limpieza de veh\u00edculos fuera de los negocios autorizados, restringir el llenado continuado de las piscinas, el baldeo de puertas de viviendas y calles y limitar el riego de jardines al m\u00ednimo para garantizar la supervivencia de las plantas. Son las medidas que el alcalde de<strong> Atarfe, Pedro Mart\u00ednez,<\/strong> ha incluido en un bando para pedir a sus vecinos que realicen un consumo responsable del agua, ante la situaci\u00f3n de emergencia por la sequ\u00eda.<\/p>\n<p class=\"v-p\" style=\"text-align: justify;\">\u00abSe trata de medidas para evitar el derroche, pretenden concienciar m\u00e1s que castigar, pero si hay que multar tambi\u00e9n multaremos\u00bb, advierte el regidor.<\/p>\n<div class=\"v-c-cmp v-c-cmp--f v-bdr-b-s\" style=\"text-align: justify;\">\n<div class=\"v-d-cmp-rld v-d-cmp-rld--1 \">\n<header class=\"v-cnt-m v-cnt-m--xs\">\n<div class=\"v-cnt-m__h\">\u00a0<\/div>\n<\/header>\n<\/div>\n<\/div>\n<p class=\"v-p\" style=\"text-align: justify;\">Ante la situaci\u00f3n excepcional de sequ\u00eda de la Cuenca del Guadalquivir y de emergencia en el Subsistema Cubillas-Colomera-Deifontes, el Consorcio Vega de Sierra Elvira ha reclamado a sus 22 municipios que concreten medidas que permitan reducir el volumen de agua suministrada a los pueblos y preservar al m\u00e1ximo las fuentes de suministro . Atarfe o L\u00e1char son algunos de los primeros pueblos que han trasladado ya a bandos municipales la restricci\u00f3n de los \u00abconsumos no esenciales\u00bb y le seguir\u00e1n el resto de municipios.<\/p>\n<p class=\"v-p\" style=\"text-align: justify;\">El presidente del Consorcio de Sierra Elvira y alcalde de Vegas del Genil, Leandro Mart\u00edn, explica que de cara al verano el abastecimiento est\u00e1 garantizado para los 130.000 vecinos que viven en estos 22 pueblos. La empresa que gestiona el agua, Aguasvira, est\u00e1 supliendo las deficiencias del manantial de Deifontes, del que beben, a trav\u00e9s de la red de Emasagra pero ante el escenario complejo se ha pedido a los alcaldes que hagan tomar conciencia de la situaci\u00f3n.<\/p>\n<p class=\"v-p\" style=\"text-align: justify;\">\u00abNo podemos desaprovechar ni una gota. Si no llueve lo que nos preocupa es el abastecimiento en la primavera de 2024&#8230; por eso dependemos del ahorro del verano\u00bb, resume el presidente del Consorcio de Sierra Elvira. Las mismas medidas pidiendo a los vecinos sentido com\u00fan de cara a \u00abesta primavera ins\u00f3litamente calurosa\u00bb en la que la lluvia sigue sin aparecer y a la \u00e9poca veraniega en la que el consumo aumenta, ha tomado el Ayuntamiento de Baza. Su alcalde, Manuel Gavil\u00e1n tambi\u00e9n ha pedido en un bando a sus vecinos que no laven coches, ni rellenen piscinas con agua potable en estos momentos \u2013sino que depuren el agua\u2013 y que se reduzca el riego de macetas y jardines.<\/p>\n<div class=\"v-c-cmp v-c-cmp--f v-bdr-b-m\" style=\"text-align: justify;\">\n<div class=\"v-d-cmp-fn\">\n<div class=\"v-d-cmp-fn__c\">\n<p class=\"v-d-cmp-fn__t\"><span class=\"v-d-cmp-fn__t-n\">32,2%<\/span> capacidad. Los embalses de la provincia est\u00e1n a una media del 32,2%. El a\u00f1o pasado estaban al 40,43%.<\/p>\n<\/div>\n<\/div>\n<\/div>\n<p class=\"v-p\" style=\"text-align: justify;\">En otras comarcas como la de Guadix o Loja, por el momento no hay bandos ni restricciones concretas pero la preocupaci\u00f3n por la sequ\u00eda tambi\u00e9n es un tema latente ante el estado de las reservas.<\/p>\n<div class=\"v-c-cmp v-n-mrg\" style=\"text-align: justify;\">\n<h3 class=\"v-d-cmp-sub-hl\">A la mitad<\/h3>\n<\/div>\n<p class=\"v-p\" style=\"text-align: justify;\">Seg\u00fan los datos de la Confederaci\u00f3n Hidrogr\u00e1fica del Guadalquivir (CHG), los embalses de la provincia est\u00e1n al 32,22% de su capacidad, la mitad del volumen que registraron de media en esta misma semana durante los \u00faltimos diez a\u00f1os. El pasado 2022 los embalses estaban al 40,43%.<\/p>\n<p class=\"v-p\" style=\"text-align: justify;\">Frente a la situaci\u00f3n cr\u00edtica de la mayor\u00eda de Andaluc\u00eda Oriental, hay embalses con niveles &#8216;privilegiados&#8217; en estos momentos, como Canales (72%) y Qu\u00e9ntar (88%), que dan tranquilidad a la capital granadina.<\/p>\n<div class=\"v-c-cmp v-n-mrg\" style=\"text-align: justify;\">\n<h3 class=\"v-d-cmp-sub-hl\">La capital<\/h3>\n<\/div>\n<p class=\"v-p\" style=\"text-align: justify;\">El alcalde de Granada y presidente de Emasagra, Paco Cuenca, recuerda que a la gran captaci\u00f3n de recursos h\u00eddricos, gracias a la bendici\u00f3n de Sierra Nevada, la ciudad suma una buena gesti\u00f3n y un plan de inversiones permanente que ha logrado reducir fugas, por ejemplo, en las redes de la zona de Arabial o la carretera antigua de M\u00e1laga.<\/p>\n<p class=\"v-p\" style=\"text-align: justify;\">\u00abGranada no tiene riesgo de restricciones de abastecimiento, estamos bien de recursos y siempre hemos sido solidarios, lo que no significa que no haya que ahorrar, por lo que a trav\u00e9s de Emasagra se lanzar\u00e1 una campa\u00f1a de concienciaci\u00f3n\u00bb, esgrime Cuenca. El consumo de agua ha crecido en los negocios de hosteler\u00eda por el auge del sector pero, seg\u00fan Cuenca, la reducci\u00f3n progresiva de las facturas en los hogares apunta a que los granadinos est\u00e1n realizando un consumo m\u00e1s responsable del agua.<\/p>\n<p style=\"text-align: justify;\"><a href=\"https:\/\/www.ideal.es\/autor\/mercedes-navarrete-434.html\"><strong>Mercedes Navarrete<\/strong> <\/a><\/p>\n<article class=\"v-a v-a--d v-a--d-bs v-a--p-b\">\n<div class=\"v-a-img-c v-a-img-c--fw-xs\">\n<figure class=\"v-a-fig\"><figcaption class=\"v-fc\"><span class=\"v-fc__text\">FOTO: Operarios de Santa Fe comprueban el riego por goteo de los jardines, para ahorrar.<\/span> <span class=\"v-fc__ath\">Alfredo Aguilar<\/span><\/figcaption><\/figure>\n<\/div>\n<div class=\"v-a-info-c \">\u00a0<\/div>\n<\/article>\n<div class=\"v-d v-d--ab-c v-d--bs\">\n<div class=\"v-mdl-ath\" data-voc-component=\"viewport-not-visible\">\n<div class=\"v-mdl-ath__c v-mdl-ath__c--1\">\n<figure class=\"v-mdl-ath__fig\" style=\"text-align: justify;\">https:\/\/www.ideal.es\/granada\/provincia-granada\/pueblos-granada-prohiben-lavar-coches-rellenar-piscinas-20230505002701-nt.html<\/figure>\n<div class=\"v-mdl-ath__info\">\n<p class=\"v-mdl-ath__p v-mdl-ath__p--name\" style=\"text-align: justify;\">\u00a0<\/p>\n<\/div>\n<\/div>\n<\/div>\n<\/div>\n","protected":false},"excerpt":{"rendered":"<p>El abastecimiento est\u00e1 garantizado de cara al verano pero municipios como los de la Vega&#8230;<\/p>\n","protected":false},"author":1,"featured_media":61301,"comment_status":"closed","ping_status":"closed","sticky":false,"template":"","format":"standard","meta":{"_coblocks_attr":"","_coblocks_dimensions":"","_coblocks_responsive_height":"","_coblocks_accordion_ie_support":"","jetpack_post_was_ever_published":false,"_jetpack_newsletter_access":"","_jetpack_dont_email_post_to_subs":false,"_jetpack_newsletter_tier_id":0,"_jetpack_memberships_contains_paywalled_content":false,"_jetpack_memberships_contains_paid_content":false,"footnotes":"","jetpack_publicize_message":"","jetpack_publicize_feature_enabled":true,"jetpack_social_post_already_shared":false,"jetpack_social_options":{"image_generator_settings":{"template":"highway","default_image_id":0,"enabled":false},"version":2}},"categories":[6916,10781,9],"tags":[10338,7232,1877],"class_list":["post-61300","post","type-post","status-publish","format-standard","has-post-thumbnail","hentry","category-ayuntamiento-de-atarfe","category-granada","category-medio-ambiente","tag-consorcio-sierra-elvira","tag-reservas","tag-sequia"],"jetpack_publicize_connections":[],"jetpack_featured_media_url":"https:\/\/i0.wp.com\/miradordeatarfe.es\/wp-content\/uploads\/2023\/05\/atarfe-758x531-1.jpg?fit=758%2C505&ssl=1","jetpack_likes_enabled":true,"jetpack_sharing_enabled":true,"_links":{"self":[{"href":"https:\/\/miradordeatarfe.es\/index.php?rest_route=\/wp\/v2\/posts\/61300","targetHints":{"allow":["GET"]}}],"collection":[{"href":"https:\/\/miradordeatarfe.es\/index.php?rest_route=\/wp\/v2\/posts"}],"about":[{"href":"https:\/\/miradordeatarfe.es\/index.php?rest_route=\/wp\/v2\/types\/post"}],"author":[{"embeddable":true,"href":"https:\/\/miradordeatarfe.es\/index.php?rest_route=\/wp\/v2\/users\/1"}],"replies":[{"embeddable":true,"href":"https:\/\/miradordeatarfe.es\/index.php?rest_route=%2Fwp%2Fv2%2Fcomments&post=61300"}],"version-history":[{"count":1,"href":"https:\/\/miradordeatarfe.es\/index.php?rest_route=\/wp\/v2\/posts\/61300\/revisions"}],"predecessor-version":[{"id":61302,"href":"https:\/\/miradordeatarfe.es\/index.php?rest_route=\/wp\/v2\/posts\/61300\/revisions\/61302"}],"wp:featuredmedia":[{"embeddable":true,"href":"https:\/\/miradordeatarfe.es\/index.php?rest_route=\/wp\/v2\/media\/61301"}],"wp:attachment":[{"href":"https:\/\/miradordeatarfe.es\/index.php?rest_route=%2Fwp%2Fv2%2Fmedia&parent=61300"}],"wp:term":[{"taxonomy":"category","embeddable":true,"href":"https:\/\/miradordeatarfe.es\/index.php?rest_route=%2Fwp%2Fv2%2Fcategories&post=61300"},{"taxonomy":"post_tag","embeddable":true,"href":"https:\/\/miradordeatarfe.es\/index.php?rest_route=%2Fwp%2Fv2%2Ftags&post=61300"}],"curies":[{"name":"wp","href":"https:\/\/api.w.org\/{rel}","templated":true}]}}