{"id":61313,"date":"2023-05-10T09:13:43","date_gmt":"2023-05-10T07:13:43","guid":{"rendered":"https:\/\/miradordeatarfe.es\/?p=61313"},"modified":"2023-05-09T13:50:59","modified_gmt":"2023-05-09T11:50:59","slug":"epidemia-de-suicidios-entre-los-jovenes-que-esta-pasando-y-como-detectar-un-caso","status":"publish","type":"post","link":"https:\/\/miradordeatarfe.es\/?p=61313","title":{"rendered":"Epidemia de suicidios entre los j\u00f3venes: qu\u00e9 est\u00e1 pasando y c\u00f3mo detectar un caso"},"content":{"rendered":"<h3 class=\"landscapePhotoRight__subTitle\" style=\"text-align: justify;\">Perdidos, sin rumbo, bombardeados por un sinf\u00edn de noticias, tirones, demandas, exigencias\u2026 y cada vez con menos criterio, los j\u00f3venes actuales cuentan con mucha informaci\u00f3n, pero poca formaci\u00f3n.<\/h3>\n<div class=\"innerArticle__opening landscapePhotoRight\">\n<header class=\"landscapePhotoRight__titleSide\">\n<div class=\"newsType__content news-body-complete \">\n<p style=\"text-align: justify;\" data-mrf-recirculation=\"links-parrafos\">Dec\u00eda Albert Camus, el fil\u00f3sofo existencialista, en <em>El mito de S\u00edsifo<\/em> que \u00absolo hay un problema filos\u00f3fico realmente serio: <a href=\"https:\/\/www.alimente.elconfidencial.com\/bienestar\/2023-01-04\/salud-mental-suicidio-muertes_3550043\/\" target=\"_self\" rel=\"noopener\">el suicidio<\/a>\u00ab. El asunto es verdaderamente preocupante hoy, especialmente entre los j\u00f3venes. <strong>\u00bfQu\u00e9 est\u00e1 pasando, qu\u00e9 ha sucedido en nuestra sociedad para que, en la edad m\u00e1s vital de la existencia, tanta gente no quiera seguir en la aventura de la vida?<\/strong><\/p>\n<p style=\"text-align: justify;\" data-mrf-recirculation=\"links-parrafos\">La<a href=\"https:\/\/www.elconfidencial.com\/tecnologia\/ciencia\/2022-12-05\/revolucionaria-hipotesis-suicidio-parasitos-actos_3527277\/\" target=\"_self\" rel=\"noopener\"> infancia es la raz\u00f3n en reposo<\/a>. La juventud es la emotividad saltando con bravura dentro de uno. Cuando eres joven est\u00e1s lleno de posibilidades; cuando eres mayor, est\u00e1s lleno de realidades. El problema es que <strong>hoy los j\u00f3venes est\u00e1n perdidos, sin rumbo, bombardeados por un sinf\u00edn de noticias, tirones, demandas, exigencias\u2026 y cada vez con menos criterio. <\/strong>Hay mucha informaci\u00f3n, pero poca formaci\u00f3n: es decir, ideas claras, nitidez en los conceptos, comprensi\u00f3n de lo que est\u00e1 pasando.<\/p>\n<p style=\"text-align: justify;\" data-mrf-recirculation=\"links-parrafos\">Educar es ense\u00f1arle a las personas lo que es la vida. Estamos en una era de progresos insospechados. Los avances habidos en los \u00faltimos tiempos de la historia de la humanidad son incre\u00edbles y positivos. Y, al mismo tiempo, hoy y ahora el ser humano est\u00e1 m\u00e1s perdido que nunca en lo esencial. <strong>Masas de gente sin rumbo, a la deriva, desorientadas. \u00bfC\u00f3mo se manifiesta esto en la gente joven?<\/strong> Estar desorientado es no tener respuesta a esas dos grandes cuestiones que se plantean: \u00bfqu\u00e9 es el hombre?, por un lado, y \u00bfqu\u00e9 es la vida?, por otro.<\/p>\n<p style=\"text-align: justify;\" data-mrf-recirculation=\"links-parrafos\">No hay respuesta, porque no hay criterio, ni formaci\u00f3n, ni ideas claras sobre cuestiones fundamentales. Ante este panorama, <strong>\u00bfcu\u00e1les son las principales causas y motivos que dan lugar a esta epidemia de suicidios juveniles?<\/strong><\/p>\n<h2 class=\"bodyTitle\" style=\"text-align: justify;\">La enfermedad de la tristeza<\/h2>\n<p style=\"text-align: justify;\" data-mrf-recirculation=\"links-parrafos\">1. Las depresiones en sus distintas modalidades. La depresi\u00f3n es la enfermedad de la tristeza. El paisaje interior est\u00e1 presidido por la melancol\u00eda, la pena, el disgusto de vivir, la falta de ilusiones. <strong>En la gran mayor\u00eda de los j\u00f3venes son depresiones ex\u00f3genas o reacciones depresivas que est\u00e1n producidas por impactos negativos de la vida,<\/strong> ya sean macrotraumas (hechos de gran dureza, que marcan y van dejando una huella negativa, que conduce, arrastra y lleva a estar en ese estado de \u00e1nimo), o microtraumas (vivencias negativas de menor intensidad que, sumadas una al lado de la otra, forman una constelaci\u00f3n que es como una rampa deslizante, que lleva a estar depresivo).<\/p>\n<figure class=\"bodyObject bodyImage__wrapper bodyImage__wrapper--landscape\">\n<div class=\"lqip lqip--landscapeWide\" style=\"text-align: justify;\"><img data-recalc-dims=\"1\" decoding=\"async\" class=\"bodyImage lqip__original\" src=\"https:\/\/i0.wp.com\/images.ecestaticos.com\/Hh0APvj7u5JOk3_4XwmuYb5Ok5o%3D\/1x85%3A1251x788\/32x18\/filters%3Afill%28white%29%3Aformat%28jpg%29\/f.elconfidencial.com%2Foriginal%2F763%2Faa6%2F3dc%2F763aa63dc52b5658ca68d39c3c24b409.jpg?w=640&#038;ssl=1\" sizes=\" (min-width: 996px) 640px, (min-width: 768px) 50.65vw, calc(100vw - 32px)\" srcset=\" https:\/\/images.ecestaticos.com\/tDO88biCtwPR8vJ5qvo2TH_Sr_4=\/1x85:1251x788\/1440x810\/filters:fill(white):format(jpg)\/f.elconfidencial.com%2Foriginal%2F763%2Faa6%2F3dc%2F763aa63dc52b5658ca68d39c3c24b409.jpg 1440w, https:\/\/images.ecestaticos.com\/rVy4O00hBQZpVEarfAhIRYLBMFA=\/1x85:1251x788\/1200x675\/filters:fill(white):format(jpg)\/f.elconfidencial.com%2Foriginal%2F763%2Faa6%2F3dc%2F763aa63dc52b5658ca68d39c3c24b409.jpg 1200w, https:\/\/images.ecestaticos.com\/W0SU9noBb79Wp6iXUu9KOA65mtE=\/1x85:1251x788\/996x560\/filters:fill(white):format(jpg)\/f.elconfidencial.com%2Foriginal%2F763%2Faa6%2F3dc%2F763aa63dc52b5658ca68d39c3c24b409.jpg 996w, https:\/\/images.ecestaticos.com\/vPrnhXXWHi7_ytWxO5kvWFAGbLw=\/1x85:1251x788\/640x360\/filters:fill(white):format(jpg)\/f.elconfidencial.com%2Foriginal%2F763%2Faa6%2F3dc%2F763aa63dc52b5658ca68d39c3c24b409.jpg 640w, https:\/\/images.ecestaticos.com\/ZguFy_M0cLZJ5Wbz12b5ypG_ZTQ=\/1x85:1251x788\/390x219\/filters:fill(white):format(jpg)\/f.elconfidencial.com%2Foriginal%2F763%2Faa6%2F3dc%2F763aa63dc52b5658ca68d39c3c24b409.jpg 390w, https:\/\/images.ecestaticos.com\/lxHzW6QMGFeM7-f2JU0JL6-dJeQ=\/1x85:1251x788\/568x320\/filters:fill(white):format(jpg)\/f.elconfidencial.com%2Foriginal%2F763%2Faa6%2F3dc%2F763aa63dc52b5658ca68d39c3c24b409.jpg 568w, https:\/\/images.ecestaticos.com\/Rhv6iDHPsZK35nLGfYeFxH7OkNA=\/1x85:1251x788\/382x215\/filters:fill(white):format(jpg)\/f.elconfidencial.com%2Foriginal%2F763%2Faa6%2F3dc%2F763aa63dc52b5658ca68d39c3c24b409.jpg 382w, https:\/\/images.ecestaticos.com\/YYrr68ASWLKgjXsrCBA_gbQFjHE=\/1x85:1251x788\/328x185\/filters:fill(white):format(jpg)\/f.elconfidencial.com%2Foriginal%2F763%2Faa6%2F3dc%2F763aa63dc52b5658ca68d39c3c24b409.jpg 328w\" alt=\"Foto: iStock.\" \/><\/div><figcaption class=\"bodyImage__caption\">Foto: iStock.<\/figcaption><\/figure>\n<p style=\"text-align: justify;\" data-mrf-recirculation=\"links-parrafos\"><strong>Familias rotas y mal avenidas, ausencia de modelos sanos de identidad, hechos no superados,<\/strong> ni digeridos \u2013como abusos sexuales, padres alcoh\u00f3licos, ejemplos demoledores de familias neur\u00f3ticas\u2013; haber vivido ya desde edades muy tempranas situaciones de agresividad, desequilibrio a su alrededor que han dejado una marca casi imborrable son algunas de las causas en este sentido.<\/p>\n<p style=\"text-align: justify;\" data-mrf-recirculation=\"links-parrafos\">2. Fracasos sentimentales. La juventud es la edad de los grandes amores. De las mejores audacias y osad\u00edas. Los sentimientos hacen de intermediarios entre los instintos y la raz\u00f3n. Por eso hay que educarlos con especial cuidado. Veo <strong>cada vez m\u00e1s relaciones afectivas demasiado tempranas<\/strong>, lo que, por su misma condici\u00f3n, no puede durar, y al mismo tiempo con la sexualidad en primer plano. Se produce una cadena de desenga\u00f1os. Decepciones, desencuentros y todo un paisaje sombr\u00edo en una \u00e9poca de la vida en que el extremismo est\u00e1 muy presente.<\/p>\n<h2 class=\"bodyTitle\" style=\"text-align: justify;\">La tetralog\u00eda &#8216;light&#8217;<\/h2>\n<p style=\"text-align: justify;\" data-mrf-recirculation=\"links-parrafos\">3. Los trastornos de la personalidad. Hoy se han multiplicado estos, al haberse quebrado el tejido socio-familiar y ante las nuevas coordenadas que han ido asomando en los \u00faltimos tiempos. Es lo que he llamado<strong> la tetralog\u00eda <em>light<\/em>, que est\u00e1 constituida por el hedonismo, consumismo, permisividad y relativismo.<\/strong> Los cuatro desajustes de la personalidad que con m\u00e1s frecuencia intentan el suicidio son, por este orden: los trastornos mixtos (aquellos en lo que se da una mezcla de alteraciones), la personalidad l\u00edmite, la histri\u00f3nica y la obsesiva.<\/p>\n<figure class=\"bodyObject bodyImage__wrapper bodyImage__wrapper--landscape\">\n<div class=\"lqip lqip--landscapeWide\" style=\"text-align: justify;\">\u00a0<img data-recalc-dims=\"1\" decoding=\"async\" class=\"bodyImage lqip__original\" src=\"https:\/\/i0.wp.com\/images.ecestaticos.com\/o0z3KYaFNrY5QrR9EiWtwNYBGOw%3D\/0x131%3A1254x836\/32x18\/filters%3Afill%28white%29%3Aformat%28jpg%29\/f.elconfidencial.com%2Foriginal%2Fe90%2F0f5%2Fb54%2Fe900f5b546845752031d6f73e77da42d.jpg?w=640&#038;ssl=1\" sizes=\" (min-width: 996px) 640px, (min-width: 768px) 50.65vw, calc(100vw - 32px)\" srcset=\" https:\/\/images.ecestaticos.com\/7ImFcOj8Php9YaDLR14xJoO_f4Q=\/0x131:1254x836\/1440x810\/filters:fill(white):format(jpg)\/f.elconfidencial.com%2Foriginal%2Fe90%2F0f5%2Fb54%2Fe900f5b546845752031d6f73e77da42d.jpg 1440w, https:\/\/images.ecestaticos.com\/Mn5fG_vh63ih-0GKq0mLWi-gix8=\/0x131:1254x836\/1200x675\/filters:fill(white):format(jpg)\/f.elconfidencial.com%2Foriginal%2Fe90%2F0f5%2Fb54%2Fe900f5b546845752031d6f73e77da42d.jpg 1200w, https:\/\/images.ecestaticos.com\/LCGjJsnnCJ9pv_I5e1sbbWnqua0=\/0x131:1254x836\/996x560\/filters:fill(white):format(jpg)\/f.elconfidencial.com%2Foriginal%2Fe90%2F0f5%2Fb54%2Fe900f5b546845752031d6f73e77da42d.jpg 996w, https:\/\/images.ecestaticos.com\/c6Xl4oauQFtp8_zWWqgTEm4Z7mk=\/0x131:1254x836\/640x360\/filters:fill(white):format(jpg)\/f.elconfidencial.com%2Foriginal%2Fe90%2F0f5%2Fb54%2Fe900f5b546845752031d6f73e77da42d.jpg 640w, https:\/\/images.ecestaticos.com\/983SPHvXdgDhe8msIcavf5oMfTA=\/0x131:1254x836\/390x219\/filters:fill(white):format(jpg)\/f.elconfidencial.com%2Foriginal%2Fe90%2F0f5%2Fb54%2Fe900f5b546845752031d6f73e77da42d.jpg 390w, https:\/\/images.ecestaticos.com\/IqWQxlhAwxMgmj8Ued78VqsZsy0=\/0x131:1254x836\/568x320\/filters:fill(white):format(jpg)\/f.elconfidencial.com%2Foriginal%2Fe90%2F0f5%2Fb54%2Fe900f5b546845752031d6f73e77da42d.jpg 568w, https:\/\/images.ecestaticos.com\/nv8jhIl_WgRFBFNNJ8FvOVdcxs8=\/0x131:1254x836\/382x215\/filters:fill(white):format(jpg)\/f.elconfidencial.com%2Foriginal%2Fe90%2F0f5%2Fb54%2Fe900f5b546845752031d6f73e77da42d.jpg 382w, https:\/\/images.ecestaticos.com\/O1hqdfdzvRY0VU45om7gbezt6t8=\/0x131:1254x836\/328x185\/filters:fill(white):format(jpg)\/f.elconfidencial.com%2Foriginal%2Fe90%2F0f5%2Fb54%2Fe900f5b546845752031d6f73e77da42d.jpg 328w\" alt=\"Foto: iStock.\" \/><\/div><figcaption class=\"bodyImage__caption\">Foto: iStock.<\/figcaption><\/figure>\n<p style=\"text-align: justify;\" data-mrf-recirculation=\"links-parrafos\">En el mixto, el esquema resumido de este tipo de sujetos en los que prosperan las ideas autodestructivas podr\u00eda quedar as\u00ed:<strong> joven de 18 a 24 a\u00f1os aproximadamente que va mal en los estudios o que tiene un trabajo con el que no se siente identificado, impulsivo, inestable<\/strong>, con tendencia a convertir problemas en dramas, impaciente, con poca madurez de los sentimientos, que ha tenido alg\u00fan contacto con drogas m\u00e1s o menos espor\u00e1dico y que va viendo su incipiente biograf\u00eda con escasos resultados positivos\u2026 Y que lo quiere casi todo y de inmediato.<\/p>\n<p style=\"text-align: justify;\" data-mrf-recirculation=\"links-parrafos\">En el l\u00edmite, todo est\u00e1 presidido por la reacci\u00f3n en cortocircuito y la impulsividad y la inestabilidad emocional.<strong> En el histri\u00f3nico, lo que se quiere es llamar la atenci\u00f3n, sin buscar realmente la muerte.<\/strong> En el obsesivo, lo que sucede es que se va instalando una idea fija que no le suelta y le atrapa en sus redes.<\/p>\n<h2 class=\"bodyTitle\" style=\"text-align: justify;\">Cuando aparece el p\u00e1nico<\/h2>\n<p style=\"text-align: justify;\" data-mrf-recirculation=\"links-parrafos\">4. La ansiedad y las crisis de p\u00e1nico. Hay dos modalidades en esta vivencia. <strong>La ansiedad generalizada, que es como estar envuelto en una red de temores difusos, et\u00e9reos, desdibujados,<\/strong> imprecisos y de perfiles que parece que se escapan. Y las crisis de ansiedad o de p\u00e1nico: aqu\u00ed la experiencia es breve, s\u00fabita, inesperada, como si se tratara de una borrachera de ansiedad a lo grande, en donde <strong>asoman tres espectros amenazadores cuando la intensidad se hace mayor<\/strong>: temor a la muerte, temor a la locura y temor a perder el control. Es muy dura y sobrecogedora y da lugar al miedo a que se repita, lo que lleva a estar en guardia, al acecho, a un cierto estado de vigilancia y anticipaci\u00f3n expectante.<\/p>\n<p class=\"bodyObject bodyBlockquote\" style=\"text-align: justify;\" data-mrf-recirculation=\"links-parrafos\">Primero aparece la idea suicida que se va abriendo paso en el escenario mental; despu\u00e9s, la etapa de la ambivalencia afectiva<\/p>\n<p style=\"text-align: justify;\" data-mrf-recirculation=\"links-parrafos\">En mis libros <em><a href=\"https:\/\/books.google.es\/books\/about\/Estudios_sobre_el_suicidio.html?id=yxtwAAAACAAJ&amp;redir_esc=y\" target=\"_blank\" rel=\"nofollow noopener\">Estudios sobre el suicidio<\/a> <\/em>y <em><a href=\"https:\/\/www.amazon.es\/Adi%C3%B3s-depresi%C3%B3n-busca-felicidad-razonable\/dp\/8499981712\/ref=sr_1_1?adgrpid=1301822203047654&amp;hvadid=81363976654927&amp;hvbmt=be&amp;hvdev=c&amp;hvlocphy=164420&amp;hvnetw=s&amp;hvqmt=e&amp;hvtargid=kwd-81364126218442%3Aloc-170&amp;hydadcr=22475_1855672&amp;keywords=enrique+rojas+adi%C3%B3s+depresi%C3%B3n&amp;qid=1683192886&amp;sr=8-1&amp;tag=ec-3622646-21\" target=\"_blank\" rel=\"nofollow noopener\">Adi\u00f3s depresi\u00f3n<\/a> <\/em>he descrito la secuencia de pasos que se dan en la acci\u00f3n suicida. Primero aparece la idea suicida que se va abriendo paso en el escenario mental; despu\u00e9s, la etapa de la ambivalencia afectiva, en donde existe un forcejeo \u00edntimo; m\u00e1s tarde, la fase de las influencias informativas (aqu\u00ed el o\u00edr que alguien ha intentado suicidarse o el hecho de un suicidio consumado pueden ser determinantes); y, por \u00faltimo, la decisi\u00f3n y el paso al acto. <strong>En cada uno de esos momentos es importante la posible labor del psiquiatra, del psic\u00f3logo y, por supuesto, de la familia<\/strong> y de alg\u00fan amigo muy cercano. Las creencias religiosas son fundamentales y constituyen un factor preventivo de primer orden.<\/p>\n<figure class=\"bodyObject bodyImage__wrapper bodyImage__wrapper--landscape\">\n<div class=\"lqip lqip--landscapeWide\" style=\"text-align: justify;\">\u00a0<img data-recalc-dims=\"1\" decoding=\"async\" class=\"bodyImage lqip__original\" src=\"https:\/\/i0.wp.com\/images.ecestaticos.com\/Vdshfb8kFs3-QLhJi7nwKKtL1GA%3D\/0x91%3A1254x796\/32x18\/filters%3Afill%28white%29%3Aformat%28jpg%29\/f.elconfidencial.com%2Foriginal%2F718%2F56e%2Fd06%2F71856ed060f5dbba4dcd12a3edb70072.jpg?w=640&#038;ssl=1\" sizes=\" (min-width: 996px) 640px, (min-width: 768px) 50.65vw, calc(100vw - 32px)\" srcset=\" https:\/\/images.ecestaticos.com\/I1t193fkSVoY0olmsOEqdVbjpx0=\/0x91:1254x796\/1440x810\/filters:fill(white):format(jpg)\/f.elconfidencial.com%2Foriginal%2F718%2F56e%2Fd06%2F71856ed060f5dbba4dcd12a3edb70072.jpg 1440w, https:\/\/images.ecestaticos.com\/BgA-MuOGqjVPfKT8DlZo0-2F87Y=\/0x91:1254x796\/1200x675\/filters:fill(white):format(jpg)\/f.elconfidencial.com%2Foriginal%2F718%2F56e%2Fd06%2F71856ed060f5dbba4dcd12a3edb70072.jpg 1200w, https:\/\/images.ecestaticos.com\/ben4XZ6R4Vm9uDLmukglXoHUkOM=\/0x91:1254x796\/996x560\/filters:fill(white):format(jpg)\/f.elconfidencial.com%2Foriginal%2F718%2F56e%2Fd06%2F71856ed060f5dbba4dcd12a3edb70072.jpg 996w, https:\/\/images.ecestaticos.com\/uGxGiCKm_OrQirHKN0nhVR7kjn4=\/0x91:1254x796\/640x360\/filters:fill(white):format(jpg)\/f.elconfidencial.com%2Foriginal%2F718%2F56e%2Fd06%2F71856ed060f5dbba4dcd12a3edb70072.jpg 640w, https:\/\/images.ecestaticos.com\/Jvv8zjaJYPCmGdAZDuzgttZS_Pk=\/0x91:1254x796\/390x219\/filters:fill(white):format(jpg)\/f.elconfidencial.com%2Foriginal%2F718%2F56e%2Fd06%2F71856ed060f5dbba4dcd12a3edb70072.jpg 390w, https:\/\/images.ecestaticos.com\/e1jhmDiip74TisA0IhwTeXF2Uf4=\/0x91:1254x796\/568x320\/filters:fill(white):format(jpg)\/f.elconfidencial.com%2Foriginal%2F718%2F56e%2Fd06%2F71856ed060f5dbba4dcd12a3edb70072.jpg 568w, https:\/\/images.ecestaticos.com\/URCwtr0wF7407o4HM-p1OvO-SZw=\/0x91:1254x796\/382x215\/filters:fill(white):format(jpg)\/f.elconfidencial.com%2Foriginal%2F718%2F56e%2Fd06%2F71856ed060f5dbba4dcd12a3edb70072.jpg 382w, https:\/\/images.ecestaticos.com\/rce-cMlm3CEr9n_qPRSaycMy3u4=\/0x91:1254x796\/328x185\/filters:fill(white):format(jpg)\/f.elconfidencial.com%2Foriginal%2F718%2F56e%2Fd06%2F71856ed060f5dbba4dcd12a3edb70072.jpg 328w\" alt=\"Foto: iStock.\" \/><\/div><figcaption class=\"bodyImage__caption\">Foto: iStock.<\/figcaption><\/figure>\n<p style=\"text-align: justify;\" data-mrf-recirculation=\"links-parrafos\">Solo puedo esbozar aqu\u00ed algo de<strong> los llamados suicidios at\u00edpicos, que son las conductas de riesgo<\/strong> (ir a gran velocidad en un coche, jug\u00e1ndose uno la vida; comportamientos muy atrevidos), ordal\u00edas (conductas en donde uno pone una prueba a Dios para que \u00e9l decida\u2026) y el desinter\u00e9s por vivir (aqu\u00ed est\u00e1 el abandono, la dejadez, la apat\u00eda\u2026).<\/p>\n<p style=\"text-align: justify;\" data-mrf-recirculation=\"links-parrafos\">Y, por \u00faltimo, los suicidios enmascarados, que son aquellos en los que todo queda camuflado, como<strong> los llamados autocidios o intentos de suicidio de los automovilistas<\/strong> que prefieren escoger esta t\u00e9cnica para que su acci\u00f3n sea confusa; y las drogodependencias suicidas, que se dan en personas que consumen sustancias de forma cr\u00f3nica y que llevan una muerte en vida, con entrega a la adicci\u00f3n a la coca\u00edna, hero\u00edna y productos sint\u00e9ticos.<\/p>\n<figure class=\"bodyObject bodyImage__wrapper bodyImage__wrapper--landscape\">\n<div class=\"lqip lqip--landscapeWide\" style=\"text-align: justify;\">\u00a0<img data-recalc-dims=\"1\" decoding=\"async\" class=\"bodyImage lqip__original\" src=\"https:\/\/i0.wp.com\/images.ecestaticos.com\/X6KyDBi87RxfRMHmRshESx1gU7w%3D\/0x0%3A1254x705\/32x18\/filters%3Afill%28white%29%3Aformat%28jpg%29\/f.elconfidencial.com%2Foriginal%2F83b%2F55c%2F82c%2F83b55c82c62f2b01aee7ccc7c73970dd.jpg?w=640&#038;ssl=1\" sizes=\" (min-width: 996px) 640px, (min-width: 768px) 50.65vw, calc(100vw - 32px)\" srcset=\" https:\/\/images.ecestaticos.com\/oL89DR0HMul4v6cYh81cw4orOKc=\/0x0:1254x705\/1440x810\/filters:fill(white):format(jpg)\/f.elconfidencial.com%2Foriginal%2F83b%2F55c%2F82c%2F83b55c82c62f2b01aee7ccc7c73970dd.jpg 1440w, https:\/\/images.ecestaticos.com\/9EWrqNmWvn52ZVanzKd3Gl6KmzA=\/0x0:1254x705\/1200x675\/filters:fill(white):format(jpg)\/f.elconfidencial.com%2Foriginal%2F83b%2F55c%2F82c%2F83b55c82c62f2b01aee7ccc7c73970dd.jpg 1200w, https:\/\/images.ecestaticos.com\/xqdENqzxaAlxMq1t4nMt6wAl_TM=\/0x0:1254x705\/996x560\/filters:fill(white):format(jpg)\/f.elconfidencial.com%2Foriginal%2F83b%2F55c%2F82c%2F83b55c82c62f2b01aee7ccc7c73970dd.jpg 996w, https:\/\/images.ecestaticos.com\/rSMW-ObAGQ4fZAXT-cX-9A4RQ6o=\/0x0:1254x705\/640x360\/filters:fill(white):format(jpg)\/f.elconfidencial.com%2Foriginal%2F83b%2F55c%2F82c%2F83b55c82c62f2b01aee7ccc7c73970dd.jpg 640w, https:\/\/images.ecestaticos.com\/IPM9_mk9GWMdKQecdvC6KZjxy88=\/0x0:1254x705\/390x219\/filters:fill(white):format(jpg)\/f.elconfidencial.com%2Foriginal%2F83b%2F55c%2F82c%2F83b55c82c62f2b01aee7ccc7c73970dd.jpg 390w, https:\/\/images.ecestaticos.com\/Nlt7gqu6dFBiQ47NnIWOwQrocnM=\/0x0:1254x705\/568x320\/filters:fill(white):format(jpg)\/f.elconfidencial.com%2Foriginal%2F83b%2F55c%2F82c%2F83b55c82c62f2b01aee7ccc7c73970dd.jpg 568w, https:\/\/images.ecestaticos.com\/jMxyt9EctVNG2dXtX57Y4KfKe4Q=\/0x0:1254x705\/382x215\/filters:fill(white):format(jpg)\/f.elconfidencial.com%2Foriginal%2F83b%2F55c%2F82c%2F83b55c82c62f2b01aee7ccc7c73970dd.jpg 382w, https:\/\/images.ecestaticos.com\/JP14-pqzC5h8HouQDbgP8xIGxY4=\/0x0:1254x705\/328x185\/filters:fill(white):format(jpg)\/f.elconfidencial.com%2Foriginal%2F83b%2F55c%2F82c%2F83b55c82c62f2b01aee7ccc7c73970dd.jpg 328w\" alt=\"Foto: iStock.\" \/><\/div><figcaption class=\"bodyImage__caption\">Foto: iStock.<\/figcaption><\/figure>\n<p style=\"text-align: justify;\" data-mrf-recirculation=\"links-parrafos\"><strong>\u00bfQu\u00e9 podemos hacer los psiquiatras y los psic\u00f3logos en tales casos?<\/strong> Lo primero es detectar estas inclinaciones y tipificar un diagn\u00f3stico correcto. Despu\u00e9s, contamos con una tetralog\u00eda terap\u00e9utica, que consiste en farmacoterapia (medicaci\u00f3n), psicoterapia (pautas de conducta), socioterapia (relaciones interpersonales) y laborterapia (ocupaci\u00f3n). Nuestra sociedad debe ser m\u00e1s sensible a esta realidad que es el suicidio juvenil y mostrar un rostro m\u00e1s humano, no tan materialista y racional. Superar las heridas del pasado es buena salud mental.<\/p>\n<\/div>\n<\/header>\n<div class=\"landscapePhotoRight__photoSide\">\n<figure style=\"text-align: justify;\"><picture class=\"landscapePhotoRight__imgWrapper lqip\">Por <\/picture>\n<div class=\"authorSignature__item\" style=\"text-align: justify;\"><a class=\"authorSignature__link\" href=\"https:\/\/www.alimente.elconfidencial.com\/autores\/dr-enrique-rojas-4340\/\">Dr. Enrique Rojas <\/a><\/div>\n<picture class=\"landscapePhotoRight__imgWrapper lqip\">\u00a0 <\/picture><figcaption class=\"landscapePhotoRight__caption\">Foto: iStock.<br \/>\nhttps:\/\/www.alimente.elconfidencial.com\/bienestar\/2023-05-07\/epidemia-suicidios-entre-los-jovenes-como-detectar-un-caso_3622646\/<\/figcaption><\/figure>\n<\/div>\n<\/div>\n","protected":false},"excerpt":{"rendered":"<p>Perdidos, sin rumbo, bombardeados por un sinf\u00edn de noticias, tirones, demandas, exigencias\u2026 y cada vez&#8230;<\/p>\n","protected":false},"author":1,"featured_media":61314,"comment_status":"closed","ping_status":"closed","sticky":false,"template":"","format":"standard","meta":{"_coblocks_attr":"","_coblocks_dimensions":"","_coblocks_responsive_height":"","_coblocks_accordion_ie_support":"","jetpack_post_was_ever_published":false,"_jetpack_newsletter_access":"","_jetpack_dont_email_post_to_subs":false,"_jetpack_newsletter_tier_id":0,"_jetpack_memberships_contains_paywalled_content":false,"_jetpack_memberships_contains_paid_content":false,"footnotes":"","jetpack_publicize_message":"","jetpack_publicize_feature_enabled":true,"jetpack_social_post_already_shared":false,"jetpack_social_options":{"image_generator_settings":{"template":"highway","default_image_id":0,"enabled":false},"version":2}},"categories":[1161,44,6937,15,10],"tags":[1608,1604,390,10339],"class_list":["post-61313","post","type-post","status-publish","format-standard","has-post-thumbnail","hentry","category-ciudadania","category-noticias-de-hoy","category-sociedad","category-ultimas-noticias","category-salud","tag-adolescencia","tag-depresion","tag-juventud","tag-sucidios"],"jetpack_publicize_connections":[],"jetpack_featured_media_url":"https:\/\/i0.wp.com\/miradordeatarfe.es\/wp-content\/uploads\/2023\/05\/f.elconfidencial.com_original_7d0_a97_885_7d0a978857d83f64a6c672c0a6eead03.jpg?fit=557%2C418&ssl=1","jetpack_likes_enabled":true,"jetpack_sharing_enabled":true,"_links":{"self":[{"href":"https:\/\/miradordeatarfe.es\/index.php?rest_route=\/wp\/v2\/posts\/61313","targetHints":{"allow":["GET"]}}],"collection":[{"href":"https:\/\/miradordeatarfe.es\/index.php?rest_route=\/wp\/v2\/posts"}],"about":[{"href":"https:\/\/miradordeatarfe.es\/index.php?rest_route=\/wp\/v2\/types\/post"}],"author":[{"embeddable":true,"href":"https:\/\/miradordeatarfe.es\/index.php?rest_route=\/wp\/v2\/users\/1"}],"replies":[{"embeddable":true,"href":"https:\/\/miradordeatarfe.es\/index.php?rest_route=%2Fwp%2Fv2%2Fcomments&post=61313"}],"version-history":[{"count":1,"href":"https:\/\/miradordeatarfe.es\/index.php?rest_route=\/wp\/v2\/posts\/61313\/revisions"}],"predecessor-version":[{"id":61315,"href":"https:\/\/miradordeatarfe.es\/index.php?rest_route=\/wp\/v2\/posts\/61313\/revisions\/61315"}],"wp:featuredmedia":[{"embeddable":true,"href":"https:\/\/miradordeatarfe.es\/index.php?rest_route=\/wp\/v2\/media\/61314"}],"wp:attachment":[{"href":"https:\/\/miradordeatarfe.es\/index.php?rest_route=%2Fwp%2Fv2%2Fmedia&parent=61313"}],"wp:term":[{"taxonomy":"category","embeddable":true,"href":"https:\/\/miradordeatarfe.es\/index.php?rest_route=%2Fwp%2Fv2%2Fcategories&post=61313"},{"taxonomy":"post_tag","embeddable":true,"href":"https:\/\/miradordeatarfe.es\/index.php?rest_route=%2Fwp%2Fv2%2Ftags&post=61313"}],"curies":[{"name":"wp","href":"https:\/\/api.w.org\/{rel}","templated":true}]}}