{"id":61341,"date":"2023-05-12T08:20:35","date_gmt":"2023-05-12T06:20:35","guid":{"rendered":"https:\/\/miradordeatarfe.es\/?p=61341"},"modified":"2023-05-09T13:42:41","modified_gmt":"2023-05-09T11:42:41","slug":"mecenazgo-y-compromiso","status":"publish","type":"post","link":"https:\/\/miradordeatarfe.es\/?p=61341","title":{"rendered":"Mecenazgo y compromiso"},"content":{"rendered":"<h3 style=\"text-align: justify;\">La reforma de la antigua ley de 2002 mejora las condiciones fiscales y los incentivos para las ayudas privadas a la creaci\u00f3n y la ciencia<\/h3>\n<p style=\"text-align: justify;\">Tras sucesivos y numerosos retrasos <a title=\"https:\/\/elpais.com\/cultura\/2023-04-26\/el-congreso-aprueba-la-nueva-ley-de-mecenazgo.html\" href=\"http:\/\/t.newsletter.elpais.com\/r\/?id=h63ff3e78,ba2d29a,4ac76d2\" target=\"_blank\" rel=\"noopener noreferrer\" data-saferedirecturl=\"https:\/\/www.google.com\/url?q=http:\/\/t.newsletter.elpais.com\/r\/?id%3Dh63ff3e78,ba2d29a,4ac76d2&amp;source=gmail&amp;ust=1683462697463000&amp;usg=AOvVaw29bG9KWuln3pycipKVMy-v\"> ha llegado por fin al Congreso la proposici\u00f3n de reforma de la ley de mecenazgo<\/a> que numerosos sectores culturales, art\u00edsticos y cient\u00edficos reclamaban para actualizar el texto vigente desde 2002. Las resistencias que ha tenido que superar la nueva ley (a iniciativa del diputado Sergi Miquel del PdeCat) hasta su aprobaci\u00f3n este mi\u00e9rcoles en la Comisi\u00f3n de Hacienda y Funci\u00f3n P\u00fablica con la \u00fanica abstenci\u00f3n de Vox no han sido solo pol\u00edticas o fiscales sino de fondo hist\u00f3rico. Espa\u00f1a sigue con dificultades para apreciar el valor econ\u00f3mico de la cultura y apenas tiene cultura del mecenazgo como v\u00eda de canalizar y estimular la creaci\u00f3n cultural o la especializaci\u00f3n cient\u00edfica con compensaciones fiscales para donantes y mecenas dispuestos a impulsar la pluralidad de vocaciones con riesgo de verse frustradas por ausencia de mecanismos de apoyo p\u00fablico o estatal. Pese al buen precedente de que en 2018 ya se aprobara una ley de mecenazgo, concretamente en la Comunidad Valenciana, las aportaciones particulares en Espa\u00f1a apenas suponen el 0,1% del PIB, seg\u00fan datos de la Asociaci\u00f3n Espa\u00f1ola de Fundaciones. La cooperaci\u00f3n p\u00fablico-privada es parte de la naturaleza misma de la sociedad contempor\u00e1nea, donde parece tan extravagante que el Estado acapare la integridad de esas funciones como que el Estado quede exento por completo de ellas y entregue \u00edntegramente a la sociedad el est\u00edmulo de las actividades y proyectos que pueden merecer una ayuda particular.<\/p>\n<p style=\"text-align: justify;\"><a title=\"https:\/\/elpais.com\/cultura\/2023-04-21\/la-eterna-promesa-de-una-nueva-ley-de-mecenazgo-al-fin-se-cumple.html\" href=\"http:\/\/t.newsletter.elpais.com\/r\/?id=h63ff3e78,ba2d29a,4ac76d3\" target=\"_blank\" rel=\"noopener noreferrer\" data-saferedirecturl=\"https:\/\/www.google.com\/url?q=http:\/\/t.newsletter.elpais.com\/r\/?id%3Dh63ff3e78,ba2d29a,4ac76d3&amp;source=gmail&amp;ust=1683462697463000&amp;usg=AOvVaw2SUDEowgQhfqwmI15cqNgr\">La nueva ley presenta novedades en la deducci\u00f3n en el IRPF que cubre el micromecenazgo de particulares<\/a>. El tope de 150 euros para poder deducirse un 80% se eleva a 250. A partir de esa cifra, la deducci\u00f3n pasa del 35% actual al 40%. En el caso de las empresas tambi\u00e9n aumentan las ventajas. A la vez, ampl\u00eda el espectro de posibles donaciones a instituciones p\u00fablicas, admite que el mecenazgo se practique sin una aportaci\u00f3n econ\u00f3mica, sino a trav\u00e9s de la prestaci\u00f3n de servicios, y estimula el micromecenazgo como f\u00f3rmula alternativa de apoyo a creadores, m\u00fasicos, deportistas no profesionales o actividades relacionadas con el arte y la cultura.<\/p>\n<p style=\"text-align: justify;\">El mecenazgo es una instituci\u00f3n cultural de car\u00e1cter altruista que en Espa\u00f1a ha carecido tradicionalmente de una regulaci\u00f3n y un apoyo suficientes pese al arraigo que en otras culturas europeas tiene. Es verdad que pa\u00edses como Finlandia figuran en los puestos m\u00e1s altos de mecenazgo de Europa sin una legislaci\u00f3n particularmente activa en incentivos fiscales, pero no parece esa raz\u00f3n suficiente para descartarlos. En numerosos pa\u00edses han sido \u00fatiles para fomentar las donaciones a particulares o empresas como instrumento de revitalizaci\u00f3n y dinamizaci\u00f3n cultural, cient\u00edfica e investigadora de una sociedad dispuesta a no desperdiciar el talento, las buenas ideas y las aptitudes singulares.<\/p>\n<p>EL PAIS<\/p>\n<p>FOTO: DIARIO DE SEVILLA<\/p>\n","protected":false},"excerpt":{"rendered":"<p>La reforma de la antigua ley de 2002 mejora las condiciones fiscales y los incentivos&#8230;<\/p>\n","protected":false},"author":1,"featured_media":61342,"comment_status":"closed","ping_status":"closed","sticky":false,"template":"","format":"standard","meta":{"_coblocks_attr":"","_coblocks_dimensions":"","_coblocks_responsive_height":"","_coblocks_accordion_ie_support":"","jetpack_post_was_ever_published":false,"_jetpack_newsletter_access":"","_jetpack_dont_email_post_to_subs":false,"_jetpack_newsletter_tier_id":0,"_jetpack_memberships_contains_paywalled_content":false,"_jetpack_memberships_contains_paid_content":false,"footnotes":"","jetpack_publicize_message":"","jetpack_publicize_feature_enabled":true,"jetpack_social_post_already_shared":false,"jetpack_social_options":{"image_generator_settings":{"template":"highway","default_image_id":0,"enabled":false},"version":2}},"categories":[1161,44,7671,15],"tags":[3188,10343],"class_list":["post-61341","post","type-post","status-publish","format-standard","has-post-thumbnail","hentry","category-ciudadania","category-noticias-de-hoy","category-politica","category-ultimas-noticias","tag-ley","tag-mecenazgo"],"jetpack_publicize_connections":[],"jetpack_featured_media_url":"https:\/\/i0.wp.com\/miradordeatarfe.es\/wp-content\/uploads\/2023\/05\/images-1.jpeg?fit=300%2C168&ssl=1","jetpack_likes_enabled":true,"jetpack_sharing_enabled":true,"_links":{"self":[{"href":"https:\/\/miradordeatarfe.es\/index.php?rest_route=\/wp\/v2\/posts\/61341","targetHints":{"allow":["GET"]}}],"collection":[{"href":"https:\/\/miradordeatarfe.es\/index.php?rest_route=\/wp\/v2\/posts"}],"about":[{"href":"https:\/\/miradordeatarfe.es\/index.php?rest_route=\/wp\/v2\/types\/post"}],"author":[{"embeddable":true,"href":"https:\/\/miradordeatarfe.es\/index.php?rest_route=\/wp\/v2\/users\/1"}],"replies":[{"embeddable":true,"href":"https:\/\/miradordeatarfe.es\/index.php?rest_route=%2Fwp%2Fv2%2Fcomments&post=61341"}],"version-history":[{"count":1,"href":"https:\/\/miradordeatarfe.es\/index.php?rest_route=\/wp\/v2\/posts\/61341\/revisions"}],"predecessor-version":[{"id":61343,"href":"https:\/\/miradordeatarfe.es\/index.php?rest_route=\/wp\/v2\/posts\/61341\/revisions\/61343"}],"wp:featuredmedia":[{"embeddable":true,"href":"https:\/\/miradordeatarfe.es\/index.php?rest_route=\/wp\/v2\/media\/61342"}],"wp:attachment":[{"href":"https:\/\/miradordeatarfe.es\/index.php?rest_route=%2Fwp%2Fv2%2Fmedia&parent=61341"}],"wp:term":[{"taxonomy":"category","embeddable":true,"href":"https:\/\/miradordeatarfe.es\/index.php?rest_route=%2Fwp%2Fv2%2Fcategories&post=61341"},{"taxonomy":"post_tag","embeddable":true,"href":"https:\/\/miradordeatarfe.es\/index.php?rest_route=%2Fwp%2Fv2%2Ftags&post=61341"}],"curies":[{"name":"wp","href":"https:\/\/api.w.org\/{rel}","templated":true}]}}