{"id":61347,"date":"2023-05-12T11:41:17","date_gmt":"2023-05-12T09:41:17","guid":{"rendered":"https:\/\/miradordeatarfe.es\/?p=61347"},"modified":"2024-01-31T12:51:12","modified_gmt":"2024-01-31T11:51:12","slug":"actuaciones-en-el-entorno-de-los-tres-juanes-por-jose-enrique-granados","status":"publish","type":"post","link":"https:\/\/miradordeatarfe.es\/?p=61347","title":{"rendered":"\u00bb ACTUACIONES EN EL ENTORNO DE LOS TRES JUANES\u00bb por Jos\u00e9 Enrique Granados"},"content":{"rendered":"<div class=\"\" dir=\"auto\">\n<div id=\":rj9:\" class=\"x1iorvi4 x1pi30zi x1l90r2v x1swvt13\" data-ad-comet-preview=\"message\" data-ad-preview=\"message\">\n<div class=\"x78zum5 xdt5ytf xz62fqu x16ldp7u\">\n<div class=\"xu06os2 x1ok221b\">\n<div class=\"xdj266r x11i5rnm xat24cr x1mh8g0r x1vvkbs x126k92a\">\n<h3 dir=\"auto\" style=\"text-align: justify;\">Aprovechando esta bonita acuarela que nos env\u00eda mi amigo Jos\u00e9 Miguel Calleja Cort\u00e9s, traigo a colaci\u00f3n algunas de las cuestiones tratadas en el pleno municipal ordinario celebrado el 20 de mayo de 1994, relacionadas con obras y actuaciones en el entorno de los Tres Juanes.<\/h3>\n<div dir=\"auto\" style=\"text-align: justify;\">\u00a0<\/div>\n<\/div>\n<div class=\"x11i5rnm xat24cr x1mh8g0r x1vvkbs xtlvy1s x126k92a\" style=\"text-align: justify;\">\n<div dir=\"auto\">En el punto tercero, se trat\u00f3 la solicitud a la Consejer\u00eda de Econom\u00eda y Hacienda para la promoci\u00f3n y desarrollo de un parque recreativo en Sierra Elvira. Para ello transcribimos literales las actas de dicho pleno:<\/div>\n<div dir=\"auto\">\u00a0<\/div>\n<\/div>\n<div class=\"x11i5rnm xat24cr x1mh8g0r x1vvkbs xtlvy1s x126k92a\" style=\"text-align: justify;\">\n<div dir=\"auto\">&lt;&lt;Toma la palabra el Sr. Arias Paiz por el Grupo Independiente quien, en su calidad de Concejal del \u00c1rea de Fomento, hace la presentaci\u00f3n del proyecto de Restauraci\u00f3n Integral del Parque Recreativo de Sierra Elvira.<\/div>\n<\/div>\n<div class=\"x11i5rnm xat24cr x1mh8g0r x1vvkbs xtlvy1s x126k92a\" style=\"text-align: justify;\">\n<div dir=\"auto\">Parte de una propuesta de la Corporaci\u00f3n Municipal de Atarfe, principalmente de su Alcald\u00eda, para el aprovechamiento racional del territorio del Monte P\u00fablico en Sierra Elvira, del que es titular este Ayuntamiento.<\/div>\n<\/div>\n<div class=\"x11i5rnm xat24cr x1mh8g0r x1vvkbs xtlvy1s x126k92a\" style=\"text-align: justify;\">\n<div dir=\"auto\">La idea es aprovechar sus recursos para:<\/div>\n<\/div>\n<div class=\"x11i5rnm xat24cr x1mh8g0r x1vvkbs xtlvy1s x126k92a\" style=\"text-align: justify;\">\n<div dir=\"auto\">Crear un \u00e1rea de recreo m\u00faltiple, de influencia provincial que genere una base de actividades para crear empleo, y desarrollar la econom\u00eda de la zona.<\/div>\n<\/div>\n<div class=\"x11i5rnm xat24cr x1mh8g0r x1vvkbs xtlvy1s x126k92a\" style=\"text-align: justify;\">\n<div dir=\"auto\">As\u00ed pues, este proyecto, acompa\u00f1a a la construcci\u00f3n de la Ermita los 3 Juanes, Restauraci\u00f3n del espacio natural del Monte, recuperaci\u00f3n de las canteras, incluy\u00e9ndose la apertura de caminos de acceso, que hasta ahora resultaban dif\u00edciles.<\/div>\n<div dir=\"auto\">\u00a0<\/div>\n<\/div>\n<div class=\"x11i5rnm xat24cr x1mh8g0r x1vvkbs xtlvy1s x126k92a\" style=\"text-align: justify;\">\n<div dir=\"auto\">La promoci\u00f3n de este proyecto, asumida por la Corporaci\u00f3n Municipal, ha tenido por parte de la Diputaci\u00f3n buena acogida, por lo que aporta al mismo, su apoyo t\u00e9cnico en la redacci\u00f3n del proyecto, que en resumen general consiste en disponer de una extensi\u00f3n del Monte P\u00fablico catalogado en el Plan Especial de Protecci\u00f3n del Medio F\u00edsico, en categor\u00eda 3\u00aa de Protecci\u00f3n cautelar.<\/div>\n<div dir=\"auto\">\u00a0<\/div>\n<\/div>\n<div class=\"x11i5rnm xat24cr x1mh8g0r x1vvkbs xtlvy1s x126k92a\" style=\"text-align: justify;\">\n<div dir=\"auto\">Esta extensi\u00f3n de terreno, que se eleva sobre la llanura de la Vega, como Atalaya natural al borde de Sierra Elvira, contiene singularidades naturales tales como:<\/div>\n<\/div>\n<div class=\"x11i5rnm xat24cr x1mh8g0r x1vvkbs xtlvy1s x126k92a\" style=\"text-align: justify;\">\n<div dir=\"auto\">&#8211; La ya mencionada y conocida Ermita de los 3 Juanes.<\/div>\n<div dir=\"auto\">&#8211; Vista panor\u00e1mica de la Vega del Genil, Granada y Sierra Nevada.<\/div>\n<div dir=\"auto\">&#8211; Domina visualmente m\u00e1s de 40 localidades.<\/div>\n<div dir=\"auto\">&#8211; Extensa masa arb\u00f3rea de plantas aut\u00f3ctonas.<\/div>\n<div dir=\"auto\">&#8211; Dispone de orograf\u00edas distintas apropiadas a multitud de actividades.<\/div>\n<div dir=\"auto\">&#8211; Fauna natural de alto nivel.<\/div>\n<div dir=\"auto\">&#8211; Subbases de extracciones arqueol\u00f3gicas.<\/div>\n<div dir=\"auto\">&#8211; Canteras de origen romano a\u00fan en explotaci\u00f3n, etc.<\/div>\n<div dir=\"auto\">&#8211; Todo ello con f\u00e1ciles comunicaciones con la capital y pueblos lim\u00edtrofes, como asimismo la Autov\u00eda A-92, lo que ser\u00eda perfectamente asumible al Mercado tur\u00edstico, local, comarcal, regional y hasta nacional.<\/div>\n<div dir=\"auto\">\u00a0<\/div>\n<\/div>\n<div class=\"x11i5rnm xat24cr x1mh8g0r x1vvkbs xtlvy1s x126k92a\" style=\"text-align: justify;\">\n<div dir=\"auto\">Por todo ello, el mantenimiento, conservaci\u00f3n y aprovechamiento de esto medios naturales, adem\u00e1s de una generaci\u00f3n de empleo, tambi\u00e9n dar\u00eda a conocer de forma total nuestro pueblo. Y en su faceta de Vega y Monte.<\/div>\n<div dir=\"auto\">La situaci\u00f3n estrat\u00e9gica, dentro de nuestra comarca y de nuestra provincia, har\u00eda que las Actividades L\u00fadicas y deportivas de toda la zona, y el turismo que atrae Granada, se complementar\u00e1n con lo que ofrezcamos en nuestro pueblo, de forma tan diferente como natural, lo hace que se justifique el proyecto de nuestro Parque Recreativo Sierra Elvira.<\/div>\n<div dir=\"auto\">\u00a0<\/div>\n<\/div>\n<div class=\"x11i5rnm xat24cr x1mh8g0r x1vvkbs xtlvy1s x126k92a\" style=\"text-align: justify;\">\n<div dir=\"auto\">Pues como en Granada capital, el cintur\u00f3n de la misma y la provincia, carecen de espacios p\u00fablicos de estas caracter\u00edsticas, nosotros en Atarfe al ofrecer todo lo necesario para llevarlo a cabo, nos beneficiar\u00edamos no solo en lo econ\u00f3mico, sino en general haciendo de nuestro pueblo, un Centro de turismo, recreativo y deportivo, de una maravillosa presentaci\u00f3n y que contar\u00eda con la aceptaci\u00f3n de todos los granadinos y andaluces en general.<\/div>\n<\/div>\n<div class=\"x11i5rnm xat24cr x1mh8g0r x1vvkbs xtlvy1s x126k92a\" style=\"text-align: justify;\">\n<div dir=\"auto\">En este proyecto vamos a contar con:<\/div>\n<div dir=\"auto\">&#8211; Zonas para descanso.<\/div>\n<div dir=\"auto\">&#8211; Senderismo<\/div>\n<div dir=\"auto\">&#8211; Escuela de Equitaci\u00f3n.<\/div>\n<div dir=\"auto\">&#8211; Zonas de observaci\u00f3n de fauna y flora.<\/div>\n<div dir=\"auto\">&#8211; Grutas ecol\u00f3gicas.<\/div>\n<div dir=\"auto\">&#8211; Escuela Ecol\u00f3gica.<\/div>\n<div dir=\"auto\">&#8211; Escuela Rural.<\/div>\n<div dir=\"auto\">&#8211; Escuela de t\u00e9cnicas al aire libre.<\/div>\n<div dir=\"auto\">&#8211; Toboganes naturales de deslizamiento.<\/div>\n<div dir=\"auto\">&#8211; Taller de pintura del paisaje y naturaleza.<\/div>\n<div dir=\"auto\">&#8211; Museo de la Cantera.<\/div>\n<div dir=\"auto\">&#8211; \u00c1rea social con restaurante, cafeter\u00eda, sal\u00f3n social, etc.<\/div>\n<div dir=\"auto\">&#8211; Piscina Termal cubierta, descubierta entre parlamentos cantera.<\/div>\n<div dir=\"auto\">&#8211; Zona de camping-<\/div>\n<div dir=\"auto\">&#8211; Complejo diseminado alojamientos rurales.<\/div>\n<div dir=\"auto\">&#8211; Guarder\u00eda infantil.<\/div>\n<div dir=\"auto\">&#8211; Centro de atenci\u00f3n a mayores.<\/div>\n<div dir=\"auto\">&#8211; Zonas deportivas- bicicletas, motocross, equitaci\u00f3n, marcha.<\/div>\n<div dir=\"auto\">&#8211; Zonas de atracciones diversas, etc.<\/div>\n<\/div>\n<div class=\"x11i5rnm xat24cr x1mh8g0r x1vvkbs xtlvy1s x126k92a\" style=\"text-align: justify;\">\n<div dir=\"auto\">Todo ello con su correspondiente dotaci\u00f3n general de agua-electricidad, seguridad y mantenimiento con sus correspondientes viales y paseos.<\/div>\n<div dir=\"auto\">\u00a0<\/div>\n<div dir=\"auto\">\u00bfQu\u00e9 puede suponer todo lo expuesto en: beneficios econ\u00f3micos y sobre todo empleo?<\/div>\n<\/div>\n<div class=\"x11i5rnm xat24cr x1mh8g0r x1vvkbs xtlvy1s x126k92a\" style=\"text-align: justify;\">\n<div dir=\"auto\">Pues qu\u00e9 duda cabe que el impulso para el pueblo ser\u00e1 important\u00edsimo, tanto econ\u00f3mico, como de trabajo y conocimiento de nuestro pueblo y nuestra tierra, pero sobre todo de nuestra Sierra.<\/div>\n<\/div>\n<div class=\"x11i5rnm xat24cr x1mh8g0r x1vvkbs xtlvy1s x126k92a\" style=\"text-align: justify;\">\n<div dir=\"auto\">Todas las edificaciones deber\u00e1n ser de piedra y madera con casas bajas tipo cortijo.<\/div>\n<\/div>\n<div class=\"x11i5rnm xat24cr x1mh8g0r x1vvkbs xtlvy1s x126k92a\" style=\"text-align: justify;\">\n<div dir=\"auto\">Todo ello acomodado a la orograf\u00eda, y procurando pasar inadvertido en el Paisaje.<\/div>\n<\/div>\n<div class=\"x11i5rnm xat24cr x1mh8g0r x1vvkbs xtlvy1s x126k92a\" style=\"text-align: justify;\">\n<div dir=\"auto\">Como ven se presenta un ambicioso proyecto que requiere una inversi\u00f3n pr\u00f3xima a los dos mil millones, a conseguir realizar por sus fases correspondientes, dada la importancia del mismo. Lo que har\u00eda que Atarfe consiguiera una solidez muy importante en su conjunto, de Econom\u00eda, trabajo, y conocimiento exterior.<\/div>\n<\/div>\n<div class=\"x11i5rnm xat24cr x1mh8g0r x1vvkbs xtlvy1s x126k92a\" style=\"text-align: justify;\">\n<div dir=\"auto\">Contamos con la iniciativa privada, para llevar a cabo la consecuci\u00f3n del parque recreativo Sierra Elvira eso significa que el proyecto interesa y atrae a m\u00e1s de una empresa, o sea que se cree en \u00e9l. L\u00f3gicamente el control general, ser\u00e1 siempre del Ayuntamiento.<\/div>\n<div dir=\"auto\">\u00a0<\/div>\n<\/div>\n<div class=\"x11i5rnm xat24cr x1mh8g0r x1vvkbs xtlvy1s x126k92a\" style=\"text-align: justify;\">\n<div dir=\"auto\">Pero lo l\u00f3gico es que el mayor esfuerzo lo asuma la Junta de Andaluc\u00eda, dentro de los programas Europeos y con la aceptaci\u00f3n y respaldo de la Consejer\u00eda de Econom\u00eda y Hacienda, y es por ello por lo que se solicita al Pleno, el voto afirmativo de la propuesta a dicha Consejer\u00eda.<\/div>\n<\/div>\n<div class=\"x11i5rnm xat24cr x1mh8g0r x1vvkbs xtlvy1s x126k92a\" style=\"text-align: justify;\">\n<div dir=\"auto\">Por todo lo expuesto, y teniendo la seguridad de lo que supondr\u00eda para nuestro Pueblo, en lanzamiento tur\u00edstico, en puestos de trabajo, en ingresos, y en la conservaci\u00f3n de nuestra Sierra y sus entornos, pedimos la votaci\u00f3n afirmativa al Proyecto Parque Recreativo Sierra Elvira.<\/div>\n<div dir=\"auto\">\u00a0<\/div>\n<\/div>\n<div class=\"x11i5rnm xat24cr x1mh8g0r x1vvkbs xtlvy1s x126k92a\" style=\"text-align: justify;\">\n<div dir=\"auto\">Concedida la palabra al portavoz de IU-CA, Sr. Rivera expone que su grupo est\u00e1 de acuerdo con el proyecto, y agradece que se haya realizado en nombre de la Corporaci\u00f3n, a la vez que solicita, que se pida a los municipios lim\u00edtrofes, que se manifiesten en este sentido.<\/div>\n<div dir=\"auto\">\u00a0<\/div>\n<\/div>\n<div class=\"x11i5rnm xat24cr x1mh8g0r x1vvkbs xtlvy1s x126k92a\" style=\"text-align: justify;\">\n<div dir=\"auto\">Por el Partido Popular, el Sr. Lorca dice que quiere comenzar su intervenci\u00f3n, con una felicitaci\u00f3n por la participaci\u00f3n pol\u00edtica que ha conllevado la celebraci\u00f3n del pleno. Contin\u00faa diciendo, que estamos ante un gran proyecto, cuya importancia, hubiese hecho necesaria, la convocatoria de una sesi\u00f3n extraordinaria, para su debate. Propone al equipo de gobierno, la convocatoria de unas jornadas, para dar a conocer a los empresarios y dem\u00e1s personas, el proyecto en cuesti\u00f3n. Asimismo, propone tambi\u00e9n que la Escuela Taller Sierra Elvira III, se conecte con este proyecto, ya que ser\u00eda vital para \u00e9sta. Termina haciendo constar que es necesario elevar el proyecto que hoy se trae a Pleno, al Parlamento Andaluz y al Parlamento Europeo.<\/div>\n<div dir=\"auto\">\u00a0<\/div>\n<\/div>\n<div class=\"x11i5rnm xat24cr x1mh8g0r x1vvkbs xtlvy1s x126k92a\" style=\"text-align: justify;\">\n<div dir=\"auto\">Toma la palabra la Sra. Morente de UPAN, para hacer constar su voto favorable a la propuesta y para solicita que se hagan a los municipios de alrededor, copart\u00edcipes en el mismo, dada la envergadura de la empresa a realizar.<\/div>\n<\/div>\n<div class=\"x11i5rnm xat24cr x1mh8g0r x1vvkbs xtlvy1s x126k92a\" style=\"text-align: justify;\">\n<div dir=\"auto\">A continuaci\u00f3n, el Sr. Rold\u00e1n por IU-CA, dice que existe un proyecto denominado Plan de Desarrollo Rural, que incluye actividades de esta envergadura.<\/div>\n<div dir=\"auto\">\u00a0<\/div>\n<\/div>\n<div class=\"x11i5rnm xat24cr x1mh8g0r x1vvkbs xtlvy1s x126k92a\" style=\"text-align: justify;\">\n<div dir=\"auto\">Acto seguido interviene el Sr. Alcalde, y dice que todas las instituciones coinciden, en que el entorno natural de que se trata tiene unas posibilidades \u00fanicas. Prosigue haciendo constar que hac\u00eda falta un motor de desarrollo para potenciar la industria atarfe\u00f1a, el proyecto ir\u00eda enmarcado dentro del Plan de Desarrollo Rural, si bien dice que lo que hoy se trae a la sesi\u00f3n, es un simple anteproyecto con una cuantificaci\u00f3n aproximada, y es imprescindible que se realicen acciones en distintas fases, dentro de las posibilidades econ\u00f3micas de la Corporaci\u00f3n y de las subvenciones enclavadas en los distintos programas. Concluye, el Sr. Alcalde, diciendo que este proyecto necesita de una actuaci\u00f3n conjunta con los municipios de Albolote y Pinos Puente.<\/div>\n<\/div>\n<div class=\"x11i5rnm xat24cr x1mh8g0r x1vvkbs xtlvy1s x126k92a\" style=\"text-align: justify;\">\n<div dir=\"auto\">Sometida la propuesta a votaci\u00f3n se aprueba por unanimidad&gt;&gt;.<\/div>\n<div dir=\"auto\">\u00a0<\/div>\n<\/div>\n<div class=\"x11i5rnm xat24cr x1mh8g0r x1vvkbs xtlvy1s x126k92a\">\n<div dir=\"auto\" style=\"text-align: justify;\"><strong>Gacetilla y curiosidades elvirenses.<\/strong><\/div>\n<\/div>\n<\/div>\n<\/div>\n<\/div>\n<\/div>\n","protected":false},"excerpt":{"rendered":"<p>Aprovechando esta bonita acuarela que nos env\u00eda mi amigo Jos\u00e9 Miguel Calleja Cort\u00e9s, traigo a&#8230;<\/p>\n","protected":false},"author":1,"featured_media":61349,"comment_status":"closed","ping_status":"closed","sticky":false,"template":"","format":"standard","meta":{"_coblocks_attr":"","_coblocks_dimensions":"","_coblocks_responsive_height":"","_coblocks_accordion_ie_support":"","jetpack_post_was_ever_published":false,"_jetpack_newsletter_access":"","_jetpack_dont_email_post_to_subs":false,"_jetpack_newsletter_tier_id":0,"_jetpack_memberships_contains_paywalled_content":false,"_jetpack_memberships_contains_paid_content":false,"footnotes":"","jetpack_publicize_message":"","jetpack_publicize_feature_enabled":true,"jetpack_social_post_already_shared":false,"jetpack_social_options":{"image_generator_settings":{"template":"highway","default_image_id":0,"enabled":false},"version":2}},"categories":[12,6916,1225,38],"tags":[10344,4552],"class_list":["post-61347","post","type-post","status-publish","format-standard","has-post-thumbnail","hentry","category-cultura","category-ayuntamiento-de-atarfe","category-ha-de-atarfe","category-opinion-de-jose-enrique-granados","tag-entorno-de-los-tres-juanes","tag-obras-y-servicios"],"jetpack_publicize_connections":[],"jetpack_featured_media_url":"https:\/\/i0.wp.com\/miradordeatarfe.es\/wp-content\/uploads\/2023\/05\/TRES-JUANES.jpg?fit=1054%2C540&ssl=1","jetpack_likes_enabled":true,"jetpack_sharing_enabled":true,"_links":{"self":[{"href":"https:\/\/miradordeatarfe.es\/index.php?rest_route=\/wp\/v2\/posts\/61347","targetHints":{"allow":["GET"]}}],"collection":[{"href":"https:\/\/miradordeatarfe.es\/index.php?rest_route=\/wp\/v2\/posts"}],"about":[{"href":"https:\/\/miradordeatarfe.es\/index.php?rest_route=\/wp\/v2\/types\/post"}],"author":[{"embeddable":true,"href":"https:\/\/miradordeatarfe.es\/index.php?rest_route=\/wp\/v2\/users\/1"}],"replies":[{"embeddable":true,"href":"https:\/\/miradordeatarfe.es\/index.php?rest_route=%2Fwp%2Fv2%2Fcomments&post=61347"}],"version-history":[{"count":1,"href":"https:\/\/miradordeatarfe.es\/index.php?rest_route=\/wp\/v2\/posts\/61347\/revisions"}],"predecessor-version":[{"id":61350,"href":"https:\/\/miradordeatarfe.es\/index.php?rest_route=\/wp\/v2\/posts\/61347\/revisions\/61350"}],"wp:featuredmedia":[{"embeddable":true,"href":"https:\/\/miradordeatarfe.es\/index.php?rest_route=\/wp\/v2\/media\/61349"}],"wp:attachment":[{"href":"https:\/\/miradordeatarfe.es\/index.php?rest_route=%2Fwp%2Fv2%2Fmedia&parent=61347"}],"wp:term":[{"taxonomy":"category","embeddable":true,"href":"https:\/\/miradordeatarfe.es\/index.php?rest_route=%2Fwp%2Fv2%2Fcategories&post=61347"},{"taxonomy":"post_tag","embeddable":true,"href":"https:\/\/miradordeatarfe.es\/index.php?rest_route=%2Fwp%2Fv2%2Ftags&post=61347"}],"curies":[{"name":"wp","href":"https:\/\/api.w.org\/{rel}","templated":true}]}}