{"id":61378,"date":"2023-05-10T08:00:11","date_gmt":"2023-05-10T06:00:11","guid":{"rendered":"https:\/\/miradordeatarfe.es\/?p=61378"},"modified":"2023-10-23T13:55:44","modified_gmt":"2023-10-23T11:55:44","slug":"la-instalacion-de-placas-solares-se-triplica-en-el-ultimo-ano-en-granada","status":"publish","type":"post","link":"https:\/\/miradordeatarfe.es\/?p=61378","title":{"rendered":"La instalaci\u00f3n de placas solares se triplica en el \u00faltimo a\u00f1o en Granada"},"content":{"rendered":"<h3 class=\"v-a-sub-t\" style=\"text-align: justify;\">Las empresas perciben que el ritmo se est\u00e1 frenando en este 2023 por la inflaci\u00f3n y la subida de los tipos de inter\u00e9s<\/h3>\n<p class=\"v-p\" style=\"text-align: justify;\">En los tejados de urbanizaciones granadinas como Los Altos de La Zubia ya se ven m\u00e1s placas solares que tejas, una gr\u00e1fica imagen que resume hasta qu\u00e9 punto est\u00e1n creciendo estas instalaciones que permiten ahorrar entre el 30% y el 60% del consumo el\u00e9ctrico en las viviendas. La escalada del precio de la luz que empuj\u00f3 a negocios y familias a buscar soluciones para rebajar la factura y el impulso de las administraciones a trav\u00e9s de l\u00edneas de ayudas hizo que el pasado 2022 marcara un aut\u00e9ntico hito en la instalaci\u00f3n de placas solares, que se triplicaron en la provincia.<\/p>\n<p class=\"v-p\" style=\"text-align: justify;\">Seg\u00fan los datos de la consejer\u00eda de Pol\u00edtica Industrial y Energ\u00eda del Gobierno andaluz, Granada tiene ya m\u00e1s de 11.000 instalaciones de autoconsumo fotovoltaico de menos de 100 kW (para hogares y peque\u00f1os negocios). Una cifra que convierte a Granada en la tercera provincia, tras Sevilla y M\u00e1laga, con mayor n\u00famero de instalaciones y potencia fotovoltaica en autoconsumo.<\/p>\n<div class=\"v-c-cmp v-c-cmp--ab-sm v-bdr-b\" style=\"text-align: justify;\">\n<div class=\"v-d-cmp-rld v-d-cmp-rld--2 \">\n<header class=\"v-cnt-m v-cnt-m--xs\">\n<div class=\"v-cnt-m__h\">\n<p class=\"v-cnt-m__t\">La evoluci\u00f3n en la provincia de Granada ha corrido paralela a la regional, con un gran despegue de estas instalaciones ra\u00edz de la entrada en vigor de la nueva normativa del a\u00f1o 2020, que regul\u00f3 las condiciones del autoconsumo incorporando la posibilidad de que se compensaran los excedentes de las plantas de autoconsumo el\u00e9ctrico.<\/p>\n<\/div>\n<\/header>\n<\/div>\n<\/div>\n<p class=\"v-p\" style=\"text-align: justify;\">As\u00ed, mientras que 2019 la consejer\u00eda legaliz\u00f3 115 instalaciones de autoconsumo fotovoltaico, en 2020 se pusieron en marcha 1.006 plantas y en 2021, el ritmo se dobl\u00f3, con un total de 2.380 nuevas instalaciones.<\/p>\n<div class=\"v-c-cmp v-c-cmp--f v-bdr-b-m\" style=\"text-align: justify;\">\n<div class=\"v-d-cmp-fn\">\n<div class=\"v-d-cmp-fn__c\">\n<h3 class=\"v-d-cmp-fn__t\"><span class=\"v-d-cmp-fn__t-n\">7.935<\/span> La cifra Nuevas instalaciones de autoconsumo fotovoltaico se colocaron en Granada en 2022, el triple que el a\u00f1o anterior<\/h3>\n<\/div>\n<\/div>\n<\/div>\n<p class=\"v-p\" style=\"text-align: justify;\">Pero el a\u00f1o r\u00e9cord para el desarrollo de esta tecnolog\u00eda fue el pasado 2022, en el que Granada sum\u00f3 7.935 nuevas plantas de autoconsumo, triplicando a las del a\u00f1o anterior. O lo que es lo mismo, las placas en los tejados crecieron a un ritmo de 22 nuevas instalaciones al d\u00eda. \u00abEsto ha sido posible gracias al propio sector y al impulso que el Gobierno andaluz est\u00e1 llevando a cabo para contribuir al desarrollo del autoconsumo desde diferentes \u00e1mbitos, entre los que se encuentran las ayudas a la financiaci\u00f3n de este tipo de instalaciones o la simplificaci\u00f3n administrativa\u00bb, se\u00f1alan desde la consejer\u00eda.<\/p>\n<p class=\"v-p\" style=\"text-align: justify;\">Los incentivos que gestiona la Junta y se financian con fondos europeos Next Generation, dentro del Plan de Recuperaci\u00f3n, Transformaci\u00f3n y Resiliencia y gestionados por las comunidades aut\u00f3nomas, han repartido 20 millones de euros en la provincia. M\u00e1s de 3.000 granadinos han solicitado estas subvenciones para instalar equipos de autoconsumo de energ\u00edas renovables con una inversi\u00f3n total de 70,4 millones de euros.<\/p>\n<p class=\"v-p\" style=\"text-align: justify;\">La demanda de las ayudas, que se tramitan por parte de las propias empresas instaladoras y se otorgan en orden de solicitud, sin tener en cuenta otros criterios como la renta, ha sido tan alta en toda Andaluc\u00eda que pese a las sucesivas ampliaciones de presupuesto la mayor\u00eda de las l\u00edneas est\u00e1n agotadas en estos momentos. No obstante, la ventanilla virtual sigue abierta y los solicitantes entran en una lista de espera.<\/p>\n<div class=\"v-c-cmp v-n-mrg\" style=\"text-align: justify;\">\n<h3 class=\"v-d-cmp-sub-hl\">Como el aire acondicionado<\/h3>\n<\/div>\n<p class=\"v-p\" style=\"text-align: justify;\">Las instalaciones, que se amortizan en un plazo de entre cuatro y siete a\u00f1os mientras tienen una vida \u00fatil de 25 a\u00f1os, son rentables por s\u00ed solas, por lo que cada vez m\u00e1s granadinos las compran sin ayudas, seg\u00fan perciben en el sector. \u00abHa habido tal avalancha de solicitudes que no son din\u00e1micas\u00bb, valora el presidente de la Asociaci\u00f3n de Instaladores el\u00e9ctricos de Granada, Juan Manuel Plata.<\/p>\n<p class=\"v-p\" style=\"text-align: justify;\">El empresario, que dirige Montajes El\u00e9ctricos Hermanos Plata de Og\u00edjares, subraya que el sector tiene por delante muchos a\u00f1os de crecimiento y superar\u00e1 los objetivos de autoconsumo fijados en la hoja de ruta del Ministerio de Transici\u00f3n Ecol\u00f3gica y Reto Demogr\u00e1fico mucho antes de la fecha marcada, por lo que cree que es necesario marcar nuevas metas.<\/p>\n<p class=\"v-p\" style=\"text-align: justify;\">Eso s\u00ed, lo que perciben los profesionales en este primer trimestre es un freno en el ritmo de crecimiento, que el pasado a\u00f1o fue absolutamente fren\u00e9tico, hasta el punto de que las empresas no daban abasto para dar presupuestos. La menor capacidad de consumo en un contexto de inflaci\u00f3n y el encarecimiento de la financiaci\u00f3n por la subida de los tipos de inter\u00e9s est\u00e1 haciendo que la gente se est\u00e9 pensando m\u00e1s la inversi\u00f3n inicial, en opini\u00f3n del empresario Rafael Molino, de Solar Europe. Un freno que ni siquiera ven negativo, ya que les permite seguir creciendo de forma ordenada.<\/p>\n<p class=\"v-p\" style=\"text-align: justify;\">\u00abEl a\u00f1o pasado en Solar Europe triplicamos la cifra de negocio y este a\u00f1o la doblaremos\u00bb, vaticina. \u00abEl sector va a mantener un ritmo de crecimiento positivo que durar\u00e1 muchos a\u00f1os. Las placas solares han venido para quedarse, habr\u00e1 ejercicios en los que se monten m\u00e1s o menos, pero esto ser\u00e1 como el aire acondicionado, todos los hogares acabar\u00e1n teni\u00e9ndolas\u00bb, concluye.<\/p>\n<p><a href=\"https:\/\/www.ideal.es\/autor\/mercedes-navarrete-434.html\"><strong>Mercedes Navarrete<\/strong> <\/a><\/p>\n<article class=\"v-a v-a--d v-a--d-bs v-a--p-b\">\n<div class=\"v-a-img-c v-a-img-c--fw-xs\">\n<figure class=\"v-a-fig\"><figcaption class=\"v-fc\"><span class=\"v-fc__text\">FOTO: Las placas solares proliferan en los chal\u00e9s de La Zubia.<\/span> <span class=\"v-fc__ath\">Ram\u00f3n L. P\u00e9rez<\/span><\/figcaption><\/figure>\n<\/div>\n<div class=\"v-a-info-c \">\n<p>https:\/\/www.ideal.es\/granada\/instalacion-placas-solares-triplica-ultimo-ano-granada-20230509000322-nt.html<\/p>\n<\/div>\n<\/article>\n<div class=\"v-d v-d--ab-c v-d--bs\">\n<div class=\"v-mdl-ath\" data-voc-component=\"viewport-not-visible\">\n<div class=\"v-mdl-ath__c v-mdl-ath__c--1\">\n<div class=\"v-mdl-ath__info\">\n<p class=\"v-mdl-ath__p v-mdl-ath__p--name\">\u00a0<\/p>\n<\/div>\n<\/div>\n<\/div>\n<\/div>\n","protected":false},"excerpt":{"rendered":"<p>Las empresas perciben que el ritmo se est\u00e1 frenando en este 2023 por la inflaci\u00f3n&#8230;<\/p>\n","protected":false},"author":1,"featured_media":61379,"comment_status":"closed","ping_status":"closed","sticky":false,"template":"","format":"standard","meta":{"_coblocks_attr":"","_coblocks_dimensions":"","_coblocks_responsive_height":"","_coblocks_accordion_ie_support":"","jetpack_post_was_ever_published":false,"_jetpack_newsletter_access":"","_jetpack_dont_email_post_to_subs":false,"_jetpack_newsletter_tier_id":0,"_jetpack_memberships_contains_paywalled_content":false,"_jetpack_memberships_contains_paid_content":false,"footnotes":"","jetpack_publicize_message":"","jetpack_publicize_feature_enabled":true,"jetpack_social_post_already_shared":false,"jetpack_social_options":{"image_generator_settings":{"template":"highway","default_image_id":0,"enabled":false},"version":2}},"categories":[7725,10781,10],"tags":[4498,100,10349,8338],"class_list":["post-61378","post","type-post","status-publish","format-standard","has-post-thumbnail","hentry","category-atarfe-sostenible","category-granada","category-salud","tag-energia-electrica","tag-energia-solar","tag-factura-de-la-luz-next-generation","tag-placas-solares"],"jetpack_publicize_connections":[],"jetpack_featured_media_url":"https:\/\/i0.wp.com\/miradordeatarfe.es\/wp-content\/uploads\/2023\/05\/placas-solares-758x531-1.jpg?fit=758%2C505&ssl=1","jetpack_likes_enabled":true,"jetpack_sharing_enabled":true,"_links":{"self":[{"href":"https:\/\/miradordeatarfe.es\/index.php?rest_route=\/wp\/v2\/posts\/61378","targetHints":{"allow":["GET"]}}],"collection":[{"href":"https:\/\/miradordeatarfe.es\/index.php?rest_route=\/wp\/v2\/posts"}],"about":[{"href":"https:\/\/miradordeatarfe.es\/index.php?rest_route=\/wp\/v2\/types\/post"}],"author":[{"embeddable":true,"href":"https:\/\/miradordeatarfe.es\/index.php?rest_route=\/wp\/v2\/users\/1"}],"replies":[{"embeddable":true,"href":"https:\/\/miradordeatarfe.es\/index.php?rest_route=%2Fwp%2Fv2%2Fcomments&post=61378"}],"version-history":[{"count":1,"href":"https:\/\/miradordeatarfe.es\/index.php?rest_route=\/wp\/v2\/posts\/61378\/revisions"}],"predecessor-version":[{"id":61380,"href":"https:\/\/miradordeatarfe.es\/index.php?rest_route=\/wp\/v2\/posts\/61378\/revisions\/61380"}],"wp:featuredmedia":[{"embeddable":true,"href":"https:\/\/miradordeatarfe.es\/index.php?rest_route=\/wp\/v2\/media\/61379"}],"wp:attachment":[{"href":"https:\/\/miradordeatarfe.es\/index.php?rest_route=%2Fwp%2Fv2%2Fmedia&parent=61378"}],"wp:term":[{"taxonomy":"category","embeddable":true,"href":"https:\/\/miradordeatarfe.es\/index.php?rest_route=%2Fwp%2Fv2%2Fcategories&post=61378"},{"taxonomy":"post_tag","embeddable":true,"href":"https:\/\/miradordeatarfe.es\/index.php?rest_route=%2Fwp%2Fv2%2Ftags&post=61378"}],"curies":[{"name":"wp","href":"https:\/\/api.w.org\/{rel}","templated":true}]}}