{"id":61435,"date":"2023-05-14T10:06:48","date_gmt":"2023-05-14T08:06:48","guid":{"rendered":"https:\/\/miradordeatarfe.es\/?p=61435"},"modified":"2023-05-14T11:47:09","modified_gmt":"2023-05-14T09:47:09","slug":"serranillos-del-valle-el-pueblo-que-impulsa-los-coches-electricos-compartidos","status":"publish","type":"post","link":"https:\/\/miradordeatarfe.es\/?p=61435","title":{"rendered":"Serranillos del Valle, el pueblo que impulsa los coches el\u00e9ctricos compartidos"},"content":{"rendered":"<div class=\"row\"><main class=\"content__wrapper\"><\/p>\n<div class=\"c-header\">\n<div class=\"news-header\">\n<h2 style=\"text-align: justify;\">Los vecinos tienen acceso a VIVe, un servicio con veh\u00edculos 100% el\u00e9ctricos<\/h2>\n<\/div>\n<\/div>\n<p><\/main><\/div>\n<div class=\"content-container col-12 col-lg-8\">\n<div class=\"c-content\">\n<div class=\"partner-wrapper article-page__body-row \">\n<div class=\"second-col\">\n<p class=\"article-text\" style=\"text-align: justify;\">Cuando al alcalde de Serranillos del Valle le lleg\u00f3 la propuesta de instalar un servicio de coches el\u00e9ctricos compartidos en su pueblo no se lo pens\u00f3 dos veces. \u201cTodos sabemos que el transporte en las zonas rurales es muy escaso, apenas tenemos medios, y vimos esta oportunidad, nos gust\u00f3 y nos pareci\u00f3 maravillosa\u201d, cuenta Iv\u00e1n Fern\u00e1ndez Heras desde el consistorio. La propuesta vino desde la marca de autom\u00f3viles Hyundai que ha ampliado su servicio de <em>carsharing <\/em>rural 100% el\u00e9ctrico VIVe a la localidad madrile\u00f1a.<\/p>\n<p class=\"article-text\" style=\"text-align: justify;\"><a class=\"link\" href=\"https:\/\/www.hyundai.com\/es\/mas-hyundai\/responsabilidad-social-corporativa\/vive.html\" target=\"_blank\" rel=\"noopener\" data-mrf-recirculation=\"links-noticia\">VIVe <\/a>es el nombre de este servicio que ha revolucionado la forma en que los residentes de Serranillos del Valle se trasladan por su entorno y \u00e1reas metropolitanas. Con una aplicaci\u00f3n m\u00f3vil f\u00e1cil de usar, los vecinos pueden reservar un veh\u00edculo el\u00e9ctrico compartido y disfrutar de una experiencia de conducci\u00f3n 100% sostenible. \u201cPara las familias que tienen nada m\u00e1s que un coche, tener esta posibilidad de usar este servicio es genial\u201d, afirma Mar\u00eda \u00c1ngeles Vicent, usuaria de VIVe y vecina de la localidad.<\/p>\n<p class=\"article-text\" style=\"text-align: justify;\">Para garantizar la correcta utilizaci\u00f3n del servicio, se ha establecido la reserva con un m\u00e1ximo de 24 horas o acotando los desplazamientos dentro de un radio de hasta 170 km. Adem\u00e1s, la compa\u00f1\u00eda ha instalado un cargador el\u00e9ctrico en la zona para facilitar la recarga de los veh\u00edculos, demostrando su compromiso no solo con la movilidad sostenible, sino tambi\u00e9n con la infraestructura necesaria para apoyarla.<\/p>\n<p class=\"article-text\" style=\"text-align: justify;\">Desde su lanzamiento en 2019, VIVe se ha expandido por todo el territorio espa\u00f1ol, ofreciendo una alternativa m\u00e1s econ\u00f3mica y pr\u00e1ctica para los desplazamientos diarios, sin preocuparse por el aparcamiento o el acceso a las zonas de bajas emisiones. Actualmente cuenta con m\u00e1s de 40 servicios instalados y cerca de 2.000 usuarios registrados.<\/p>\n<p class=\"article-text\" style=\"text-align: justify;\">El proyecto VIVe de Hyundai tiene como objetivo fomentar la movilidad sostenible en las zonas rurales y ayudar en la transici\u00f3n hacia la movilidad del futuro. \u201cDe cara al 2035 todos nuestros veh\u00edculos ser\u00e1n 100% el\u00e9ctricos\u201d, afirma Juanjo Mart\u00ednez, director de comunicaci\u00f3n de Hyundai Motor Espa\u00f1a, subrayando as\u00ed la importancia de este servicio como parte de la visi\u00f3n de la compa\u00f1\u00eda hacia un futuro m\u00e1s sostenible.<\/p>\n<p>Redacci\u00f3n: Christelle Messado | Realizaci\u00f3n: David Rom\u00e1n<\/p>\n<p>FOTO: LA VANGUARDIA<\/p>\n<p>https:\/\/www.eldiario.es\/edcreativo\/serranillos-valle-pueblo-impulsa-coches-electricos-compartidos_1_10183792.html<\/p>\n<\/div>\n<\/div>\n<\/div>\n<\/div>\n","protected":false},"excerpt":{"rendered":"<p>Los vecinos tienen acceso a VIVe, un servicio con veh\u00edculos 100% el\u00e9ctricos Cuando al alcalde&#8230;<\/p>\n","protected":false},"author":1,"featured_media":61436,"comment_status":"closed","ping_status":"closed","sticky":false,"template":"","format":"standard","meta":{"_coblocks_attr":"","_coblocks_dimensions":"","_coblocks_responsive_height":"","_coblocks_accordion_ie_support":"","jetpack_post_was_ever_published":false,"_jetpack_newsletter_access":"","_jetpack_dont_email_post_to_subs":false,"_jetpack_newsletter_tier_id":0,"_jetpack_memberships_contains_paywalled_content":false,"_jetpack_memberships_contains_paid_content":false,"footnotes":"","jetpack_publicize_message":"","jetpack_publicize_feature_enabled":true,"jetpack_social_post_already_shared":false,"jetpack_social_options":{"image_generator_settings":{"template":"highway","default_image_id":0,"enabled":false},"version":2}},"categories":[1161,44,6920,15,10],"tags":[7102,8564,1354],"class_list":["post-61435","post","type-post","status-publish","format-standard","has-post-thumbnail","hentry","category-ciudadania","category-noticias-de-hoy","category-tecnologia","category-ultimas-noticias","category-salud","tag-coche-electrico","tag-medio-rural","tag-pueblos"],"jetpack_publicize_connections":[],"jetpack_featured_media_url":"https:\/\/i0.wp.com\/miradordeatarfe.es\/wp-content\/uploads\/2023\/05\/5fa5440b70106.r_d.3618-2315-780.jpeg?fit=449%2C220&ssl=1","jetpack_likes_enabled":true,"jetpack_sharing_enabled":true,"_links":{"self":[{"href":"https:\/\/miradordeatarfe.es\/index.php?rest_route=\/wp\/v2\/posts\/61435","targetHints":{"allow":["GET"]}}],"collection":[{"href":"https:\/\/miradordeatarfe.es\/index.php?rest_route=\/wp\/v2\/posts"}],"about":[{"href":"https:\/\/miradordeatarfe.es\/index.php?rest_route=\/wp\/v2\/types\/post"}],"author":[{"embeddable":true,"href":"https:\/\/miradordeatarfe.es\/index.php?rest_route=\/wp\/v2\/users\/1"}],"replies":[{"embeddable":true,"href":"https:\/\/miradordeatarfe.es\/index.php?rest_route=%2Fwp%2Fv2%2Fcomments&post=61435"}],"version-history":[{"count":1,"href":"https:\/\/miradordeatarfe.es\/index.php?rest_route=\/wp\/v2\/posts\/61435\/revisions"}],"predecessor-version":[{"id":61437,"href":"https:\/\/miradordeatarfe.es\/index.php?rest_route=\/wp\/v2\/posts\/61435\/revisions\/61437"}],"wp:featuredmedia":[{"embeddable":true,"href":"https:\/\/miradordeatarfe.es\/index.php?rest_route=\/wp\/v2\/media\/61436"}],"wp:attachment":[{"href":"https:\/\/miradordeatarfe.es\/index.php?rest_route=%2Fwp%2Fv2%2Fmedia&parent=61435"}],"wp:term":[{"taxonomy":"category","embeddable":true,"href":"https:\/\/miradordeatarfe.es\/index.php?rest_route=%2Fwp%2Fv2%2Fcategories&post=61435"},{"taxonomy":"post_tag","embeddable":true,"href":"https:\/\/miradordeatarfe.es\/index.php?rest_route=%2Fwp%2Fv2%2Ftags&post=61435"}],"curies":[{"name":"wp","href":"https:\/\/api.w.org\/{rel}","templated":true}]}}