{"id":61442,"date":"2023-05-13T11:06:52","date_gmt":"2023-05-13T09:06:52","guid":{"rendered":"https:\/\/miradordeatarfe.es\/?p=61442"},"modified":"2023-10-23T13:54:55","modified_gmt":"2023-10-23T11:54:55","slug":"gospel-sounds-granada-y-la-big-band-de-atarfe-se-unen-para-ofrecer-el-concierto-a-gospel-night","status":"publish","type":"post","link":"https:\/\/miradordeatarfe.es\/?p=61442","title":{"rendered":"ATARFE: Gospel Sounds Granada y la Big Band de Atarfe se unieron en un gran concierto : \u2018A Gospel Night\u2019"},"content":{"rendered":"<h3>Si eres amante del g\u00f3spel y de la m\u00fasica llena de fuerza y energ\u00eda, si quieres conectar con la alegr\u00eda y las ganas de vivir, supongo que has asistido\u00a0 \u201c<strong>A Gospel Night<\/strong>\u201d, un singular concierto del coro Gospel Sounds Granada, en colaboraci\u00f3n con la Big Band de Atarfe, que tuvo lugar el <strong>s\u00e1bado, 6 de mayo de 2023, a las 20h, en el Centro Cultural Medina Elvira de Atarfe.<\/strong><\/h3>\n<p>El coro <a href=\"http:\/\/www.gospelsoundsgranada.es\/\" target=\"_blank\" rel=\"noopener\"><strong>Gospel Sounds Granada<\/strong><\/a>, dirigido por <strong>Toni Hermoso Villanueva<\/strong>, inici\u00f3 su andadura a finales de 2014 y tiene una amplia trayectoria, con diferentes actuaciones por la geograf\u00eda andaluza, con un extenso y variado repertorio basado en corrientes e influencias del gospel tradicional y contempor\u00e1neo (southern gospel, worships songs, black gospel\u2026). Adem\u00e1s incluyen adaptaciones de musicales conocidos (Hair, El Rey Le\u00f3n) y versiones de temas y grupos m\u00edticos del Pop &amp;Rock, Soul y el Blues (Tina Turner, Queen, The Beatles, Michael Jackson)<\/p>\n<p>\u00a0<a href=\"https:\/\/i0.wp.com\/miradordeatarfe.es\/wp-content\/uploads\/2023\/05\/337284430_242337034896926_8995587354845879833_n-3.jpg?ssl=1\"><img data-recalc-dims=\"1\" loading=\"lazy\" decoding=\"async\" class=\"alignnone size-medium wp-image-61445\" src=\"https:\/\/i0.wp.com\/miradordeatarfe.es\/wp-content\/uploads\/2023\/05\/337284430_242337034896926_8995587354845879833_n-3.jpg?resize=300%2C200&#038;ssl=1\" alt=\"\" width=\"300\" height=\"200\" srcset=\"https:\/\/i0.wp.com\/miradordeatarfe.es\/wp-content\/uploads\/2023\/05\/337284430_242337034896926_8995587354845879833_n-3.jpg?resize=300%2C200&amp;ssl=1 300w, https:\/\/i0.wp.com\/miradordeatarfe.es\/wp-content\/uploads\/2023\/05\/337284430_242337034896926_8995587354845879833_n-3.jpg?w=498&amp;ssl=1 498w\" sizes=\"auto, (max-width: 300px) 100vw, 300px\" \/><\/a><a href=\"https:\/\/i0.wp.com\/miradordeatarfe.es\/wp-content\/uploads\/2023\/05\/346054819_250730700793317_3954539923747297384_n.jpg?ssl=1\"><img data-recalc-dims=\"1\" loading=\"lazy\" decoding=\"async\" class=\"alignnone size-medium wp-image-61446\" src=\"https:\/\/i0.wp.com\/miradordeatarfe.es\/wp-content\/uploads\/2023\/05\/346054819_250730700793317_3954539923747297384_n.jpg?resize=300%2C200&#038;ssl=1\" alt=\"\" width=\"300\" height=\"200\" srcset=\"https:\/\/i0.wp.com\/miradordeatarfe.es\/wp-content\/uploads\/2023\/05\/346054819_250730700793317_3954539923747297384_n.jpg?resize=300%2C200&amp;ssl=1 300w, https:\/\/i0.wp.com\/miradordeatarfe.es\/wp-content\/uploads\/2023\/05\/346054819_250730700793317_3954539923747297384_n.jpg?resize=1024%2C683&amp;ssl=1 1024w, https:\/\/i0.wp.com\/miradordeatarfe.es\/wp-content\/uploads\/2023\/05\/346054819_250730700793317_3954539923747297384_n.jpg?resize=768%2C512&amp;ssl=1 768w, https:\/\/i0.wp.com\/miradordeatarfe.es\/wp-content\/uploads\/2023\/05\/346054819_250730700793317_3954539923747297384_n.jpg?resize=1536%2C1024&amp;ssl=1 1536w, https:\/\/i0.wp.com\/miradordeatarfe.es\/wp-content\/uploads\/2023\/05\/346054819_250730700793317_3954539923747297384_n.jpg?resize=1320%2C880&amp;ssl=1 1320w, https:\/\/i0.wp.com\/miradordeatarfe.es\/wp-content\/uploads\/2023\/05\/346054819_250730700793317_3954539923747297384_n.jpg?w=2048&amp;ssl=1 2048w, https:\/\/i0.wp.com\/miradordeatarfe.es\/wp-content\/uploads\/2023\/05\/346054819_250730700793317_3954539923747297384_n.jpg?w=1920&amp;ssl=1 1920w\" sizes=\"auto, (max-width: 300px) 100vw, 300px\" \/><\/a><a href=\"https:\/\/i0.wp.com\/miradordeatarfe.es\/wp-content\/uploads\/2023\/05\/346267917_1237700927134123_3395610833240345384_n.jpg?ssl=1\"><img data-recalc-dims=\"1\" loading=\"lazy\" decoding=\"async\" class=\"alignnone size-medium wp-image-61447\" src=\"https:\/\/i0.wp.com\/miradordeatarfe.es\/wp-content\/uploads\/2023\/05\/346267917_1237700927134123_3395610833240345384_n.jpg?resize=300%2C200&#038;ssl=1\" alt=\"\" width=\"300\" height=\"200\" srcset=\"https:\/\/i0.wp.com\/miradordeatarfe.es\/wp-content\/uploads\/2023\/05\/346267917_1237700927134123_3395610833240345384_n.jpg?resize=300%2C200&amp;ssl=1 300w, https:\/\/i0.wp.com\/miradordeatarfe.es\/wp-content\/uploads\/2023\/05\/346267917_1237700927134123_3395610833240345384_n.jpg?resize=1024%2C683&amp;ssl=1 1024w, https:\/\/i0.wp.com\/miradordeatarfe.es\/wp-content\/uploads\/2023\/05\/346267917_1237700927134123_3395610833240345384_n.jpg?resize=768%2C512&amp;ssl=1 768w, https:\/\/i0.wp.com\/miradordeatarfe.es\/wp-content\/uploads\/2023\/05\/346267917_1237700927134123_3395610833240345384_n.jpg?resize=1536%2C1024&amp;ssl=1 1536w, https:\/\/i0.wp.com\/miradordeatarfe.es\/wp-content\/uploads\/2023\/05\/346267917_1237700927134123_3395610833240345384_n.jpg?resize=1320%2C880&amp;ssl=1 1320w, https:\/\/i0.wp.com\/miradordeatarfe.es\/wp-content\/uploads\/2023\/05\/346267917_1237700927134123_3395610833240345384_n.jpg?w=2048&amp;ssl=1 2048w, https:\/\/i0.wp.com\/miradordeatarfe.es\/wp-content\/uploads\/2023\/05\/346267917_1237700927134123_3395610833240345384_n.jpg?w=1920&amp;ssl=1 1920w\" sizes=\"auto, (max-width: 300px) 100vw, 300px\" \/><\/a><a href=\"https:\/\/i0.wp.com\/miradordeatarfe.es\/wp-content\/uploads\/2023\/05\/346302843_1289352685349426_6615702538134700561_n.jpg?ssl=1\"><img data-recalc-dims=\"1\" loading=\"lazy\" decoding=\"async\" class=\"alignnone size-medium wp-image-61448\" src=\"https:\/\/i0.wp.com\/miradordeatarfe.es\/wp-content\/uploads\/2023\/05\/346302843_1289352685349426_6615702538134700561_n.jpg?resize=300%2C200&#038;ssl=1\" alt=\"\" width=\"300\" height=\"200\" srcset=\"https:\/\/i0.wp.com\/miradordeatarfe.es\/wp-content\/uploads\/2023\/05\/346302843_1289352685349426_6615702538134700561_n.jpg?resize=300%2C200&amp;ssl=1 300w, https:\/\/i0.wp.com\/miradordeatarfe.es\/wp-content\/uploads\/2023\/05\/346302843_1289352685349426_6615702538134700561_n.jpg?resize=768%2C512&amp;ssl=1 768w, https:\/\/i0.wp.com\/miradordeatarfe.es\/wp-content\/uploads\/2023\/05\/346302843_1289352685349426_6615702538134700561_n.jpg?w=960&amp;ssl=1 960w\" sizes=\"auto, (max-width: 300px) 100vw, 300px\" \/><\/a><\/p>\n<p>.El coro est\u00e1 compuesto por 31 coralistas, acompa\u00f1ados de diversos instrumentos (piano, guitarra, bajo, percusi\u00f3n&#8230;), que pretenden transmitir el mensaje de ilusi\u00f3n y esperanza propio de este g\u00e9nero musical. Su repertorio incluye desde los temas m\u00e1s cl\u00e1sicos del g\u00f3spel, hasta ritmos africanos e incluso el m\u00e1s actual g\u00f3spel-rock. Todo un espect\u00e1culo de fuerza y energ\u00eda que anima a bailar y participar del g\u00f3spel en estado puro.<br \/>\nNo siendo un coro polif\u00f3nico al uso, y manteni\u00e9ndose al margen de cualquier creencia religiosa o de otro tipo, sus conciertos superan siempre las expectativas del p\u00fablico, que pronto se implica y disfruta intensamente del espect\u00e1culo.<\/p>\n<figure id=\"attachment_68996\" class=\"wp-caption aligncenter\" aria-describedby=\"caption-attachment-68996\"><img data-recalc-dims=\"1\" loading=\"lazy\" decoding=\"async\" class=\"size-full wp-image-68996\" src=\"https:\/\/i0.wp.com\/static-ms.ideal.es\/wp-content\/uploads\/sites\/17\/2023\/04\/a_bigbanddeatarfe-IEC.jpg?resize=624%2C414&#038;ssl=1\" sizes=\"auto, (max-width: 624px) 100vw, 624px\" srcset=\"\/\/static-ms.ideal.es\/wp-content\/uploads\/sites\/17\/2023\/04\/a_bigbanddeatarfe-IEC.jpg 624w, \/\/static-ms.ideal.es\/wp-content\/uploads\/sites\/17\/2023\/04\/a_bigbanddeatarfe-IEC-300x199.jpg 300w\" alt=\"\" width=\"624\" height=\"414\" \/><figcaption id=\"caption-attachment-68996\" class=\"wp-caption-text\"><em><strong>Big Band de Atarfe<\/strong><\/em><\/figcaption><\/figure>\n<p>La<a href=\"https:\/\/www.facebook.com\/bigbandatarfe\/?locale=es_ES\" target=\"_blank\" rel=\"noopener\"><strong> Big Band de Atarfe<\/strong><\/a>, dirigida por <strong>Roberto Nieto<\/strong>, se cre\u00f3 en 2007, en el seno de la Escuela de M\u00fasica Municipal Ciudad de Atarfe, con componentes de dicha escuela, as\u00ed como numerosos m\u00fasicos de prestigio de toda la provincia de Granada. Su repertorio hace un recorrido por los diferentes estilos de m\u00fasica moderna: Swing, Funky, Blues, Latin\u2026 adem\u00e1s de ser de menci\u00f3n obligada sus conciertos \u00a0de Jazz Vocal con la colaboraci\u00f3n de grandes cantantes de nuestro panorama musical, realizando versiones de los m\u00edticos Frank Sinatra, Ella Fitzgerald y Louis Armstrong entre otros\u2026<\/p>\n<p><span class=\"x193iq5w xeuugli x13faqbe x1vvkbs x1xmvt09 x1lliihq x1s928wv xhkezso x1gmr53x x1cpjm7i x1fgarty x1943h6x xudqn12 x3x7a5m x6prxxf xvq8zen xo1l8bm xzsf02u x1yc453h\" dir=\"auto\">\u00bb A GOSPEL NIGHT \u00bb con este t\u00edtulo Big Band Atarfe present\u00f3 un nuevo espect\u00e1culo lleno de energ\u00eda. En este caso la agrupaci\u00f3n ha contado con la colaboraci\u00f3n del Coro de M\u00fasica Gospel &#8211; Gospel Sounds Granada <br \/>\n<\/span><\/p>\n<div style=\"width: 640px;\" class=\"wp-video\"><video class=\"wp-video-shortcode\" id=\"video-61442-1\" width=\"640\" height=\"360\" preload=\"metadata\" controls=\"controls\"><source type=\"video\/mp4\" src=\"https:\/\/www.gospelsoundsgranada.es\/img\/videos\/agospelnight_queen.mp4?_=1\" \/><a href=\"https:\/\/www.gospelsoundsgranada.es\/img\/videos\/agospelnight_queen.mp4\">https:\/\/www.gospelsoundsgranada.es\/img\/videos\/agospelnight_queen.mp4<\/a><\/video><\/div>\n<p>Y este fue el repertorio que nos ofreci\u00f3 a un Centro Cultural lleno de p\u00fablico que se anim\u00f3 e incluso bail\u00f3.<\/p>\n<figure id=\"attachment_68999\" class=\"wp-caption aligncenter\" aria-describedby=\"caption-attachment-68999\"><img data-recalc-dims=\"1\" loading=\"lazy\" decoding=\"async\" class=\"wp-image-68999 size-full\" src=\"https:\/\/i0.wp.com\/static-ms.ideal.es\/wp-content\/uploads\/sites\/17\/2023\/04\/cartel-gospel-sounds-y-big-band-atarfe-y-repertorio.jpg?resize=640%2C445&#038;ssl=1\" sizes=\"auto, (max-width: 700px) 100vw, 700px\" srcset=\"\/\/static-ms.ideal.es\/wp-content\/uploads\/sites\/17\/2023\/04\/cartel-gospel-sounds-y-big-band-atarfe-y-repertorio.jpg 700w, \/\/static-ms.ideal.es\/wp-content\/uploads\/sites\/17\/2023\/04\/cartel-gospel-sounds-y-big-band-atarfe-y-repertorio-300x209.jpg 300w, \/\/static-ms.ideal.es\/wp-content\/uploads\/sites\/17\/2023\/04\/cartel-gospel-sounds-y-big-band-atarfe-y-repertorio-392x272.jpg 392w, \/\/static-ms.ideal.es\/wp-content\/uploads\/sites\/17\/2023\/04\/cartel-gospel-sounds-y-big-band-atarfe-y-repertorio-130x90.jpg 130w\" alt=\"\" width=\"640\" height=\"445\" \/><figcaption id=\"caption-attachment-68999\" class=\"wp-caption-text\"><em><strong>Cartel del espect\u00e1culo y repertorio<\/strong><\/em><\/figcaption><\/figure>\n<p>&nbsp;<\/p>\n","protected":false},"excerpt":{"rendered":"<p>Si eres amante del g\u00f3spel y de la m\u00fasica llena de fuerza y energ\u00eda, si&#8230;<\/p>\n","protected":false},"author":1,"featured_media":61445,"comment_status":"closed","ping_status":"closed","sticky":false,"template":"","format":"standard","meta":{"_coblocks_attr":"","_coblocks_dimensions":"","_coblocks_responsive_height":"","_coblocks_accordion_ie_support":"","jetpack_post_was_ever_published":false,"_jetpack_newsletter_access":"","_jetpack_dont_email_post_to_subs":false,"_jetpack_newsletter_tier_id":0,"_jetpack_memberships_contains_paywalled_content":false,"_jetpack_memberships_contains_paid_content":false,"footnotes":"","jetpack_publicize_message":"","jetpack_publicize_feature_enabled":true,"jetpack_social_post_already_shared":false,"jetpack_social_options":{"image_generator_settings":{"template":"highway","default_image_id":0,"enabled":false},"version":2}},"categories":[2,12],"tags":[81,1850,10360],"class_list":["post-61442","post","type-post","status-publish","format-standard","has-post-thumbnail","hentry","category-atarfe","category-cultura","tag-atarfe","tag-big-band","tag-gospel"],"jetpack_publicize_connections":[],"jetpack_featured_media_url":"https:\/\/i0.wp.com\/miradordeatarfe.es\/wp-content\/uploads\/2023\/05\/337284430_242337034896926_8995587354845879833_n-3.jpg?fit=498%2C332&ssl=1","jetpack_likes_enabled":true,"jetpack_sharing_enabled":true,"_links":{"self":[{"href":"https:\/\/miradordeatarfe.es\/index.php?rest_route=\/wp\/v2\/posts\/61442","targetHints":{"allow":["GET"]}}],"collection":[{"href":"https:\/\/miradordeatarfe.es\/index.php?rest_route=\/wp\/v2\/posts"}],"about":[{"href":"https:\/\/miradordeatarfe.es\/index.php?rest_route=\/wp\/v2\/types\/post"}],"author":[{"embeddable":true,"href":"https:\/\/miradordeatarfe.es\/index.php?rest_route=\/wp\/v2\/users\/1"}],"replies":[{"embeddable":true,"href":"https:\/\/miradordeatarfe.es\/index.php?rest_route=%2Fwp%2Fv2%2Fcomments&post=61442"}],"version-history":[{"count":5,"href":"https:\/\/miradordeatarfe.es\/index.php?rest_route=\/wp\/v2\/posts\/61442\/revisions"}],"predecessor-version":[{"id":61452,"href":"https:\/\/miradordeatarfe.es\/index.php?rest_route=\/wp\/v2\/posts\/61442\/revisions\/61452"}],"wp:featuredmedia":[{"embeddable":true,"href":"https:\/\/miradordeatarfe.es\/index.php?rest_route=\/wp\/v2\/media\/61445"}],"wp:attachment":[{"href":"https:\/\/miradordeatarfe.es\/index.php?rest_route=%2Fwp%2Fv2%2Fmedia&parent=61442"}],"wp:term":[{"taxonomy":"category","embeddable":true,"href":"https:\/\/miradordeatarfe.es\/index.php?rest_route=%2Fwp%2Fv2%2Fcategories&post=61442"},{"taxonomy":"post_tag","embeddable":true,"href":"https:\/\/miradordeatarfe.es\/index.php?rest_route=%2Fwp%2Fv2%2Ftags&post=61442"}],"curies":[{"name":"wp","href":"https:\/\/api.w.org\/{rel}","templated":true}]}}