{"id":61470,"date":"2023-05-14T11:20:13","date_gmt":"2023-05-14T09:20:13","guid":{"rendered":"https:\/\/miradordeatarfe.es\/?p=61470"},"modified":"2023-05-18T10:23:14","modified_gmt":"2023-05-18T08:23:14","slug":"ninos-a-casa-por-juan-de-dios-villanueva-roa","status":"publish","type":"post","link":"https:\/\/miradordeatarfe.es\/?p=61470","title":{"rendered":"\u00abNi\u00f1os a casa\u00bb por  Juan de Dios Villanueva Roa"},"content":{"rendered":"<h3 style=\"text-align: justify;\">Mandar a los ni\u00f1os a sus casas a las doce de la ma\u00f1ana es la soluci\u00f3n frente a las olas de calor.<\/h3>\n<p style=\"text-align: justify;\">Eso si los padres pueden hacerse cargo. Hasta ah\u00ed llega la imaginaci\u00f3n y el programa pol\u00edtico del Partido Popular en el gobierno andaluz desde c\u00f3modos y refrigerados despachos. Sigan ni\u00f1os\u00a0 desde sus casas, y paguen ustedes sus conexiones telem\u00e1ticas, sus equipos y su aire acondicionado, que el gobierno no est\u00e1 para esas minucias. Es para morirse de pena.<\/p>\n<p style=\"text-align: justify;\">Y me pregunto que si para aplicar estas soluciones se presentaron a las elecciones, para mandar a los ni\u00f1os a casa. Podr\u00eda haber sido m\u00e1s espectacular, haberles regalado un abanico, un pipote y un sombrero para la escuela. Por lo pronto han preparado unos cursos para el profesorado el pr\u00f3ximo quince de mayo, no el cuarenta, para ense\u00f1arles c\u00f3mo afrontar esas calores. Ya podr\u00edan invertir en acondicionar t\u00e9rmicamente los centros educativos, y poner placas solares para el autoabastecimiento energ\u00e9tico, y actuar con inteligencia, en lugar de estas medidas que aumentan a\u00fan m\u00e1s la brecha social desde la escuela. Juanma, \u00bfpara esto se present\u00f3 usted a las elecciones? \u00bfNo han encontrado los responsables de los servicios centrales soluciones m\u00e1s inteligentes?<\/p>\n<p style=\"text-align: justify;\">Para eso no hace falta instalarse en Torre de Triana. No entramos en la did\u00e1ctica, porque esto supone bloquear tambi\u00e9n la ense\u00f1anza de los que se quedan en el aula, o duplicar de nuevo el trabajo de los docentes. Si esta es su soluci\u00f3n, creo que es hora de que vayan cambiando varios planes y muchas personas.<\/p>\n<p>FOTO: https:\/\/www.diariodecadiz.es\/cadiz\/alumnos-Cadiz-podran-salir-antes-clase-ola-calor_0_1791121235.html<\/p>\n","protected":false},"excerpt":{"rendered":"<p>Mandar a los ni\u00f1os a sus casas a las doce de la ma\u00f1ana es la&#8230;<\/p>\n","protected":false},"author":1,"featured_media":61471,"comment_status":"closed","ping_status":"closed","sticky":false,"template":"","format":"standard","meta":{"_coblocks_attr":"","_coblocks_dimensions":"","_coblocks_responsive_height":"","_coblocks_accordion_ie_support":"","jetpack_post_was_ever_published":false,"_jetpack_newsletter_access":"","_jetpack_dont_email_post_to_subs":false,"_jetpack_newsletter_tier_id":0,"_jetpack_memberships_contains_paywalled_content":false,"_jetpack_memberships_contains_paid_content":false,"footnotes":"","jetpack_publicize_message":"","jetpack_publicize_feature_enabled":true,"jetpack_social_post_already_shared":false,"jetpack_social_options":{"image_generator_settings":{"template":"highway","default_image_id":0,"enabled":false},"version":2}},"categories":[187,1161,9772,44,7671,15],"tags":[731,4190,10364],"class_list":["post-61470","post","type-post","status-publish","format-standard","has-post-thumbnail","hentry","category-centros-educativos","category-ciudadania","category-opinion-de-juan-de-dios-villanueva","category-noticias-de-hoy","category-politica","category-ultimas-noticias","tag-calor","tag-centros-escolares","tag-salida-a-las-12"],"jetpack_publicize_connections":[],"jetpack_featured_media_url":"https:\/\/i0.wp.com\/miradordeatarfe.es\/wp-content\/uploads\/2023\/05\/Alumnos-Arquitecto-Leoz-Puerto-Real_1750035041_173209234_667x375.jpg?fit=667%2C375&ssl=1","jetpack_likes_enabled":true,"jetpack_sharing_enabled":true,"_links":{"self":[{"href":"https:\/\/miradordeatarfe.es\/index.php?rest_route=\/wp\/v2\/posts\/61470","targetHints":{"allow":["GET"]}}],"collection":[{"href":"https:\/\/miradordeatarfe.es\/index.php?rest_route=\/wp\/v2\/posts"}],"about":[{"href":"https:\/\/miradordeatarfe.es\/index.php?rest_route=\/wp\/v2\/types\/post"}],"author":[{"embeddable":true,"href":"https:\/\/miradordeatarfe.es\/index.php?rest_route=\/wp\/v2\/users\/1"}],"replies":[{"embeddable":true,"href":"https:\/\/miradordeatarfe.es\/index.php?rest_route=%2Fwp%2Fv2%2Fcomments&post=61470"}],"version-history":[{"count":1,"href":"https:\/\/miradordeatarfe.es\/index.php?rest_route=\/wp\/v2\/posts\/61470\/revisions"}],"predecessor-version":[{"id":61472,"href":"https:\/\/miradordeatarfe.es\/index.php?rest_route=\/wp\/v2\/posts\/61470\/revisions\/61472"}],"wp:featuredmedia":[{"embeddable":true,"href":"https:\/\/miradordeatarfe.es\/index.php?rest_route=\/wp\/v2\/media\/61471"}],"wp:attachment":[{"href":"https:\/\/miradordeatarfe.es\/index.php?rest_route=%2Fwp%2Fv2%2Fmedia&parent=61470"}],"wp:term":[{"taxonomy":"category","embeddable":true,"href":"https:\/\/miradordeatarfe.es\/index.php?rest_route=%2Fwp%2Fv2%2Fcategories&post=61470"},{"taxonomy":"post_tag","embeddable":true,"href":"https:\/\/miradordeatarfe.es\/index.php?rest_route=%2Fwp%2Fv2%2Ftags&post=61470"}],"curies":[{"name":"wp","href":"https:\/\/api.w.org\/{rel}","templated":true}]}}