{"id":61482,"date":"2023-05-15T09:34:10","date_gmt":"2023-05-15T07:34:10","guid":{"rendered":"https:\/\/miradordeatarfe.es\/?p=61482"},"modified":"2023-05-15T13:04:59","modified_gmt":"2023-05-15T11:04:59","slug":"el-parlamento-europeo-da-el-primer-paso-para-limitar-el-uso-de-la-inteligencia-artificial","status":"publish","type":"post","link":"https:\/\/miradordeatarfe.es\/?p=61482","title":{"rendered":"El Parlamento Europeo da el primer paso para limitar el uso de la Inteligencia Artificial"},"content":{"rendered":"<div class=\"ue-l-article__header ue-c-article__header\">\n<h3 class=\"ue-c-article__standfirst\">Las comisiones de Libertades Civiles y de Protecci\u00f3n de los Consumidores votaron por abrumadora mayor\u00eda a favor de limitar el uso de la IA, sin dejar de incentivar la innovaci\u00f3n en el sector<\/h3>\n<figure class=\"ue-c-article__media ue-c-article__media--image\">\n<div class=\"ue-c-article__media-img-container ue-l-article--expand-edge-right-until-tablet ue-l-article--expand-edge-left-until-tablet\"><picture><source srcset=\"https:\/\/phantom-elmundo.unidadeditorial.es\/cf5065971dd195401740a598652e67cd\/crop\/0x0\/3072x2048\/resize\/320\/f\/webp\/assets\/multimedia\/imagenes\/2023\/05\/11\/16837976950190.jpg 320w,https:\/\/phantom-elmundo.unidadeditorial.es\/844f77f9c0a8f3b96b0f81393222ebb3\/crop\/0x0\/3072x2048\/resize\/360\/f\/webp\/assets\/multimedia\/imagenes\/2023\/05\/11\/16837976950190.jpg 360w,https:\/\/phantom-elmundo.unidadeditorial.es\/ea65ecf1989852fe5d47e8f6e952ef09\/crop\/0x0\/3072x2048\/resize\/400\/f\/webp\/assets\/multimedia\/imagenes\/2023\/05\/11\/16837976950190.jpg 400w,https:\/\/phantom-elmundo.unidadeditorial.es\/2da2f82d677ae9cbb7bc0b2dc8de1719\/crop\/0x0\/3072x2048\/resize\/473\/f\/webp\/assets\/multimedia\/imagenes\/2023\/05\/11\/16837976950190.jpg 473w,https:\/\/phantom-elmundo.unidadeditorial.es\/1cccb5acbb570d889abdf2587be8272b\/crop\/0x0\/3072x2048\/resize\/550\/f\/webp\/assets\/multimedia\/imagenes\/2023\/05\/11\/16837976950190.jpg 550w,https:\/\/phantom-elmundo.unidadeditorial.es\/827d874b6f2ce79afe9c478fe5b02376\/crop\/0x0\/3072x2048\/resize\/600\/f\/webp\/assets\/multimedia\/imagenes\/2023\/05\/11\/16837976950190.jpg 600w,https:\/\/phantom-elmundo.unidadeditorial.es\/3357088b561e07c3ef974c1cb61c0736\/crop\/0x0\/3072x2048\/resize\/700\/f\/webp\/assets\/multimedia\/imagenes\/2023\/05\/11\/16837976950190.jpg 700w,https:\/\/phantom-elmundo.unidadeditorial.es\/f0033da02d97306f3d6ea3aec208d0b8\/crop\/0x0\/3072x2048\/resize\/746\/f\/webp\/assets\/multimedia\/imagenes\/2023\/05\/11\/16837976950190.jpg 746w\" type=\"image\/webp\" sizes=\"(min-width: 1010px) 473px, (min-width: 980px) calc(100vw - 573px), (min-width: 740px) calc(100vw - 310px), 100vw\" \/><source srcset=\"https:\/\/phantom-elmundo.unidadeditorial.es\/20ce4a212e73d6914614c3d1bb89f52c\/crop\/0x0\/3072x2048\/resize\/320\/f\/jpg\/assets\/multimedia\/imagenes\/2023\/05\/11\/16837976950190.jpg 320w,https:\/\/phantom-elmundo.unidadeditorial.es\/c0e57ea98814b0a1b62205c623b27c7c\/crop\/0x0\/3072x2048\/resize\/360\/f\/jpg\/assets\/multimedia\/imagenes\/2023\/05\/11\/16837976950190.jpg 360w,https:\/\/phantom-elmundo.unidadeditorial.es\/2fc4be15d7ac663d04c8493f8c816d80\/crop\/0x0\/3072x2048\/resize\/400\/f\/jpg\/assets\/multimedia\/imagenes\/2023\/05\/11\/16837976950190.jpg 400w,https:\/\/phantom-elmundo.unidadeditorial.es\/9d065af9b72c7e90e55665b76d2d1cdb\/crop\/0x0\/3072x2048\/resize\/473\/f\/jpg\/assets\/multimedia\/imagenes\/2023\/05\/11\/16837976950190.jpg 473w,https:\/\/phantom-elmundo.unidadeditorial.es\/3f54f2db5f8e5935313e5ee9957b7b08\/crop\/0x0\/3072x2048\/resize\/550\/f\/jpg\/assets\/multimedia\/imagenes\/2023\/05\/11\/16837976950190.jpg 550w,https:\/\/phantom-elmundo.unidadeditorial.es\/4207dcca07a15747b018ba75bd8268da\/crop\/0x0\/3072x2048\/resize\/600\/f\/jpg\/assets\/multimedia\/imagenes\/2023\/05\/11\/16837976950190.jpg 600w,https:\/\/phantom-elmundo.unidadeditorial.es\/81abace932fd799cf15546dd841f9ae4\/crop\/0x0\/3072x2048\/resize\/700\/f\/jpg\/assets\/multimedia\/imagenes\/2023\/05\/11\/16837976950190.jpg 700w,https:\/\/phantom-elmundo.unidadeditorial.es\/08011483575fe7e8ae8d659131449cdd\/crop\/0x0\/3072x2048\/resize\/746\/f\/jpg\/assets\/multimedia\/imagenes\/2023\/05\/11\/16837976950190.jpg 746w\" type=\"image\/jpeg\" sizes=\"(min-width: 1010px) 473px, (min-width: 980px) calc(100vw - 573px), (min-width: 740px) calc(100vw - 310px), 100vw\" \/><\/picture><\/div>\n<p>Los legisladores del Parlamento Europeo han dado un primer paso hacia la adopci\u00f3n de una ley que regule las herramientas de la Inteligencia Artificial (IA), como el ChatGPT. Los miembros de las comisiones de Libertades Civiles y de Protecci\u00f3n de los Consumidores votaron por abrumadora mayor\u00eda a favor de limitar el uso de la IA en el bloque, sin dejar de incentivar la innovaci\u00f3n en el sector.<\/figure>\n<\/div>\n<div class=\"ue-l-article__body ue-c-article__body\" data-section=\"articleBody\">\n<p data-mrf-recirculation=\"Links P\u00e1rrafos\">El texto<strong> se presentar\u00e1 al pleno parlamentario en junio<\/strong> para su adopci\u00f3n y si es aprobado, se iniciar\u00e1n las negociaciones con los Estados miembros de la UE a fin de acordar una ley definitiva. La UE quiere ser el primer bloque del mundo en dotarse de <strong>un marco jur\u00eddico integral para limitar los posibles excesos de la IA,<\/strong> sin perjudicar la innovaci\u00f3n.<\/p>\n<p data-mrf-recirculation=\"Links P\u00e1rrafos\">Bruselas propuso hace dos a\u00f1os un ambicioso proyecto de reglamentaci\u00f3n a trav\u00e9s de una iniciativa de la Comisi\u00f3n Europea. Los pa\u00edses miembros definieron sus posiciones a finales de 2022.<\/p>\n<p data-mrf-recirculation=\"Links P\u00e1rrafos\">Pero el examen parlamentario se alarg\u00f3 y se retras\u00f3 en los \u00faltimos meses con el surgimiento de pol\u00e9micas sobre los<strong> peligros de las herramientas de IA capaces de crear textos o im\u00e1genes<\/strong>.<\/p>\n<div class=\"teads-inread xs-screen\">\n<div>\n<p data-mrf-recirculation=\"Links P\u00e1rrafos\">El gobierno europeo no tiene del todo claro que <strong>ChatGPT<\/strong> y otras herramientas de inteligencia artificial cumplan con la legislaci\u00f3n vigente, sobre todo en materia de protecci\u00f3n de datos, y ha decidido dar el primer paso para crear unas normas comunes para este tipo de aplicaciones.<\/p>\n<p data-mrf-recirculation=\"Links P\u00e1rrafos\">Esta semana, el Comit\u00e9 Europeo de Protecci\u00f3n de Datos (CEPD), una organizaci\u00f3n formada por representantes de las distintas autoridades nacionales en esta materia, ha anunciado la creaci\u00f3n de un grupo de trabajo que se encargar\u00e1 de <strong>evaluar los riesgos que plantean estas nuevas herramientas.<\/strong><\/p>\n<p data-mrf-recirculation=\"Links P\u00e1rrafos\">El grupo ha comenzado ya una ronda de consultas con varios expertos para tratar de definir las posibles acciones que se pueden tomar de forma conjunta entre los diferentes pa\u00edses y marcar unas directrices comunes de actuaci\u00f3n.<\/p>\n<p data-mrf-recirculation=\"Links P\u00e1rrafos\">Es una decisi\u00f3n que se ha tomado <strong>a petici\u00f3n de la Agencia Espa\u00f1ola de Protecci\u00f3n de Datos,<\/strong> que a principios de semana solicit\u00f3 al organismo que evaluase las <a href=\"https:\/\/www.elmundo.es\/economia\/empresas\/2023\/04\/13\/643834d0fc6c8349278b45f2.html\" target=\"_blank\" rel=\"noopener\">posibles violaciones a la privacidad por parte de ChatGPT.<\/a><\/p>\n<p data-mrf-recirculation=\"Links P\u00e1rrafos\">\u00abLa AEPD entiende que las operaciones globales de procesamiento que pueden tener un impacto significativo en los derechos de las personas requieren decisiones coordinadas a nivel europeo\u00bb, dijo un portavoz de la agencia en un comunicado enviado por correo electr\u00f3nico.<\/p>\n<p data-mrf-recirculation=\"Links P\u00e1rrafos\">Espa\u00f1a, en cualquier caso, no es el \u00fanico pa\u00eds europeo preocupado por esta cuesti\u00f3n. Desde finales de marzo, <strong>el gobierno italiano ha bloqueado el acceso a ChatGPT en el pa\u00eds. <\/strong>Asegura que viola algunas de las normas de protecci\u00f3n de datos presentes en Italia (y que son similares a las de otros pa\u00edses europeos). ChatGPT, por ejemplo, no cuenta con un filtro que evite el acceso de menores y no avisa a los usuarios de que durante el uso la herramienta recopila datos personales.<\/p>\n<div class=\"ue-l-article__header ue-c-article__header\" style=\"text-align: justify;\">\n<p class=\"ue-c-article__standfirst\">Ha comenzado ya una ronda de consultas con varios expertos para tratar de definir las posibles acciones que se pueden tomar<\/p>\n<figure class=\"ue-c-article__media ue-c-article__media--image\">\n<div class=\"ue-c-article__media-img-container ue-l-article--expand-edge-right-until-tablet ue-l-article--expand-edge-left-until-tablet\"><picture><source srcset=\"https:\/\/phantom-elmundo.unidadeditorial.es\/2838a66859b9d6b310f1cbe96a10e6c8\/resize\/320\/f\/webp\/assets\/multimedia\/imagenes\/2023\/04\/14\/16815076226121.jpg 320w,https:\/\/phantom-elmundo.unidadeditorial.es\/d21787ee4e654ee49e8754e0015edb50\/resize\/360\/f\/webp\/assets\/multimedia\/imagenes\/2023\/04\/14\/16815076226121.jpg 360w,https:\/\/phantom-elmundo.unidadeditorial.es\/83785527e6c5680e56cea4b64c6ff9bf\/resize\/400\/f\/webp\/assets\/multimedia\/imagenes\/2023\/04\/14\/16815076226121.jpg 400w,https:\/\/phantom-elmundo.unidadeditorial.es\/04d773d20288ab63d114db0f1b562d85\/resize\/473\/f\/webp\/assets\/multimedia\/imagenes\/2023\/04\/14\/16815076226121.jpg 473w,https:\/\/phantom-elmundo.unidadeditorial.es\/3e8258f6efdcd4d6646fada04d277d76\/resize\/550\/f\/webp\/assets\/multimedia\/imagenes\/2023\/04\/14\/16815076226121.jpg 550w,https:\/\/phantom-elmundo.unidadeditorial.es\/d21bf938dfb474c61304931919189cfb\/resize\/600\/f\/webp\/assets\/multimedia\/imagenes\/2023\/04\/14\/16815076226121.jpg 600w,https:\/\/phantom-elmundo.unidadeditorial.es\/9e0326ebcbf5b277305d6de8e36f7570\/resize\/700\/f\/webp\/assets\/multimedia\/imagenes\/2023\/04\/14\/16815076226121.jpg 700w,https:\/\/phantom-elmundo.unidadeditorial.es\/1151f563c2e70275257b87688d74b99b\/resize\/746\/f\/webp\/assets\/multimedia\/imagenes\/2023\/04\/14\/16815076226121.jpg 746w\" type=\"image\/webp\" sizes=\"(min-width: 1010px) 473px, (min-width: 980px) calc(100vw - 573px), (min-width: 740px) calc(100vw - 310px), 100vw\" \/><source srcset=\"https:\/\/phantom-elmundo.unidadeditorial.es\/bdc1d16b043d59563ee6adb3686411a6\/resize\/320\/f\/jpg\/assets\/multimedia\/imagenes\/2023\/04\/14\/16815076226121.jpg 320w,https:\/\/phantom-elmundo.unidadeditorial.es\/61210fa90d8168c1bdd924ab9dcf333f\/resize\/360\/f\/jpg\/assets\/multimedia\/imagenes\/2023\/04\/14\/16815076226121.jpg 360w,https:\/\/phantom-elmundo.unidadeditorial.es\/890b13b871623f0c369496b9fbac5a7e\/resize\/400\/f\/jpg\/assets\/multimedia\/imagenes\/2023\/04\/14\/16815076226121.jpg 400w,https:\/\/phantom-elmundo.unidadeditorial.es\/8f4e82c3f75a397099d4d076e139ab26\/resize\/473\/f\/jpg\/assets\/multimedia\/imagenes\/2023\/04\/14\/16815076226121.jpg 473w,https:\/\/phantom-elmundo.unidadeditorial.es\/4f324c5a9ea4b728110094cfecaa23f8\/resize\/550\/f\/jpg\/assets\/multimedia\/imagenes\/2023\/04\/14\/16815076226121.jpg 550w,https:\/\/phantom-elmundo.unidadeditorial.es\/ffdcf78ba712fd2fccfa261d09bc18b9\/resize\/600\/f\/jpg\/assets\/multimedia\/imagenes\/2023\/04\/14\/16815076226121.jpg 600w,https:\/\/phantom-elmundo.unidadeditorial.es\/a08d507fa7f544e2b75e48e7036b48d7\/resize\/700\/f\/jpg\/assets\/multimedia\/imagenes\/2023\/04\/14\/16815076226121.jpg 700w,https:\/\/phantom-elmundo.unidadeditorial.es\/bd982c2c963b280fa23c3e8a8b7c3e02\/resize\/746\/f\/jpg\/assets\/multimedia\/imagenes\/2023\/04\/14\/16815076226121.jpg 746w\" type=\"image\/jpeg\" sizes=\"(min-width: 1010px) 473px, (min-width: 980px) calc(100vw - 573px), (min-width: 740px) calc(100vw - 310px), 100vw\" \/><img data-recalc-dims=\"1\" loading=\"lazy\" decoding=\"async\" class=\"ue-c-article__image\" src=\"https:\/\/i0.wp.com\/e00-elmundo.uecdn.es\/assets\/multimedia\/imagenes\/2023\/04\/14\/16815076226121.jpg?resize=640%2C427&#038;ssl=1\" alt=\"El logotipo de OpenAI en un tel\u00e9fono m\u00f3vil frente a una pantalla del ordenador que muestra ChatGPT\" width=\"640\" height=\"427\" \/><\/picture><\/div><figcaption class=\"ue-c-article__media-caption ue-c-article__media--caption-inverted-color-until-tablet  ue-c-article__media--caption-bottom-over-media-until-tablet ue-l-article--expand-edge-right-until-tablet ue-l-article--expand-edge-left-until-tablet\"><span class=\"ue-c-article__media-description\">El logotipo de OpenAI en un tel\u00e9fono m\u00f3vil frente a una pantalla del ordenador que muestra ChatGPT<\/span><span class=\"ue-c-article__media-source\"><span class=\"ue-c-article__media-author\">Michael Dwyer<\/span><span class=\"ue-c-article__media-agency\">AP<\/span><\/span><\/figcaption><\/figure>\n<\/div>\n<div class=\"ue-l-article__body ue-c-article__body\" style=\"text-align: justify;\" data-section=\"articleBody\">\n<p data-mrf-recirculation=\"Links P\u00e1rrafos\">El gobierno europeo no tiene del todo claro que <strong>ChatGPT<\/strong> y otras herramientas de inteligencia artificial cumplan con la legislaci\u00f3n vigente, sobre todo en materia de protecci\u00f3n de datos, y ha decidido dar el primer paso para crear unas normas comunes para este tipo de aplicaciones.<\/p>\n<p data-mrf-recirculation=\"Links P\u00e1rrafos\">Esta semana, el Comit\u00e9 Europeo de Protecci\u00f3n de Datos (CEPD), una organizaci\u00f3n formada por representantes de las distintas autoridades nacionales en esta materia, ha anunciado la creaci\u00f3n de un grupo de trabajo que se encargar\u00e1 de <strong>evaluar los riesgos que plantean estas nuevas herramientas.<\/strong><\/p>\n<div class=\"teads-inread xs-screen\">\n<div>\u00a0<\/div>\n<\/div>\n<p data-mrf-recirculation=\"Links P\u00e1rrafos\">El grupo ha comenzado ya una ronda de consultas con varios expertos para tratar de definir las posibles acciones que se pueden tomar de forma conjunta entre los diferentes pa\u00edses y marcar unas directrices comunes de actuaci\u00f3n.<\/p>\n<p data-mrf-recirculation=\"Links P\u00e1rrafos\">Es una decisi\u00f3n que se ha tomado <strong>a petici\u00f3n de la Agencia Espa\u00f1ola de Protecci\u00f3n de Datos,<\/strong> que a principios de semana solicit\u00f3 al organismo que evaluase las <a href=\"https:\/\/www.elmundo.es\/economia\/empresas\/2023\/04\/13\/643834d0fc6c8349278b45f2.html\" target=\"_blank\" rel=\"noopener\">posibles violaciones a la privacidad por parte de ChatGPT.<\/a><\/p>\n<p data-mrf-recirculation=\"Links P\u00e1rrafos\">\u00abLa AEPD entiende que las operaciones globales de procesamiento que pueden tener un impacto significativo en los derechos de las personas requieren decisiones coordinadas a nivel europeo\u00bb, dijo un portavoz de la agencia en un comunicado enviado por correo electr\u00f3nico.<\/p>\n<p data-mrf-recirculation=\"Links P\u00e1rrafos\">Espa\u00f1a, en cualquier caso, no es el \u00fanico pa\u00eds europeo preocupado por esta cuesti\u00f3n. Desde finales de marzo, <strong>el gobierno italiano ha bloqueado el acceso a ChatGPT en el pa\u00eds. <\/strong>Asegura que viola algunas de las normas de protecci\u00f3n de datos presentes en Italia (y que son similares a las de otros pa\u00edses europeos). ChatGPT, por ejemplo, no cuenta con un filtro que evite el acceso de menores y no avisa a los usuarios de que durante el uso la herramienta recopila datos personales.<\/p>\n<\/div>\n<p style=\"text-align: justify;\" data-mrf-recirculation=\"Links P\u00e1rrafos\">El hom\u00f3logo franc\u00e9s de la AEPD, el CNIL, tambi\u00e9n est\u00e1 estudiando varias denuncias y quejas sobre el servicio, que ha crecido de forma espectacular en los \u00faltimos meses y que puede tener un impacto social profundo.<\/p>\n<div id=\"cx_75f72b410942e1dabbcb0ca884067415725dff07_1\" style=\"text-align: justify;\" data-ue-id=\"cx_75f72b410942e1dabbcb0ca884067415725dff07\">\n<div class=\"ue-c-article__taboola-in-body ue-l-article--float-left-from-desktop ue-l-article--leftcol-width-from-desktop ue-l-article--move-to-leftcol-from-desktop \" data-mrf-recirculation=\"Taboola in body\">\n<div class=\"ue-c-article__taboola-in-body__list\">\n<div class=\"ue-c-article__taboola-in-body__item\">\n<div class=\"ue-c-article__context-content\"><span class=\"ue-c-article__context-title\">Pallete propone la creaci\u00f3n de una Agencia Internacional de Inteligencia Artificial<\/span><\/div>\n<\/div>\n<\/div>\n<\/div>\n<\/div>\n<p style=\"text-align: justify;\" data-mrf-recirculation=\"Links P\u00e1rrafos\">Varios expertos y acad\u00e9micos, de hecho, han pedido recientemente a las empresas tecnol\u00f3gicas que desarrollan estas herramientas (fundamentalmente OpenAI y Google), <strong>que paren el desarrollo de nuevos modelos de lenguaje <\/strong>y herramientas de inteligencia artificial generativas hasta que se pueda acordar un marco \u00e9tico y legal que proteja a los usuarios.<\/p>\n<p style=\"text-align: justify;\" data-mrf-recirculation=\"Links P\u00e1rrafos\">Esgrimen varias razones para hacerlo. Estos modelos de lenguaje han sido entrenados, por ejemplo, con material protegido por derechos de autor o sin el permiso de los usuarios. Hay tambi\u00e9n dudas sobre el efecto que podr\u00edan tener en el mercado laboral o la difusi\u00f3n de noticas falsas y propaganda.<\/p>\n<\/div>\n<\/div>\n<p data-mrf-recirculation=\"Links P\u00e1rrafos\"><span class=\"ue-c-article__media-description\">FOTO: La sede del Parlamento Europeo en Estrasburgo.<\/span><span class=\"ue-c-article__media-source\"><span class=\"ue-c-article__media-agency\">AP<\/span><\/span><\/p>\n<p data-mrf-recirculation=\"Links P\u00e1rrafos\">EL MUNDO<\/p>\n<p>https:\/\/www.elmundo.es\/tecnologia\/2023\/04\/14\/6439c5b4fdddff59b48b45a0.html<\/p>\n<\/div>\n","protected":false},"excerpt":{"rendered":"<p>Las comisiones de Libertades Civiles y de Protecci\u00f3n de los Consumidores votaron por abrumadora mayor\u00eda&#8230;<\/p>\n","protected":false},"author":1,"featured_media":61483,"comment_status":"closed","ping_status":"closed","sticky":false,"template":"","format":"standard","meta":{"_coblocks_attr":"","_coblocks_dimensions":"","_coblocks_responsive_height":"","_coblocks_accordion_ie_support":"","jetpack_post_was_ever_published":false,"_jetpack_newsletter_access":"","_jetpack_dont_email_post_to_subs":false,"_jetpack_newsletter_tier_id":0,"_jetpack_memberships_contains_paywalled_content":false,"_jetpack_memberships_contains_paid_content":false,"footnotes":"","jetpack_publicize_message":"","jetpack_publicize_feature_enabled":true,"jetpack_social_post_already_shared":false,"jetpack_social_options":{"image_generator_settings":{"template":"highway","default_image_id":0,"enabled":false},"version":2}},"categories":[1161,44,7671,6937,6920,15],"tags":[1053,3666,203],"class_list":["post-61482","post","type-post","status-publish","format-standard","has-post-thumbnail","hentry","category-ciudadania","category-noticias-de-hoy","category-politica","category-sociedad","category-tecnologia","category-ultimas-noticias","tag-europa","tag-inteligencia-artificial","tag-privacidad"],"jetpack_publicize_connections":[],"jetpack_featured_media_url":"https:\/\/i0.wp.com\/miradordeatarfe.es\/wp-content\/uploads\/2023\/05\/16837976950190.webp?fit=473%2C315&ssl=1","jetpack_likes_enabled":true,"jetpack_sharing_enabled":true,"_links":{"self":[{"href":"https:\/\/miradordeatarfe.es\/index.php?rest_route=\/wp\/v2\/posts\/61482","targetHints":{"allow":["GET"]}}],"collection":[{"href":"https:\/\/miradordeatarfe.es\/index.php?rest_route=\/wp\/v2\/posts"}],"about":[{"href":"https:\/\/miradordeatarfe.es\/index.php?rest_route=\/wp\/v2\/types\/post"}],"author":[{"embeddable":true,"href":"https:\/\/miradordeatarfe.es\/index.php?rest_route=\/wp\/v2\/users\/1"}],"replies":[{"embeddable":true,"href":"https:\/\/miradordeatarfe.es\/index.php?rest_route=%2Fwp%2Fv2%2Fcomments&post=61482"}],"version-history":[{"count":1,"href":"https:\/\/miradordeatarfe.es\/index.php?rest_route=\/wp\/v2\/posts\/61482\/revisions"}],"predecessor-version":[{"id":61484,"href":"https:\/\/miradordeatarfe.es\/index.php?rest_route=\/wp\/v2\/posts\/61482\/revisions\/61484"}],"wp:featuredmedia":[{"embeddable":true,"href":"https:\/\/miradordeatarfe.es\/index.php?rest_route=\/wp\/v2\/media\/61483"}],"wp:attachment":[{"href":"https:\/\/miradordeatarfe.es\/index.php?rest_route=%2Fwp%2Fv2%2Fmedia&parent=61482"}],"wp:term":[{"taxonomy":"category","embeddable":true,"href":"https:\/\/miradordeatarfe.es\/index.php?rest_route=%2Fwp%2Fv2%2Fcategories&post=61482"},{"taxonomy":"post_tag","embeddable":true,"href":"https:\/\/miradordeatarfe.es\/index.php?rest_route=%2Fwp%2Fv2%2Ftags&post=61482"}],"curies":[{"name":"wp","href":"https:\/\/api.w.org\/{rel}","templated":true}]}}