{"id":61496,"date":"2023-05-16T09:12:42","date_gmt":"2023-05-16T07:12:42","guid":{"rendered":"https:\/\/miradordeatarfe.es\/?p=61496"},"modified":"2023-05-16T17:40:11","modified_gmt":"2023-05-16T15:40:11","slug":"las-empresas-deberan-fijar-de-forma-inmediata-las-tareas-prohibidas-en-picos-de-calor","status":"publish","type":"post","link":"https:\/\/miradordeatarfe.es\/?p=61496","title":{"rendered":"Las empresas deber\u00e1n fijar de forma inmediata las tareas prohibidas en picos de calor"},"content":{"rendered":"<div class=\"c-header\">\n<div class=\"news-header\">\n<h3 style=\"text-align: justify;\">La nueva obligaci\u00f3n deber\u00e1 ser incluida en los planes de prevenci\u00f3n de cada compa\u00f1\u00eda y de forma general habr\u00e1 un mandato de \u201cmodificar o reducir\u201d las jornadas con alertas oficiales de calor, seg\u00fan avanzan a elDiario.es fuentes del Ministerio de Trabajo<\/h3>\n<\/div>\n<\/div>\n<div class=\"content-container col-12 col-lg-8\">\n<div class=\"c-content\">\n<div class=\"partner-wrapper opening\" style=\"text-align: justify;\" data-mrf-recirculation=\"Apertura\">\n<div class=\"second-col\">\u00a0<\/div>\n<footer class=\"news-info  has-button-follow\" data-mrf-recirculation=\"firma\">\n<div class=\"info-wrapper\">\u00a0<\/div>\n<\/footer>\n<\/div>\n<div class=\"partner-wrapper article-page__body-row \">\n<div class=\"second-col\">\n<p class=\"article-text\" style=\"text-align: justify;\">Las empresas deber\u00e1n definir de manera inmediata las tareas prohibidas al aire libre cuando existan condiciones clim\u00e1ticas extremas, como las olas de calor. \u201cSer\u00e1 una nueva obligaci\u00f3n de los planes de prevenci\u00f3n de riesgos laborales\u201d, adelantan desde el Ministerio de Trabajo sobre el decreto que el Gobierno aprueba este jueves. Adem\u00e1s, de manera general la legislaci\u00f3n recoger\u00e1 por ley el mandato de \u201cmodificar o reducir\u201d las jornadas de trabajo cuando la AEMET emita alertas por fen\u00f3menos meteorol\u00f3gicos adversos de nivel rojo o naranja, a\u00f1aden en el departamento dirigido por Yolanda D\u00edaz.<\/p>\n<p><a class=\"news-know-more partner-vertical-tablet-desktop\" href=\"https:\/\/www.eldiario.es\/economia\/trabajar-calor-extremo-insufrible-aire-toldos_1_9086826.html\" data-mrf-recirculation=\"saber-mas\"> <picture class=\"know-more-img\"><source srcset=\"https:\/\/static.eldiario.es\/clip\/f0481594-c4eb-4c7f-bfd8-becb96d994a4_16-9-aspect-ratio_50p_0.jpg\" media=\"(max-width: 768px)\" data-srcset=\"https:\/\/static.eldiario.es\/clip\/f0481594-c4eb-4c7f-bfd8-becb96d994a4_16-9-aspect-ratio_50p_0.jpg\" \/><source srcset=\"https:\/\/static.eldiario.es\/clip\/f0481594-c4eb-4c7f-bfd8-becb96d994a4_16-9-aspect-ratio_50p_0.jpg\" media=\"(min-width: 769px)\" data-srcset=\"https:\/\/static.eldiario.es\/clip\/f0481594-c4eb-4c7f-bfd8-becb96d994a4_16-9-aspect-ratio_50p_0.jpg\" \/><img decoding=\"async\" class=\"lazy entered loaded alignleft\" src=\"data:;base64,<svg xmlns='http:\/\/www.w3.org\/2000\/svg' viewBox='0 0 880 495'\/>\u00bb alt=\u00bbTrabajar bajo un calor extremo: &quot;Esto es insufrible, estamos sin aire ni toldos&quot;\u00bb data-ll-status=\u00bbloaded\u00bb \/> <\/picture>\n<\/a>Trabajar bajo un calor extremo: \u00abEsto es insufrible, estamos sin aire ni toldos\u00bb<\/p>\n<p class=\"article-text\" style=\"text-align: justify;\">Las dos medidas forman parte de un real decreto ley m\u00e1s amplio que el Gobierno de coalici\u00f3n aprobar\u00e1 este jueves en un Consejo de Ministros Extraordinario con medidas para hacer frente a la sequ\u00eda y el calor extremo. Las nuevas garant\u00edas laborales se prev\u00e9 que entren en vigor \u201cde forma inmediata\u201d, explican en Trabajo, al d\u00eda siguiente de la publicaci\u00f3n en el BOE, como el resto de la norma.<\/p>\n<p class=\"article-text\" style=\"text-align: justify;\">La urgencia del despliegue del decreto y de estas dos medidas se justifica en el Ejecutivo por el auge de las temperaturas al que ya estamos asistiendo, <a class=\"link\" href=\"https:\/\/www.eldiario.es\/sociedad\/cara-visible-cambio-climatico-espana-asarse-abril-si-fuera-julio_1_10153688.html\" data-mrf-recirculation=\"links-noticia\">con temperaturas en abril propias de julio<\/a>, y la necesidad de proteger a las personas trabajadoras de riesgos en ocasiones fatales.<\/p>\n<p class=\"article-text\" style=\"text-align: justify;\">Como le ocurri\u00f3 a <a class=\"link\" href=\"https:\/\/www.eldiario.es\/economia\/41-000-muertos-trabajo-tres-decadas-lacra-laboral-invisible_1_10003181.html\" data-mrf-recirculation=\"links-noticia\">Jos\u00e9 Antonio Gonz\u00e1lez, barrendero en Madrid<\/a> que falleci\u00f3 el a\u00f1o pasado mientras limpiaba las calles de la capital a media tarde en plena ola de calor. <a class=\"link\" href=\"https:\/\/www.eldiario.es\/blog\/al-dia\/podcast-morir-en-el-trabajo-y-que-lo-llamen-accidente-laboral_132_10014518.html\" data-mrf-recirculation=\"links-noticia\">Su hijo explic\u00f3 a este medio<\/a> el agotamiento de su padre d\u00edas previos a su fallecimiento, su propio temor a un golpe de calor y la falta de una adaptaci\u00f3n de horarios en la empresa ante el pico en los term\u00f3metros.<\/p>\n<p class=\"article-text\" style=\"text-align: justify;\">Unos d\u00edas despu\u00e9s <a class=\"link\" href=\"https:\/\/www.publico.es\/sociedad\/muere-segundo-trabajador-madrid-golpe-calor.html\" target=\"_blank\" rel=\"noopener\" data-mrf-recirculation=\"links-noticia\">falleci\u00f3 a otro trabajador en una nave en M\u00f3stoles<\/a>. A principios de agosto, <a class=\"link\" href=\"https:\/\/www.eldiario.es\/murcia\/sociedad\/fallece-golpe-calor-trabajador-empresa-agroalimentaria-fuente-alamo_1_9233688.html\" target=\"_blank\" rel=\"noopener\" data-mrf-recirculation=\"links-noticia\">mor\u00eda un hombre de 38 a\u00f1os<\/a> tras otro golpe de calor en una nave de la regi\u00f3n murciana de Fuente del \u00c1lamo. A finales de agosto, <a class=\"link\" href=\"https:\/\/www.laverdad.es\/murcia\/fallece-trabajador-anos-20220831124625-nt.html\" target=\"_blank\" rel=\"noopener\" data-mrf-recirculation=\"links-noticia\">un trabajador de 45 a\u00f1os del sector de la construcci\u00f3n<\/a> perd\u00eda la vida por el mismo motivo tambi\u00e9n en la comunidad murciana.<\/p>\n<h3 class=\"article-text\" style=\"text-align: justify;\">Dos nuevas obligaciones<\/h3>\n<p class=\"article-text\" style=\"text-align: justify;\">Para evitar m\u00e1s muertes y accidentes por este motivo, en el Ministerio de Trabajo han incluido en el decreto estas dos medidas de refuerzo de la prevenci\u00f3n. La primera, sobre tareas prohibidas ante situaciones climatol\u00f3gicas extremas, queda insertada dentro de los planes de prevenci\u00f3n de riesgos laborales de cada empresa. Estos planes son obligatorios en todas las empresas y deben contener medidas preventivas ante los riesgos existentes para las plantillas.<\/p>\n<p class=\"article-text\" style=\"text-align: justify;\">Trabajo pone ahora un nuevo deber expreso a las empresas: identificar tareas que no se pueden realizar en coyunturas meteorol\u00f3gicas extremas. Estas pueden ser debidas a las temperaturas, como 39 grados al sol en la calle, pero tambi\u00e9n por otros motivos, como rachas de fuertes vientos o de lluvias, precisan en el Ministerio.<\/p>\n<p class=\"article-text\" style=\"text-align: justify;\">La clave para determinar qu\u00e9 tareas se pueden realizar y cu\u00e1les no deben evaluarse en cada compa\u00f1\u00eda, siempre con la premisa de garantizar la salud y seguridad de las personas trabajadoras. \u201cAlgo que en algunas de las muertes por golpes de calor que por desgracia hemos visto es obvio que no suced\u00eda\u201d, lamentan en Trabajo.<\/p>\n<p class=\"article-text\" style=\"text-align: justify;\">En segundo lugar, cuando haya una alerta naranja o roja de la AEMET, el decreto extender\u00e1 de manera amplia una nueva obligaci\u00f3n a \u201cmodificar o reducir\u201d las jornadas de los trabajadores en exteriores. En interiores ya hay un reglamento que determina temperaturas m\u00e1ximas a las que pueden desarrollar sus tareas trabajadores con funciones sedentarias y ligeras, recuerdan en el Ministerio de Yolanda D\u00edaz.<\/p>\n<p class=\"article-text\" style=\"text-align: justify;\">Adem\u00e1s, fuentes de Sanidad explican a elDiario.es que el Ministerio cuenta con el Plan Nacional de Actuaciones Preventivas de los Efectos del Exceso de Temperaturas en la Salud, que establece recomendaciones en funci\u00f3n de sus propios niveles de alerta, que elabora el Instituto de Salud Carlos III, independientes de los de la AEMET. Es por eso que estas mismas fuentes asumen que habr\u00e1 una coordinaci\u00f3n entre la Agencia, que depende del Transici\u00f3n Ecolog\u00eda, Trabajo y este departamento, informa <strong>David Noriega<\/strong>.<\/p>\n<h3 class=\"article-text\" style=\"text-align: justify;\">\u201cM\u00e1s herramientas\u201d para la Inspecci\u00f3n de Trabajo<\/h3>\n<p class=\"article-text\" style=\"text-align: justify;\">Estas nuevas obligaciones concretas dar\u00e1n \u201cm\u00e1s herramientas\u201d a la Inspecci\u00f3n de Trabajo para paralizar actividades en aquellos casos donde no se except\u00fae la actividad y se est\u00e9 exponiendo en riesgo la salud y seguridad de los trabajadores por las temperaturas extremas, sostienen en el Ministerio.<\/p>\n<p class=\"article-text\" style=\"text-align: justify;\">Hay que recordar que a d\u00eda de hoy los empresarios ya tienen la obligaci\u00f3n de proteger a los trabajadores del calor extremo. El estr\u00e9s t\u00e9rmico, en auge por las altas temperaturas cada vez m\u00e1s frecuentes, <a class=\"link\" href=\"https:\/\/www.eldiario.es\/sociedad\/climatico-espana-temperaturas-transmision-enfermedades_1_1995004.html\" target=\"_blank\" rel=\"noopener\" data-mrf-recirculation=\"links-noticia\">es un riesgo para la salud reconocido y m\u00e1s que probado<\/a>, que en sus peores expresiones se manifiesta en las mencionadas muertes por golpes de calor. Tambi\u00e9n en el agravamiento de otras enfermedades y en el aumento de siniestros laborales en general, entre otras consecuencias que subrayaban <a class=\"link\" href=\"https:\/\/www.eldiario.es\/economia\/proteger-trabajadores-calor-prevencion-incendios-hay-hacerla-tarde_1_8217677.html\" data-mrf-recirculation=\"links-noticia\">en esta entrevista<\/a> desde el departamento de Salud Laboral de CCOO.<\/p>\n<p class=\"article-text\" style=\"text-align: justify;\">Pero esa obligaci\u00f3n ahora es bastante gen\u00e9rica. Se <a class=\"link\" href=\"https:\/\/www.boe.es\/buscar\/act.php?id=BOE-A-1997-8669\" target=\"_blank\" rel=\"noopener\" data-mrf-recirculation=\"links-noticia\">prev\u00e9<\/a> que \u201cen los lugares de trabajo al aire libre y en los locales de trabajo que, por la actividad desarrollada, no puedan quedar cerrados, deber\u00e1n tomarse medidas para que los trabajadores puedan protegerse, en la medida de lo posible, de las inclemencias del tiempo\u201d.<\/p>\n<p class=\"article-text\" style=\"text-align: justify;\">As\u00ed, con estos nuevos a\u00f1adidos, en el Gobierno pretenden concretar m\u00e1s la prevenci\u00f3n frente al calor para que se extienda con medidas concretas en las empresas, que se vean obligadas a analizar y tomar medidas preventivas ante este riesgo, y tambi\u00e9n facilitar el control por parte de la autoridad laboral. Las multas por no proteger la salud de los trabajadores son las m\u00e1s altas y pueden alcanzar en los casos m\u00e1s graves hasta los 983.736 euros.<\/p>\n<\/div>\n<\/div>\n<\/div>\n<\/div>\n","protected":false},"excerpt":{"rendered":"<p>La nueva obligaci\u00f3n deber\u00e1 ser incluida en los planes de prevenci\u00f3n de cada compa\u00f1\u00eda y&#8230;<\/p>\n","protected":false},"author":1,"featured_media":61497,"comment_status":"closed","ping_status":"closed","sticky":false,"template":"","format":"standard","meta":{"_coblocks_attr":"","_coblocks_dimensions":"","_coblocks_responsive_height":"","_coblocks_accordion_ie_support":"","jetpack_post_was_ever_published":false,"_jetpack_newsletter_access":"","_jetpack_dont_email_post_to_subs":false,"_jetpack_newsletter_tier_id":0,"_jetpack_memberships_contains_paywalled_content":false,"_jetpack_memberships_contains_paid_content":false,"footnotes":"","jetpack_publicize_message":"","jetpack_publicize_feature_enabled":true,"jetpack_social_post_already_shared":false,"jetpack_social_options":{"image_generator_settings":{"template":"highway","default_image_id":0,"enabled":false},"version":2}},"categories":[2,1161,186,44,7671,6937,15,10],"tags":[731,7565],"class_list":["post-61496","post","type-post","status-publish","format-standard","has-post-thumbnail","hentry","category-atarfe","category-ciudadania","category-instituciones","category-noticias-de-hoy","category-politica","category-sociedad","category-ultimas-noticias","category-salud","tag-calor","tag-medidas-de-proteccion"],"jetpack_publicize_connections":[],"jetpack_featured_media_url":"https:\/\/i0.wp.com\/miradordeatarfe.es\/wp-content\/uploads\/2023\/05\/7e4ed1e7-49de-464f-81e4-d6b02285bf3f_16-9-discover-aspect-ratio_default_0.jpg?fit=1200%2C675&ssl=1","jetpack_likes_enabled":true,"jetpack_sharing_enabled":true,"_links":{"self":[{"href":"https:\/\/miradordeatarfe.es\/index.php?rest_route=\/wp\/v2\/posts\/61496","targetHints":{"allow":["GET"]}}],"collection":[{"href":"https:\/\/miradordeatarfe.es\/index.php?rest_route=\/wp\/v2\/posts"}],"about":[{"href":"https:\/\/miradordeatarfe.es\/index.php?rest_route=\/wp\/v2\/types\/post"}],"author":[{"embeddable":true,"href":"https:\/\/miradordeatarfe.es\/index.php?rest_route=\/wp\/v2\/users\/1"}],"replies":[{"embeddable":true,"href":"https:\/\/miradordeatarfe.es\/index.php?rest_route=%2Fwp%2Fv2%2Fcomments&post=61496"}],"version-history":[{"count":1,"href":"https:\/\/miradordeatarfe.es\/index.php?rest_route=\/wp\/v2\/posts\/61496\/revisions"}],"predecessor-version":[{"id":61498,"href":"https:\/\/miradordeatarfe.es\/index.php?rest_route=\/wp\/v2\/posts\/61496\/revisions\/61498"}],"wp:featuredmedia":[{"embeddable":true,"href":"https:\/\/miradordeatarfe.es\/index.php?rest_route=\/wp\/v2\/media\/61497"}],"wp:attachment":[{"href":"https:\/\/miradordeatarfe.es\/index.php?rest_route=%2Fwp%2Fv2%2Fmedia&parent=61496"}],"wp:term":[{"taxonomy":"category","embeddable":true,"href":"https:\/\/miradordeatarfe.es\/index.php?rest_route=%2Fwp%2Fv2%2Fcategories&post=61496"},{"taxonomy":"post_tag","embeddable":true,"href":"https:\/\/miradordeatarfe.es\/index.php?rest_route=%2Fwp%2Fv2%2Ftags&post=61496"}],"curies":[{"name":"wp","href":"https:\/\/api.w.org\/{rel}","templated":true}]}}