{"id":61505,"date":"2023-05-15T13:45:29","date_gmt":"2023-05-15T11:45:29","guid":{"rendered":"https:\/\/miradordeatarfe.es\/?p=61505"},"modified":"2023-05-15T13:45:29","modified_gmt":"2023-05-15T11:45:29","slug":"vuelve-la-fiesta-del-cine-precio-dias-y-cartelera","status":"publish","type":"post","link":"https:\/\/miradordeatarfe.es\/?p=61505","title":{"rendered":"Vuelve la Fiesta del Cine: precio, d\u00edas y cartelera"},"content":{"rendered":"<h2>La vig\u00e9sima edici\u00f3n de esta iniciativa empieza este lunes y durar\u00e1 cuatro d\u00edas, hasta el jueves<\/h2>\n<div class=\"second-col\">\n<p class=\"article-text\">La Fiesta del Cine vuelve a partir de este lunes para tratar de revitalizar la asistencia a las salas, que no acaba de recuperarse del mazazo que supuso la pandemia de coronavirus. En lo que va de a\u00f1o, la asistencia acumula una ca\u00edda del 32 % respecto a la media de los cinco a\u00f1os previos.<\/p>\n<h3 class=\"article-text\">\u00bfCu\u00e1nto cuesta?<\/h3>\n<p class=\"article-text\">El precio es de 3,50 euros la entrada.<\/p>\n<h3 class=\"article-text\">\u00bfHasta cu\u00e1ndo?<\/h3>\n<p class=\"article-text\">La vig\u00e9sima edici\u00f3n de la Fiesta del Cine, una iniciativa conjunta de la principal federaci\u00f3n de exhibidores (FECE) y de distribuidores (Fedicine), se celebrar\u00e1 durante cuatro d\u00edas, <em><strong>de lunes 15 de mayo a jueves 18.<\/strong><\/em><\/p>\n<p class=\"article-text\">Contar\u00e1 con la participaci\u00f3n de 326 cines de toda Espa\u00f1a, que suman un total de 2.932 pantallas.<\/p>\n<h3 class=\"article-text\">\u00bfQu\u00e9 hay en cartelera?<\/h3>\n<p class=\"article-text\">En la cartelera esos d\u00edas habr\u00e1 grandes producciones comerciales como <a class=\"link\" href=\"https:\/\/www.eldiario.es\/cultura\/cine\/guardianes-galaxia-3-cierra-mejor-trilogia-marvel-peliculas-gente-quieres-divertido_1_10171598.html\" target=\"_blank\" rel=\"noopener\" data-mrf-recirculation=\"links-noticia\"><em>Guardianes de la Galaxia: Volumen 3<\/em><\/a><a class=\"link\" href=\"https:\/\/www.eldiario.es\/cultura\/cine\/guardianes-galaxia-3-cierra-mejor-trilogia-marvel-peliculas-gente-quieres-divertido_1_10171598.html\" target=\"_blank\" rel=\"noopener\" data-mrf-recirculation=\"links-noticia\">,<\/a> <em>Dungeons &amp; Dragons: Honor entre Ladrones<\/em>, <a class=\"link\" href=\"https:\/\/www.eldiario.es\/cultura\/cine\/super-mario-bros-pelicula-colorido-escaparate-entretenido-vacio_129_10094995.html\" target=\"_blank\" rel=\"noopener\" data-mrf-recirculation=\"links-noticia\"><em>Super Mario Bros. La pel\u00edcula<\/em><\/a>, <em>John Wick 4<\/em> o la comedia espa\u00f1ola <em>\u00a1Vaya Vacaciones!.<\/em><\/p>\n<p class=\"article-text\">Pero tambi\u00e9n propuestas independientes como <a class=\"link\" href=\"https:\/\/www.eldiario.es\/cultura\/cine\/joanna-hogg-demuestra-cine-cuenta-historia-fantasmas-hija-eterna_1_10195627.html\" target=\"_blank\" rel=\"noopener\" data-mrf-recirculation=\"links-noticia\"><em>La hija eterna<\/em><\/a> de Joanna Hogg, protagonizada por Tilda Swinton; el thriller de acci\u00f3n <em>Asedio<\/em>, con Natalia de Molina; la premiada en Berl\u00edn <a class=\"link\" href=\"https:\/\/www.eldiario.es\/cultura\/cine\/20-000-especies-abejas-delicada-mirada-infancia-trans-apunta-cinco-lobitos-ano_129_10137662.html\" target=\"_blank\" rel=\"noopener\" data-mrf-recirculation=\"links-noticia\"><em>20.000 especies de abejas<\/em><\/a>, sobre la infancia &#8216;trans&#8217;, o el documental de autor <em>La mala familia,<\/em> entre otras.<\/p>\n<h3 class=\"article-text\">\u00bfC\u00f3mo est\u00e1 la asistencia al cine?<\/h3>\n<p class=\"article-text\">Desde comienzos de enero, la asistencia media semanal a los cines en Espa\u00f1a se ha situado en torno al 68 % respecto a la media del periodo 2015-2019. Solo una semana, la del 7 al 13 de abril, coincidiendo con el estreno de <em>Super Mario Bros<\/em>, se super\u00f3 la barrera del 100% \u2014hasta un 109%\u2014, es decir que hubo m\u00e1s espectadores que en el periodo de referencia.<\/p>\n<p class=\"article-text\">La siguiente semana con mayor asistencia fue justo la anterior, con un 97 %, coincidiendo con el estreno de la \u00faltima entrega de la saga <em>Dungeons and dragons<\/em> y la tercera, con un 83 %, la del 21 al 27 de abril, la semana en que se estrenaron <em>Posesi\u00f3n infernal<\/em> y <em>\u00a1Vaya vacaciones!.<\/em><\/p>\n<\/div>\n<p><a href=\"https:\/\/www.eldiario.es\/autores\/eldiario_es\/\">elDiario.es<\/a><\/p>\n<div class=\"second-col\">\n<figure class=\"ni-figure\"><figcaption class=\"image-footer\"><span class=\"title\">FOTO: Un grupo de j\u00f3venes observa la cartelera de los Cines Golem en Madrid. <span class=\"author\"> EFE\/ Javier Liz\u00f3n<\/span> <\/span><\/figcaption><\/figure>\n<\/div>\n<footer class=\"news-info \" data-mrf-recirculation=\"firma\">\n<div class=\"info-wrapper\">\n<div class=\"date-comments-wrapper\"><span class=\"place\">EFE <\/span><\/div>\n<div>https:\/\/www.eldiario.es\/cultura\/fiesta-cine-vuelve-revitalizar-asistencia-salas_1_10203214.html<\/div>\n<\/div>\n<\/footer>\n","protected":false},"excerpt":{"rendered":"<p>La vig\u00e9sima edici\u00f3n de esta iniciativa empieza este lunes y durar\u00e1 cuatro d\u00edas, hasta el&#8230;<\/p>\n","protected":false},"author":1,"featured_media":61506,"comment_status":"closed","ping_status":"closed","sticky":false,"template":"","format":"standard","meta":{"_coblocks_attr":"","_coblocks_dimensions":"","_coblocks_responsive_height":"","_coblocks_accordion_ie_support":"","jetpack_post_was_ever_published":false,"_jetpack_newsletter_access":"","_jetpack_dont_email_post_to_subs":false,"_jetpack_newsletter_tier_id":0,"_jetpack_memberships_contains_paywalled_content":false,"_jetpack_memberships_contains_paid_content":false,"footnotes":"","jetpack_publicize_message":"","jetpack_publicize_feature_enabled":true,"jetpack_social_post_already_shared":false,"jetpack_social_options":{"image_generator_settings":{"template":"highway","default_image_id":0,"enabled":false},"version":2}},"categories":[1161,44,6937,6920,15],"tags":[10369,9174],"class_list":["post-61505","post","type-post","status-publish","format-standard","has-post-thumbnail","hentry","category-ciudadania","category-noticias-de-hoy","category-sociedad","category-tecnologia","category-ultimas-noticias","tag-espectadores","tag-fiesta-del-cine"],"jetpack_publicize_connections":[],"jetpack_featured_media_url":"https:\/\/i0.wp.com\/miradordeatarfe.es\/wp-content\/uploads\/2023\/05\/f7f0e416-140e-4f18-8ebf-c1604f65048c_16-9-discover-aspect-ratio_default_0.jpg?fit=1200%2C675&ssl=1","jetpack_likes_enabled":true,"jetpack_sharing_enabled":true,"_links":{"self":[{"href":"https:\/\/miradordeatarfe.es\/index.php?rest_route=\/wp\/v2\/posts\/61505","targetHints":{"allow":["GET"]}}],"collection":[{"href":"https:\/\/miradordeatarfe.es\/index.php?rest_route=\/wp\/v2\/posts"}],"about":[{"href":"https:\/\/miradordeatarfe.es\/index.php?rest_route=\/wp\/v2\/types\/post"}],"author":[{"embeddable":true,"href":"https:\/\/miradordeatarfe.es\/index.php?rest_route=\/wp\/v2\/users\/1"}],"replies":[{"embeddable":true,"href":"https:\/\/miradordeatarfe.es\/index.php?rest_route=%2Fwp%2Fv2%2Fcomments&post=61505"}],"version-history":[{"count":1,"href":"https:\/\/miradordeatarfe.es\/index.php?rest_route=\/wp\/v2\/posts\/61505\/revisions"}],"predecessor-version":[{"id":61507,"href":"https:\/\/miradordeatarfe.es\/index.php?rest_route=\/wp\/v2\/posts\/61505\/revisions\/61507"}],"wp:featuredmedia":[{"embeddable":true,"href":"https:\/\/miradordeatarfe.es\/index.php?rest_route=\/wp\/v2\/media\/61506"}],"wp:attachment":[{"href":"https:\/\/miradordeatarfe.es\/index.php?rest_route=%2Fwp%2Fv2%2Fmedia&parent=61505"}],"wp:term":[{"taxonomy":"category","embeddable":true,"href":"https:\/\/miradordeatarfe.es\/index.php?rest_route=%2Fwp%2Fv2%2Fcategories&post=61505"},{"taxonomy":"post_tag","embeddable":true,"href":"https:\/\/miradordeatarfe.es\/index.php?rest_route=%2Fwp%2Fv2%2Ftags&post=61505"}],"curies":[{"name":"wp","href":"https:\/\/api.w.org\/{rel}","templated":true}]}}