{"id":61511,"date":"2023-05-18T11:06:15","date_gmt":"2023-05-18T09:06:15","guid":{"rendered":"https:\/\/miradordeatarfe.es\/?p=61511"},"modified":"2023-05-16T19:07:48","modified_gmt":"2023-05-16T17:07:48","slug":"ayuntamiento-de-atarfe-informacion-2","status":"publish","type":"post","link":"https:\/\/miradordeatarfe.es\/?p=61511","title":{"rendered":"AYUNTAMIENTO DE ATARFE: INFORMACI\u00d3N"},"content":{"rendered":"<h2>Instalaciones solares, t\u00e9rmicas y fotovoltaicas para autoconsumo en edificios municipales<\/h2>\n<div class=\"post-meta\">\u00a0El Ayuntamiento de Atarfe ha recibido una ayuda de la Uni\u00f3n Europea con cargo al Fondo Europeo de Desarrollo Regional para los proyectos de Instalaciones Solares, t\u00e9rmicas y fotovoltaicas para autoconsumo en edificios municipales, dentro del Programa para el desarrollo energ\u00e9tico sostenible de Andaluc\u00eda en el per\u00edodo 2017-2020, que tiene por objetivo conseguir una econom\u00eda m\u00e1s limpia y sostenible<\/div>\n<h2><img data-recalc-dims=\"1\" decoding=\"async\" src=\"https:\/\/i0.wp.com\/www.atarfe.es\/data\/CoreImages\/web-2016.jpg?w=640\" alt=\"\" \/><\/h2>\n<h2>\u00a0<\/h2>\n<h2>\u00a0<\/h2>\n<h2>\u00a0<\/h2>\n<h2>XXI FESTIVAL DE JAZZ EN EL LAGO<\/h2>\n<p>&nbsp;<\/p>\n<p><a href=\"https:\/\/i0.wp.com\/miradordeatarfe.es\/wp-content\/uploads\/2023\/05\/346992777_1416290549158381_8118790777513247920_n.jpg?ssl=1\"><img data-recalc-dims=\"1\" loading=\"lazy\" decoding=\"async\" class=\"alignnone wp-image-61512 \" src=\"https:\/\/i0.wp.com\/miradordeatarfe.es\/wp-content\/uploads\/2023\/05\/346992777_1416290549158381_8118790777513247920_n.jpg?resize=640%2C905&#038;ssl=1\" alt=\"\" width=\"640\" height=\"905\" srcset=\"https:\/\/i0.wp.com\/miradordeatarfe.es\/wp-content\/uploads\/2023\/05\/346992777_1416290549158381_8118790777513247920_n.jpg?w=509&amp;ssl=1 509w, https:\/\/i0.wp.com\/miradordeatarfe.es\/wp-content\/uploads\/2023\/05\/346992777_1416290549158381_8118790777513247920_n.jpg?resize=212%2C300&amp;ssl=1 212w\" sizes=\"auto, (max-width: 640px) 100vw, 640px\" \/><\/a><\/p>\n<h2>\u00a0<\/h2>\n<h2>CAMPEONATO DE ANDALUC\u00cdA DE CLUBES EN SIERRA ELVIRA<\/h2>\n<p>&nbsp;<\/p>\n<h2><a href=\"https:\/\/i0.wp.com\/miradordeatarfe.es\/wp-content\/uploads\/2023\/05\/346661897_6067390850032474_7393339995268493571_n.jpg?ssl=1\"><img data-recalc-dims=\"1\" loading=\"lazy\" decoding=\"async\" class=\"alignnone wp-image-61513 size-full\" src=\"https:\/\/i0.wp.com\/miradordeatarfe.es\/wp-content\/uploads\/2023\/05\/346661897_6067390850032474_7393339995268493571_n.jpg?resize=640%2C487&#038;ssl=1\" alt=\"\" width=\"640\" height=\"487\" srcset=\"https:\/\/i0.wp.com\/miradordeatarfe.es\/wp-content\/uploads\/2023\/05\/346661897_6067390850032474_7393339995268493571_n.jpg?w=710&amp;ssl=1 710w, https:\/\/i0.wp.com\/miradordeatarfe.es\/wp-content\/uploads\/2023\/05\/346661897_6067390850032474_7393339995268493571_n.jpg?resize=300%2C228&amp;ssl=1 300w\" sizes=\"auto, (max-width: 640px) 100vw, 640px\" \/><\/a><\/h2>\n<h2>ENCUENTRO DE NOST\u00c1LGICOS Y SOLIDARIOS DE JA HOLIDAY<\/h2>\n<p><a href=\"https:\/\/i0.wp.com\/miradordeatarfe.es\/wp-content\/uploads\/2023\/05\/346035920_139425632365532_2844137226403647458_n.jpg?ssl=1\"><img data-recalc-dims=\"1\" loading=\"lazy\" decoding=\"async\" class=\"alignnone wp-image-61514 size-full\" src=\"https:\/\/i0.wp.com\/miradordeatarfe.es\/wp-content\/uploads\/2023\/05\/346035920_139425632365532_2844137226403647458_n.jpg?resize=640%2C904&#038;ssl=1\" alt=\"\" width=\"640\" height=\"904\" srcset=\"https:\/\/i0.wp.com\/miradordeatarfe.es\/wp-content\/uploads\/2023\/05\/346035920_139425632365532_2844137226403647458_n.jpg?w=1450&amp;ssl=1 1450w, https:\/\/i0.wp.com\/miradordeatarfe.es\/wp-content\/uploads\/2023\/05\/346035920_139425632365532_2844137226403647458_n.jpg?resize=212%2C300&amp;ssl=1 212w, https:\/\/i0.wp.com\/miradordeatarfe.es\/wp-content\/uploads\/2023\/05\/346035920_139425632365532_2844137226403647458_n.jpg?resize=725%2C1024&amp;ssl=1 725w, https:\/\/i0.wp.com\/miradordeatarfe.es\/wp-content\/uploads\/2023\/05\/346035920_139425632365532_2844137226403647458_n.jpg?resize=768%2C1085&amp;ssl=1 768w, https:\/\/i0.wp.com\/miradordeatarfe.es\/wp-content\/uploads\/2023\/05\/346035920_139425632365532_2844137226403647458_n.jpg?resize=1088%2C1536&amp;ssl=1 1088w, https:\/\/i0.wp.com\/miradordeatarfe.es\/wp-content\/uploads\/2023\/05\/346035920_139425632365532_2844137226403647458_n.jpg?resize=1320%2C1864&amp;ssl=1 1320w\" sizes=\"auto, (max-width: 640px) 100vw, 640px\" \/><\/a><\/p>\n<p>&nbsp;<\/p>\n","protected":false},"excerpt":{"rendered":"<p>Instalaciones solares, t\u00e9rmicas y fotovoltaicas para autoconsumo en edificios municipales \u00a0El Ayuntamiento de Atarfe ha&#8230;<\/p>\n","protected":false},"author":1,"featured_media":61515,"comment_status":"closed","ping_status":"closed","sticky":false,"template":"","format":"standard","meta":{"_coblocks_attr":"","_coblocks_dimensions":"","_coblocks_responsive_height":"","_coblocks_accordion_ie_support":"","jetpack_post_was_ever_published":false,"_jetpack_newsletter_access":"","_jetpack_dont_email_post_to_subs":false,"_jetpack_newsletter_tier_id":0,"_jetpack_memberships_contains_paywalled_content":false,"_jetpack_memberships_contains_paid_content":false,"footnotes":"","jetpack_publicize_message":"","jetpack_publicize_feature_enabled":true,"jetpack_social_post_already_shared":false,"jetpack_social_options":{"image_generator_settings":{"template":"highway","default_image_id":0,"enabled":false},"version":2}},"categories":[2,12,6916,1161,44,15,10],"tags":[1381,1409,989],"class_list":["post-61511","post","type-post","status-publish","format-standard","has-post-thumbnail","hentry","category-atarfe","category-cultura","category-ayuntamiento-de-atarfe","category-ciudadania","category-noticias-de-hoy","category-ultimas-noticias","category-salud","tag-carrera","tag-fiesta","tag-noticias"],"jetpack_publicize_connections":[],"jetpack_featured_media_url":"https:\/\/i0.wp.com\/miradordeatarfe.es\/wp-content\/uploads\/2023\/05\/ATARFE.jpg?fit=1024%2C680&ssl=1","jetpack_likes_enabled":true,"jetpack_sharing_enabled":true,"_links":{"self":[{"href":"https:\/\/miradordeatarfe.es\/index.php?rest_route=\/wp\/v2\/posts\/61511","targetHints":{"allow":["GET"]}}],"collection":[{"href":"https:\/\/miradordeatarfe.es\/index.php?rest_route=\/wp\/v2\/posts"}],"about":[{"href":"https:\/\/miradordeatarfe.es\/index.php?rest_route=\/wp\/v2\/types\/post"}],"author":[{"embeddable":true,"href":"https:\/\/miradordeatarfe.es\/index.php?rest_route=\/wp\/v2\/users\/1"}],"replies":[{"embeddable":true,"href":"https:\/\/miradordeatarfe.es\/index.php?rest_route=%2Fwp%2Fv2%2Fcomments&post=61511"}],"version-history":[{"count":1,"href":"https:\/\/miradordeatarfe.es\/index.php?rest_route=\/wp\/v2\/posts\/61511\/revisions"}],"predecessor-version":[{"id":61516,"href":"https:\/\/miradordeatarfe.es\/index.php?rest_route=\/wp\/v2\/posts\/61511\/revisions\/61516"}],"wp:featuredmedia":[{"embeddable":true,"href":"https:\/\/miradordeatarfe.es\/index.php?rest_route=\/wp\/v2\/media\/61515"}],"wp:attachment":[{"href":"https:\/\/miradordeatarfe.es\/index.php?rest_route=%2Fwp%2Fv2%2Fmedia&parent=61511"}],"wp:term":[{"taxonomy":"category","embeddable":true,"href":"https:\/\/miradordeatarfe.es\/index.php?rest_route=%2Fwp%2Fv2%2Fcategories&post=61511"},{"taxonomy":"post_tag","embeddable":true,"href":"https:\/\/miradordeatarfe.es\/index.php?rest_route=%2Fwp%2Fv2%2Ftags&post=61511"}],"curies":[{"name":"wp","href":"https:\/\/api.w.org\/{rel}","templated":true}]}}