{"id":61564,"date":"2023-05-21T10:09:57","date_gmt":"2023-05-21T08:09:57","guid":{"rendered":"https:\/\/miradordeatarfe.es\/?p=61564"},"modified":"2023-05-18T11:36:32","modified_gmt":"2023-05-18T09:36:32","slug":"61564","status":"publish","type":"post","link":"https:\/\/miradordeatarfe.es\/?p=61564","title":{"rendered":"FESTIVAL INTERNACIONAL DE TEATRO CL\u00c1SICO DE M\u00c9RIDA 2023"},"content":{"rendered":"<div class=\"bloque-titulo\">\n<h3 class=\"titulo\">El Festival de M\u00e9rida supera, en tan solo una semana, las 10.000 entradas tras la presentaci\u00f3n de la programaci\u00f3n de su 69\u00aa edici\u00f3n<\/h3>\n<h3 class=\"titulo\">Programaci\u00f3n<\/h3>\n<h3><a href=\"https:\/\/www.festivaldemerida.es\/\">https:\/\/www.festivaldemerida.es\/<\/a><\/h3>\n<\/div>\n<div class=\"content\">\n<p style=\"text-align: justify;\">Entre el 1 de julio y el 27 de agosto de 2023 tendr\u00e1 lugar la 69a edici\u00f3n del Festival Internacional de Teatro Cl\u00e1sico de M\u00e9rida, con Jes\u00fas Cimarro al frente de la gesti\u00f3n y direcci\u00f3n a trav\u00e9s de la empresa Pentaci\u00f3n Espect\u00e1culos, como en las \u00faltimas 11 ediciones. En esta ocasi\u00f3n, para celebrar los 90 a\u00f1os que se cumplen desde la inauguraci\u00f3n del Festival en 1933, el Teatro Romano de M\u00e9rida acoger\u00e1 10 espect\u00e1culos, con una gran presencia de la comedia como g\u00e9nero, y volver\u00e1n a repetirse las extensiones en el Teatro Mar\u00eda Luisa y en las ciudades de <a href=\"https:\/\/www.festivaldemerida.es\/otras-sedes\/madrid\/\">Madrid<\/a>, <a href=\"https:\/\/www.festivaldemerida.es\/otras-sedes\/medellin\/\">Medell\u00edn<\/a>, <a href=\"https:\/\/www.festivaldemerida.es\/otras-sedes\/regina\/\">Regina<\/a> y <a href=\"https:\/\/www.festivaldemerida.es\/otras-sedes\/caparra\/\">C\u00e1parra<\/a> con un total de 19 espect\u00e1culos.<\/p>\n<p style=\"text-align: justify;\">Este a\u00f1o, el Festival arrancar\u00e1 el d\u00eda 1 de julio su inauguraci\u00f3n de la mano de la Orquesta de C\u00e1mara de Zaragoza (Grupo Enigma) con un concierto: <a href=\"https:\/\/www.festivaldemerida.es\/programacion\/iannis-xenakis-oresteia-orestiada\/\">Oreste\u00efa (Orest\u00edada), de Iannis Xenaquis sobre textos de Esquilo<\/a>.<\/p>\n<p style=\"text-align: justify;\">Para celebrar el aniversario de una de las comedias que m\u00e1s \u00e9xitos ha cosechado encima de las piedras del Teatro Romano, el d\u00eda 2 de julio tendr\u00e1 lugar una funci\u00f3n \u00fanica y especial de <a href=\"https:\/\/www.festivaldemerida.es\/programacion\/los-gemelos-4\/\">Los gemelos<\/a>, la producci\u00f3n de Verbo Producciones estrenada en la pasada 59\u00aa edici\u00f3n del Festival de M\u00e9rida.<\/p>\n<p style=\"text-align: justify;\">La comedia como pilar fundamental de esta edici\u00f3n llegar\u00e1 este a\u00f1o de la mano de El Terrat con <a href=\"https:\/\/www.festivaldemerida.es\/programacion\/las-asambleistas-las-que-tropiezan\/\">Las asamble\u00edstas (Las que tropiezan)<\/a>, una versi\u00f3n del cl\u00e1sico de Arist\u00f3fanes que protagonizar\u00e1 Silvia Abril y que se podr\u00e1 disfrutar del 5 al 9 de julio en el Teatro Romano.<\/p>\n<p style=\"text-align: justify;\">La segunda compa\u00f1\u00eda extreme\u00f1a en subirse a las arenas de la 69\u00aa edici\u00f3n ser\u00e1 Rodetac\u00f3n Teatro con el musical <a href=\"https:\/\/www.festivaldemerida.es\/programacion\/los-titanes-la-furia-de-los-dioses\/\">Los titanes. La furia de los Dioses<\/a> (del 12 al 16 de julio),con un elenco de artistas encabezado por Daniel Diges y Ramonc\u00edn.<\/p>\n<p style=\"text-align: justify;\">Seguidamente, el Centro Dram\u00e1tico Galego se estrenar\u00e1 en el Festival de M\u00e9rida este a\u00f1o los d\u00edas 18 y 19 de julio con su espect\u00e1culo <a href=\"https:\/\/www.festivaldemerida.es\/programacion\/shakespeare-en-roma\/\">Shakespeare en Roma<\/a>, una recopilaci\u00f3n de obras de tem\u00e1tica romana de Shakespeare.<\/p>\n<p style=\"text-align: justify;\">Del 21 al 23 de julio, la danza volver\u00e1 a estar presente como g\u00e9nero tambi\u00e9n en esta 69\u00aa edici\u00f3n con <a href=\"https:\/\/www.festivaldemerida.es\/programacion\/pandataria\/\">Pandataria<\/a>, que contar\u00e1 con int\u00e9rpretes de la talla de Cayetana Guill\u00e9n Cuervo, Chevi Muraday y Elio Toffana.<\/p>\n<p style=\"text-align: justify;\">Pepe Viyuela volver\u00e1 al Festival de M\u00e9rida del 26 al 30 de julio para protagonizar la comedia que cerrar\u00e1 la programaci\u00f3n de julio: <a href=\"https:\/\/www.festivaldemerida.es\/programacion\/las-nubes\/\">Las nubes<\/a>, una versi\u00f3n de la obra de Arist\u00f3fanes que protagonizar\u00e1 junto a Mariano Pe\u00f1a bajo la direcci\u00f3n de Paco Mir.<\/p>\n<p style=\"text-align: justify;\">La segunda parte del Festival arrancar\u00e1 del 2 al 6 de agosto tambi\u00e9n con una comedia: <a href=\"https:\/\/www.festivaldemerida.es\/programacion\/la-comedia-de-los-errores\/\">La comedia de los errores<\/a> de William Shakespeare, con direcci\u00f3n de Andr\u00e9s Lima y protagonizada por Pep\u00f3n Nieto, Antonio Pagudo, V\u00edctor Clavijo, Avelino Piedad, Esteban Garrido y Rulo Pardo, una coproducci\u00f3n del Festival de M\u00e9rida y Mixtolobo.<\/p>\n<p style=\"text-align: justify;\"><a href=\"https:\/\/www.festivaldemerida.es\/programacion\/salome\/\">Salom\u00e9<\/a>, una coproducci\u00f3n del Festival de M\u00e9rida y Pentaci\u00f3n Espect\u00e1culos, con texto y direcci\u00f3n de Mag\u00fci Mira y protagonizada por Bel\u00e9n Rueda, Pablo Puyol, Luisa Mart\u00edn y Juan Fern\u00e1ndez, se exhibir\u00e1 del 9 al 20 de agosto en el Teatro Romano.<\/p>\n<p style=\"text-align: justify;\">La Estampa Teatro, tercera compa\u00f1\u00eda extreme\u00f1a de la 69\u00aa edici\u00f3n, ser\u00e1 la encargada de cerrar la programaci\u00f3n del Teatro Romano con <a href=\"https:\/\/www.festivaldemerida.es\/programacion\/el-regalo-de-zeus\/\">El regalo de Zeus<\/a>, un texto de Concha Rodr\u00edguez protagonizado por Emma Ozores y Juan Meseguer.<\/p>\n<p style=\"text-align: justify;\">Despu\u00e9s de su reapertura e inauguraci\u00f3n en la pasada edici\u00f3n, el Teatro Mar\u00eda Luisa vuelve a repetir como escenario oficial del Festival de M\u00e9rida acogiendo 7 espect\u00e1culos: <a href=\"https:\/\/www.festivaldemerida.es\/programacion\/medea-5\/\">Medea<\/a>, una coproducci\u00f3n con la Fundaci\u00f3n Juan March, <a href=\"https:\/\/www.festivaldemerida.es\/programacion\/republica-de-roma\/\">Rep\u00fablica de Roma<\/a>, <a href=\"https:\/\/www.festivaldemerida.es\/programacion\/por-todos-los-dioses\/\">Por todos los dioses<\/a>, un mon\u00f3logo protagonizado por Fernando Cayo, <a href=\"https:\/\/www.festivaldemerida.es\/programacion\/edipo-2\/\">Edipo<\/a> de Teatro del Temple, <a href=\"https:\/\/www.festivaldemerida.es\/programacion\/clitemnestra-3\/\">Clitemnestra<\/a>, interpretada por Cristina Casta\u00f1o, espect\u00e1culo que vuelve al Festival despu\u00e9s de estrenarse en las extensiones de Medell\u00edn y C\u00e1parra en 2020, <a href=\"https:\/\/www.festivaldemerida.es\/programacion\/en-mitad-de-tanto-fuego\/\">En mitad de tanto fuego<\/a>, un mon\u00f3logo escrito por Alberto Conejero y dirigido por Xavier Alberti, y <a href=\"https:\/\/www.festivaldemerida.es\/programacion\/odisea-un-viaje-trepidante\/\">Odisea<\/a>, un espect\u00e1culo de la compa\u00f1\u00eda Crea Dance, de Mar\u00eda Rovira.<\/p>\n<p style=\"text-align: justify;\">Contamos un a\u00f1o m\u00e1s con las sedes del Festival en Madrid, Medell\u00edn, Regina y C\u00e1parra donde podr\u00e1n verse algunas de las obras que triunfaron en la pasada edici\u00f3n como <i>La tumba de Ant\u00edgona<\/i>, <i>El aroma de Roma<\/i>, <i>Miles Gloriosus<\/i> y <i>\u00a1Que salga Arist\u00f3fanes!<\/i>. De otras ediciones del Festival se recuperan tambi\u00e9n <i>Clitemnestra<\/i> y <i>Cayo C\u00e9sar<\/i>, y adem\u00e1s, llegar\u00e1 de la mano de la ONCE un nuevo espect\u00e1culo: <i>Lis\u00edstrata<\/i>.<\/p>\n<p style=\"text-align: justify;\">Adem\u00e1s, este a\u00f1o el Festival ampl\u00eda horizontes con una actividad en Plasencia, que acoger\u00e1 el pasacalles Aquiles de la mano de la compa\u00f1\u00eda La Fam, que triunf\u00f3 en las calles de M\u00e9rida en la 67\u00aa edici\u00f3n (a\u00f1o 2021).<\/p>\n<p style=\"text-align: justify;\">Numerosas y diferentes actividades como cursos, exposiciones y talleres, propuestas infantiles y familiares, como el pasacalles <i>El reino marino de Poseid\u00f3n<\/i>, se celebrar\u00e1n en distintos espacios de la ciudad. Y, como no podr\u00eda ser de otra forma, el Festival volver\u00e1 a ser accesible, con funciones audiodescritas, subtituladas, con bucle magn\u00e9tico y ampli\ufb01cadas con auriculares en el Teatro Romano y sus otras sedes.<\/p>\n<p style=\"text-align: justify;\">Este a\u00f1o, el Festival Internacional de Teatro Cl\u00e1sico de M\u00e9rida cumple 90 a\u00f1os desde el inicio de sus andaduras en 1933, con la puesta en escena de la Medea de S\u00e9neca, en versi\u00f3n de Miguel de Unamuno y protagonizada por la actriz Margarita Xirgu. Desde entonces, el Festival ha acogido sobre la arena del Teatro Romano de M\u00e9rida representaciones de grandes comedias, tragedias griegas y romanas como testigo de honor de la historia de las Artes Esc\u00e9nicas que se iniciaba 20 siglos atr\u00e1s. Por eso, este a\u00f1o, queremos que nuestro p\u00fablico disfrute, vibre y celebre M\u00e9rida, una ceremonia para los sentidos.<\/p>\n<\/div>\n<h3>VENTA DE ENTRADAS:<\/h3>\n<h3><a href=\"https:\/\/www.festivaldemerida.es\/entradas\/\">https:\/\/www.festivaldemerida.es\/entradas\/<\/a><\/h3>\n","protected":false},"excerpt":{"rendered":"<p>El Festival de M\u00e9rida supera, en tan solo una semana, las 10.000 entradas tras la&#8230;<\/p>\n","protected":false},"author":1,"featured_media":61565,"comment_status":"closed","ping_status":"closed","sticky":false,"template":"","format":"standard","meta":{"_coblocks_attr":"","_coblocks_dimensions":"","_coblocks_responsive_height":"","_coblocks_accordion_ie_support":"","jetpack_post_was_ever_published":false,"_jetpack_newsletter_access":"","_jetpack_dont_email_post_to_subs":false,"_jetpack_newsletter_tier_id":0,"_jetpack_memberships_contains_paywalled_content":false,"_jetpack_memberships_contains_paid_content":false,"footnotes":"","jetpack_publicize_message":"","jetpack_publicize_feature_enabled":true,"jetpack_social_post_already_shared":false,"jetpack_social_options":{"image_generator_settings":{"template":"highway","default_image_id":0,"enabled":false},"version":2}},"categories":[1161,44,6937,15],"tags":[6208,10376],"class_list":["post-61564","post","type-post","status-publish","format-standard","has-post-thumbnail","hentry","category-ciudadania","category-noticias-de-hoy","category-sociedad","category-ultimas-noticias","tag-entradas","tag-festival-de-merida"],"jetpack_publicize_connections":[],"jetpack_featured_media_url":"https:\/\/i0.wp.com\/miradordeatarfe.es\/wp-content\/uploads\/2023\/05\/festival-de-merida-logotipo-fondo-naranja-scaled.jpg?fit=2560%2C1391&ssl=1","jetpack_likes_enabled":true,"jetpack_sharing_enabled":true,"_links":{"self":[{"href":"https:\/\/miradordeatarfe.es\/index.php?rest_route=\/wp\/v2\/posts\/61564","targetHints":{"allow":["GET"]}}],"collection":[{"href":"https:\/\/miradordeatarfe.es\/index.php?rest_route=\/wp\/v2\/posts"}],"about":[{"href":"https:\/\/miradordeatarfe.es\/index.php?rest_route=\/wp\/v2\/types\/post"}],"author":[{"embeddable":true,"href":"https:\/\/miradordeatarfe.es\/index.php?rest_route=\/wp\/v2\/users\/1"}],"replies":[{"embeddable":true,"href":"https:\/\/miradordeatarfe.es\/index.php?rest_route=%2Fwp%2Fv2%2Fcomments&post=61564"}],"version-history":[{"count":3,"href":"https:\/\/miradordeatarfe.es\/index.php?rest_route=\/wp\/v2\/posts\/61564\/revisions"}],"predecessor-version":[{"id":61568,"href":"https:\/\/miradordeatarfe.es\/index.php?rest_route=\/wp\/v2\/posts\/61564\/revisions\/61568"}],"wp:featuredmedia":[{"embeddable":true,"href":"https:\/\/miradordeatarfe.es\/index.php?rest_route=\/wp\/v2\/media\/61565"}],"wp:attachment":[{"href":"https:\/\/miradordeatarfe.es\/index.php?rest_route=%2Fwp%2Fv2%2Fmedia&parent=61564"}],"wp:term":[{"taxonomy":"category","embeddable":true,"href":"https:\/\/miradordeatarfe.es\/index.php?rest_route=%2Fwp%2Fv2%2Fcategories&post=61564"},{"taxonomy":"post_tag","embeddable":true,"href":"https:\/\/miradordeatarfe.es\/index.php?rest_route=%2Fwp%2Fv2%2Ftags&post=61564"}],"curies":[{"name":"wp","href":"https:\/\/api.w.org\/{rel}","templated":true}]}}