{"id":61591,"date":"2023-05-23T10:00:11","date_gmt":"2023-05-23T08:00:11","guid":{"rendered":"https:\/\/miradordeatarfe.es\/?p=61591"},"modified":"2023-05-23T09:44:00","modified_gmt":"2023-05-23T07:44:00","slug":"programa-del-partido-popular-para-las-elecciones-de-28m-de-2023","status":"publish","type":"post","link":"https:\/\/miradordeatarfe.es\/?p=61591","title":{"rendered":"PROGRAMA DEL PARTIDO POPULAR PARA LAS ELECCIONES DE 28M DE 2023"},"content":{"rendered":"<h3 style=\"text-align: justify;\">Cambia Atarfe: Un Nuevo Rumbo con Experiencia, Capacidad de gesti\u00f3n y Compromiso\u00bb<\/h3>\n<p style=\"text-align: justify;\">Atarfe se encuentra en un punto de inflexi\u00f3n en su historia pol\u00edtica, y el Partido Popular se erige como la alternativa segura y confiable, que transmitir\u00e1 un nuevo aire de cambio y renovaci\u00f3n en nuestro querido municipio. Encabezado por Antonio D\u00edaz, un destacado empresario del sector farmac\u00e9utico, este partido trae consigo un equipo de trabajo con una visi\u00f3n fresca y una determinaci\u00f3n inquebrantable para transformar la realidad de Atarfe.<\/p>\n<p style=\"text-align: justify;\">Con el lema \u00abCambia Atarfe\u00bb, el Partido Popular tiene como objetivo liderar un cambio real y efectivo en el municipio. Apoyados en la experiencia empresarial y en pol\u00edtica municipal de Atarfe de su candidato junto a miembros de la candidatura, este partido est\u00e1 comprometido en mejorar la calidad de vida de todos los ciudadanos de Atarfe.<\/p>\n<p style=\"text-align: justify;\"><strong>Experiencia empresarial al servicio de la gesti\u00f3n:<\/strong><\/p>\n<p style=\"text-align: justify;\">Antonio D\u00edaz aporta una valiosa experiencia empresarial en la gesti\u00f3n eficiente y la toma de decisiones acertadas. Su trayectoria en el sector farmac\u00e9utico ha estado marcada por su compromiso con la excelencia, la innovaci\u00f3n y el bienestar de las personas. Estos principios ser\u00e1n fundamentales en su labor pol\u00edtica, donde se enfocar\u00e1 en liderar un gobierno que priorice la eficiencia, la planificaci\u00f3n y la optimizaci\u00f3n de los recursos municipales.<\/p>\n<p style=\"text-align: justify;\">El objetivo es construir una gesti\u00f3n municipal s\u00f3lida, transparente y orientada a generar soluciones efectivas, que satisfagan las demandas de los atarfe\u00f1os.<\/p>\n<p style=\"text-align: justify;\"><strong><a href=\"https:\/\/i0.wp.com\/miradordeatarfe.es\/wp-content\/uploads\/2023\/05\/Imagen-de-WhatsApp-2023-05-22-a-las-21.58.49.jpg?ssl=1\"><img data-recalc-dims=\"1\" loading=\"lazy\" decoding=\"async\" class=\"alignnone wp-image-61702 size-full\" src=\"https:\/\/i0.wp.com\/miradordeatarfe.es\/wp-content\/uploads\/2023\/05\/Imagen-de-WhatsApp-2023-05-22-a-las-21.58.49.jpg?resize=640%2C345&#038;ssl=1\" alt=\"\" width=\"640\" height=\"345\" srcset=\"https:\/\/i0.wp.com\/miradordeatarfe.es\/wp-content\/uploads\/2023\/05\/Imagen-de-WhatsApp-2023-05-22-a-las-21.58.49.jpg?w=984&amp;ssl=1 984w, https:\/\/i0.wp.com\/miradordeatarfe.es\/wp-content\/uploads\/2023\/05\/Imagen-de-WhatsApp-2023-05-22-a-las-21.58.49.jpg?resize=300%2C162&amp;ssl=1 300w, https:\/\/i0.wp.com\/miradordeatarfe.es\/wp-content\/uploads\/2023\/05\/Imagen-de-WhatsApp-2023-05-22-a-las-21.58.49.jpg?resize=768%2C414&amp;ssl=1 768w\" sizes=\"auto, (max-width: 640px) 100vw, 640px\" \/><\/a><\/strong><\/p>\n<h3>10 PROPUESTAS PARA EL CAMBIO<\/h3>\n<p>1. Residencia de mayores Un complejo para mayores, donde podr\u00e1n convivir tanto residentes como no residentes<br \/>\n2. Pol\u00edgonos industriales y apoyo al comercio Adecuaci\u00f3n de los pol\u00edgonos, se\u00f1al\u00e9tica, saneamientos y dotaci\u00f3n de bocas de incendio<br \/>\n3. Mejora del Centro de Salud y de sus Urgencias Modernizaci\u00f3n de las instalaciones y ampliaci\u00f3n de nuevos servicios de especialidades m\u00e9dicas<br \/>\n4. Patronato de m\u00fasica. Convertir nuestra escuela de m\u00fasica en un Patronato para mejorar y estabilizar su funcionamiento<br \/>\n5 Nuestros anejos y urbanizaciones tendr\u00e1n los mismos servicios que el casco urbano del municipio<br \/>\n6 Estudiar alternativas de conciliaci\u00f3n familiar para aliviar la econom\u00eda de las familias trabajadoras (comedor escolar, actividades extraescolares)<br \/>\n7 Incluir en la agenda cultural actividades deportivas de inter\u00e9s general de nuestros clubes y asociaciones<br \/>\n8 Crear una oficina de informaci\u00f3n general, que ayude a los ciudadanos ante cualquier tipo de tr\u00e1mite con la Administraci\u00f3n<br \/>\n9 Espacios limpios y seguros Dotar al municipio de una mayor seguridad ciudadana y garantizar la limpieza de todos los espacios p\u00fablicos<br \/>\n10. Mejora, mantenimiento y reparaci\u00f3n de las instalaciones deportivas Dotar de m\u00e1s medios a nuestros clubes deportivos<\/p>\n<p style=\"text-align: justify;\"><strong>Propuestas para un cambio significativo:<\/strong><\/p>\n<p style=\"text-align: justify;\">El Partido Popular presenta un programa de diez propuestas concretas que abordan las necesidades m\u00e1s apremiantes de Atarfe. Desde el cuidado de nuestros mayores con la creaci\u00f3n de una residencia c\u00e9ntrica en nuestro municipio, hasta medidas de modernizaci\u00f3n y creaci\u00f3n de espacios deportivos, pasando por la mejora de la atenci\u00f3n sanitaria y la promoci\u00f3n de la cultura y el turismo. Cada una de estas propuestas tiene como finalidad generar un impacto positivo en la vida de los ciudadanos.<\/p>\n<p style=\"text-align: justify;\">Entre las medidas propuestas se destaca la creaci\u00f3n de un Patronato municipal para potenciar la escuela de m\u00fasica, maximizando su funcionamiento y garantizando una educaci\u00f3n musical de calidad para nuestros j\u00f3venes. Asimismo, se pondr\u00e1 especial \u00e9nfasis en reforzar la seguridad ciudadana y garantizar la limpieza de los espacios p\u00fablicos, creando un entorno seguro y agradable para todos.<\/p>\n<p style=\"text-align: justify;\">La experiencia empresarial del candidato se ver\u00e1 reflejada en propuestas como el apoyo al comercio local y la modernizaci\u00f3n de los pol\u00edgonos industriales, para atraer inversiones y generar empleo en Atarfe. Estas acciones promover\u00e1n el desarrollo econ\u00f3mico y mejorar\u00e1n la calidad de vida de los ciudadanos, a trav\u00e9s de la creaci\u00f3n de nuevas oportunidades laborales.<\/p>\n<p style=\"text-align: justify;\">Atarfe se encuentra en un momento crucial, y el Partido Popular se presenta como la opci\u00f3n que puede liderar el cambio necesario en nuestro municipio. Con un candidato proveniente del sector empresarial, esta fuerza pol\u00edtica tiene la capacidad y el compromiso para gestionar eficientemente los recursos y materializar las propuestas que impulsar\u00e1n la calidad de vida y el bienestar de todos los ciudadanos.<\/p>\n<p>SI QUIERES VER NUESTRO PROGRAMA COMPLETO PUEDES DESCARGARLO EN ESTE ENLACE:<\/p>\n<p><a href=\"https:\/\/ppatarfe.com\/\"><strong>https:\/\/ppatarfe.com\/<\/strong><\/a><\/p>\n<p><a href=\"https:\/\/i0.wp.com\/miradordeatarfe.es\/wp-content\/uploads\/2023\/05\/plantilla-diiiptico-candidatos_foto-horizontal-candidato_a4_definitivo-dWxnNKpaxoCQpvKz_page-0001.jpg?ssl=1\"><img data-recalc-dims=\"1\" loading=\"lazy\" decoding=\"async\" class=\"alignnone wp-image-61704 size-full\" src=\"https:\/\/i0.wp.com\/miradordeatarfe.es\/wp-content\/uploads\/2023\/05\/plantilla-diiiptico-candidatos_foto-horizontal-candidato_a4_definitivo-dWxnNKpaxoCQpvKz_page-0001.jpg?resize=640%2C452&#038;ssl=1\" alt=\"\" width=\"640\" height=\"452\" srcset=\"https:\/\/i0.wp.com\/miradordeatarfe.es\/wp-content\/uploads\/2023\/05\/plantilla-diiiptico-candidatos_foto-horizontal-candidato_a4_definitivo-dWxnNKpaxoCQpvKz_page-0001.jpg?w=1755&amp;ssl=1 1755w, https:\/\/i0.wp.com\/miradordeatarfe.es\/wp-content\/uploads\/2023\/05\/plantilla-diiiptico-candidatos_foto-horizontal-candidato_a4_definitivo-dWxnNKpaxoCQpvKz_page-0001.jpg?resize=300%2C212&amp;ssl=1 300w, https:\/\/i0.wp.com\/miradordeatarfe.es\/wp-content\/uploads\/2023\/05\/plantilla-diiiptico-candidatos_foto-horizontal-candidato_a4_definitivo-dWxnNKpaxoCQpvKz_page-0001.jpg?resize=1024%2C724&amp;ssl=1 1024w, https:\/\/i0.wp.com\/miradordeatarfe.es\/wp-content\/uploads\/2023\/05\/plantilla-diiiptico-candidatos_foto-horizontal-candidato_a4_definitivo-dWxnNKpaxoCQpvKz_page-0001.jpg?resize=768%2C543&amp;ssl=1 768w, https:\/\/i0.wp.com\/miradordeatarfe.es\/wp-content\/uploads\/2023\/05\/plantilla-diiiptico-candidatos_foto-horizontal-candidato_a4_definitivo-dWxnNKpaxoCQpvKz_page-0001.jpg?resize=1536%2C1085&amp;ssl=1 1536w, https:\/\/i0.wp.com\/miradordeatarfe.es\/wp-content\/uploads\/2023\/05\/plantilla-diiiptico-candidatos_foto-horizontal-candidato_a4_definitivo-dWxnNKpaxoCQpvKz_page-0001.jpg?resize=1320%2C933&amp;ssl=1 1320w\" sizes=\"auto, (max-width: 640px) 100vw, 640px\" \/><\/a><\/p>\n","protected":false},"excerpt":{"rendered":"<p>Cambia Atarfe: Un Nuevo Rumbo con Experiencia, Capacidad de gesti\u00f3n y Compromiso\u00bb Atarfe se encuentra&#8230;<\/p>\n","protected":false},"author":1,"featured_media":61701,"comment_status":"closed","ping_status":"closed","sticky":false,"template":"","format":"standard","meta":{"_coblocks_attr":"","_coblocks_dimensions":"","_coblocks_responsive_height":"","_coblocks_accordion_ie_support":"","jetpack_post_was_ever_published":false,"_jetpack_newsletter_access":"","_jetpack_dont_email_post_to_subs":false,"_jetpack_newsletter_tier_id":0,"_jetpack_memberships_contains_paywalled_content":false,"_jetpack_memberships_contains_paid_content":false,"footnotes":"","jetpack_publicize_message":"","jetpack_publicize_feature_enabled":true,"jetpack_social_post_already_shared":false,"jetpack_social_options":{"image_generator_settings":{"template":"highway","default_image_id":0,"enabled":false},"version":2}},"categories":[2,6916,44,7671,15],"tags":[6056,10393],"class_list":["post-61591","post","type-post","status-publish","format-standard","has-post-thumbnail","hentry","category-atarfe","category-ayuntamiento-de-atarfe","category-noticias-de-hoy","category-politica","category-ultimas-noticias","tag-pp-de-atarfe","tag-programa-del-pp"],"jetpack_publicize_connections":[],"jetpack_featured_media_url":"https:\/\/i0.wp.com\/miradordeatarfe.es\/wp-content\/uploads\/2023\/05\/Imagen-de-WhatsApp-2023-05-22-a-las-21.58.50.jpg?fit=1224%2C600&ssl=1","jetpack_likes_enabled":true,"jetpack_sharing_enabled":true,"_links":{"self":[{"href":"https:\/\/miradordeatarfe.es\/index.php?rest_route=\/wp\/v2\/posts\/61591","targetHints":{"allow":["GET"]}}],"collection":[{"href":"https:\/\/miradordeatarfe.es\/index.php?rest_route=\/wp\/v2\/posts"}],"about":[{"href":"https:\/\/miradordeatarfe.es\/index.php?rest_route=\/wp\/v2\/types\/post"}],"author":[{"embeddable":true,"href":"https:\/\/miradordeatarfe.es\/index.php?rest_route=\/wp\/v2\/users\/1"}],"replies":[{"embeddable":true,"href":"https:\/\/miradordeatarfe.es\/index.php?rest_route=%2Fwp%2Fv2%2Fcomments&post=61591"}],"version-history":[{"count":3,"href":"https:\/\/miradordeatarfe.es\/index.php?rest_route=\/wp\/v2\/posts\/61591\/revisions"}],"predecessor-version":[{"id":61705,"href":"https:\/\/miradordeatarfe.es\/index.php?rest_route=\/wp\/v2\/posts\/61591\/revisions\/61705"}],"wp:featuredmedia":[{"embeddable":true,"href":"https:\/\/miradordeatarfe.es\/index.php?rest_route=\/wp\/v2\/media\/61701"}],"wp:attachment":[{"href":"https:\/\/miradordeatarfe.es\/index.php?rest_route=%2Fwp%2Fv2%2Fmedia&parent=61591"}],"wp:term":[{"taxonomy":"category","embeddable":true,"href":"https:\/\/miradordeatarfe.es\/index.php?rest_route=%2Fwp%2Fv2%2Fcategories&post=61591"},{"taxonomy":"post_tag","embeddable":true,"href":"https:\/\/miradordeatarfe.es\/index.php?rest_route=%2Fwp%2Fv2%2Ftags&post=61591"}],"curies":[{"name":"wp","href":"https:\/\/api.w.org\/{rel}","templated":true}]}}