{"id":61593,"date":"2023-05-25T11:18:00","date_gmt":"2023-05-25T09:18:00","guid":{"rendered":"https:\/\/miradordeatarfe.es\/?p=61593"},"modified":"2023-05-25T11:18:59","modified_gmt":"2023-05-25T09:18:59","slug":"programa-del-psoe-de-atarfe-para-las-elecciones-de-28m-de-2023","status":"publish","type":"post","link":"https:\/\/miradordeatarfe.es\/?p=61593","title":{"rendered":"PROGRAMA DEL PSOE DE ATARFE PARA LAS ELECCIONES DE 28M DE 2023"},"content":{"rendered":"<h3 style=\"text-align: justify;\"><strong>RESUMEN DEL PROGRAMA ELECTORAL del PSOE DE ATARFE PARA LAS ELECCIONES MUNICIPALES 2023<\/strong><\/h3>\n<p style=\"text-align: justify;\"><strong>El <\/strong><strong>PSOE de Atarfe<\/strong> <strong>es consciente de que estamos viviendo un momento hist\u00f3rico en el que Atarfe se transformar\u00e1 en CIUDAD al superar los 20,000 habitantes. Y si nos otorgas tu confianza el pr\u00f3xi<\/strong><strong>mo 28 de Mayo, tendremos la primera mujer alcaldesa de Atarfe y la responsable de liderar este emocionante proyecto de transformaci\u00f3n.<\/strong><\/p>\n<p style=\"text-align: justify;\"><strong>BIENESTAR SOCIAL:<\/strong>Continuaremos con los tr\u00e1mites para la construcci\u00f3n de una <strong>residencia p\u00fablica <\/strong>en suelo urbano en el camino del Matadero, con acceso directo al metro, al centro del pueblo y a la Vega granadina, para que, as\u00ed, nuestros\/as mayores no tengan que abandonar su municipio, <strong>estando formalizadas las primeras actuaciones para llevar a cabo su construcci\u00f3n. <\/strong><strong><em>I<\/em><\/strong><strong>ncorporaremos 30 plazas nuevas de auxiliar que mejorar\u00e1 y agilizar\u00e1<\/strong> <strong>la prestaci\u00f3n<\/strong> <strong>del<\/strong> <strong>servicio<\/strong> <strong>de<\/strong> <strong>ayuda a<\/strong> <strong>domicilio.<\/strong> Crearemos <strong>\u201cpuntos violeta\u201d en establecimientos <\/strong>de nuestro municipio cuyo objetivo ser\u00e1 el de implicar al conjunto de la sociedad en la lucha contra la violencia machista<strong>. <\/strong><strong>La conciliaci\u00f3n familiar y laboral es fundamental<\/strong>, es por ello que potenciaremos los campamentos municipales en verano, Navidad y Semana Santa. Sin olvidar tampoco, entre otras, las <strong>ayudas para la<\/strong> <strong>compra<\/strong> <strong>de<\/strong> <strong>material<\/strong> <strong>escola<\/strong>r y un sistema de alquiler de libros de texto para bachillerato.<\/p>\n<h5 style=\"text-align: justify;\">PROGRAMA ELECTORAL CON C\u00d3DIGO QR<\/h5>\n<p style=\"text-align: justify;\"><strong><a href=\"https:\/\/i0.wp.com\/miradordeatarfe.es\/wp-content\/uploads\/2023\/05\/QR-DE-ANTONIO-1.jpg?ssl=1\"><img data-recalc-dims=\"1\" loading=\"lazy\" decoding=\"async\" class=\"size-medium wp-image-61735 alignleft\" src=\"https:\/\/i0.wp.com\/miradordeatarfe.es\/wp-content\/uploads\/2023\/05\/QR-DE-ANTONIO-1.jpg?resize=300%2C300&#038;ssl=1\" alt=\"\" width=\"300\" height=\"300\" srcset=\"https:\/\/i0.wp.com\/miradordeatarfe.es\/wp-content\/uploads\/2023\/05\/QR-DE-ANTONIO-1.jpg?w=300&amp;ssl=1 300w, https:\/\/i0.wp.com\/miradordeatarfe.es\/wp-content\/uploads\/2023\/05\/QR-DE-ANTONIO-1.jpg?resize=150%2C150&amp;ssl=1 150w\" sizes=\"auto, (max-width: 300px) 100vw, 300px\" \/><\/a>URBANISMO. FOMENTO, SERVICIOS E INFRAESTRUCTURAS: <\/strong><strong>Al igual que t\u00fa, como vecina de Atarfe, entendemos y<\/strong> <strong>compartimos<\/strong> <strong>vuestras<\/strong> <strong>aspiraciones.<\/strong> <strong>Por<\/strong> <strong>eso,<\/strong> Adquiriremos la <strong>piscina de aguas termales de Sierra Elvira.<\/strong> Continuaremos con el <strong>Plan de Reforma de Parques Infantiles, Caninos y Jardines <\/strong>que hemos comenzado en este mandato. Impulsaremos, mediante la actuaci\u00f3n de <strong>transformaci\u00f3n urban\u00edstica <\/strong>m\u00e1s adecuada y sostenible, el desarrollo de la urbanizaci\u00f3n Medina Elvira y Campo de Golf. Puesta en marcha de un <strong>programa de embellecimiento de<\/strong> nuestro municipio a trav\u00e9s de nuestros\/as artistas locales. Durante estos meses hemos escuchado vuestras propuestas y por ello vamos a a<strong>dquirir<\/strong> y poner en valor la <strong>piscina de Sierra Elvira.<\/strong>, <strong>construiremos<\/strong> una nueva <strong>biblioteca y un nuevo tanatorio. Ampliaremos<\/strong> el Espacio J\u00f3ven. <strong>Arreglaremos<\/strong> el Lago y la subida a la Ermita de los Tres Juanes y<strong> terminaremos<\/strong> el nuevo<strong> centro c\u00edvico<\/strong> en la antigua gasolinera. Llevaremos a cabo la <strong>rehabilitaci\u00f3n del antiguo \u201cCine Alhamar\u201d <\/strong>para convertirlo en una sala de ocio juvenil que abarque actividades como conciertos y sesiones de cine. Ejecutaremos la construcci\u00f3n de un<strong> carril bici<\/strong> que conecte Atarfe con Sierra Elvira.<\/p>\n<p style=\"text-align: justify;\"><strong>COMERCIO E INDUSTRIA <\/strong>Uno de los pilares de nuestro modelo de ciudad es aprovechar la situaci\u00f3n estrat\u00e9gica de Atarfe y nuestra red privilegiada de comunicaciones para desarrollar los <strong>mejores pol\u00edgonos industriales de la provincia,<\/strong> porque ello supondr\u00e1 la creaci\u00f3n de una gran cantidad de puestos de trabajo para los Atarfe\u00f1os y Atarfe\u00f1as. Actualmente est\u00e1 .muy avanzado la redacci\u00f3n del proyecto que va a permitir remodelar y modernizar todos nuestros pol\u00edgonos industriales. Sin este mecanismo no se pueden llevar a cabo estas obras. Crearemos un <strong>canal de <\/strong><strong> comunicaci\u00f3n para que los comerciantes e industriales<\/strong> sean los primeros en enterarte de todas las licitaciones que ponga en marcha el Ayuntamiento. As\u00ed como una<strong> Oficina de Asesoramiento en materia de Licitaciones<\/strong>. Somos conscientes de lo importante que es contar con<strong> aparcamientos pr\u00f3ximos a los diferentes negocios<\/strong> para facilitar las compras a tus clientes. Tenemos varias propuestas sobre la mesa con solares para ampliar la red de aparcamientos p\u00fablicos. Trabajaremos desde el primer d\u00eda para dar soluci\u00f3n a esta problem\u00e1tica.<\/p>\n<p><a href=\"https:\/\/i0.wp.com\/miradordeatarfe.es\/wp-content\/uploads\/2023\/05\/347095872_1016384739742942_8473278746798891222_n.jpg?ssl=1\"><img data-recalc-dims=\"1\" loading=\"lazy\" decoding=\"async\" class=\"alignnone wp-image-61734 size-full\" src=\"https:\/\/i0.wp.com\/miradordeatarfe.es\/wp-content\/uploads\/2023\/05\/347095872_1016384739742942_8473278746798891222_n.jpg?resize=640%2C237&#038;ssl=1\" alt=\"\" width=\"640\" height=\"237\" srcset=\"https:\/\/i0.wp.com\/miradordeatarfe.es\/wp-content\/uploads\/2023\/05\/347095872_1016384739742942_8473278746798891222_n.jpg?w=1460&amp;ssl=1 1460w, https:\/\/i0.wp.com\/miradordeatarfe.es\/wp-content\/uploads\/2023\/05\/347095872_1016384739742942_8473278746798891222_n.jpg?resize=300%2C111&amp;ssl=1 300w, https:\/\/i0.wp.com\/miradordeatarfe.es\/wp-content\/uploads\/2023\/05\/347095872_1016384739742942_8473278746798891222_n.jpg?resize=1024%2C379&amp;ssl=1 1024w, https:\/\/i0.wp.com\/miradordeatarfe.es\/wp-content\/uploads\/2023\/05\/347095872_1016384739742942_8473278746798891222_n.jpg?resize=768%2C284&amp;ssl=1 768w, https:\/\/i0.wp.com\/miradordeatarfe.es\/wp-content\/uploads\/2023\/05\/347095872_1016384739742942_8473278746798891222_n.jpg?resize=1320%2C488&amp;ssl=1 1320w\" sizes=\"auto, (max-width: 640px) 100vw, 640px\" \/><\/a><\/p>\n<p style=\"text-align: justify;\"><strong>MEDIO AMBIENTE: <\/strong><strong>E<\/strong><strong>stamos <\/strong> <strong>comprometidos<\/strong> <strong>en<\/strong> <strong>desarrollar<\/strong> <strong>un<\/strong> <strong>modelo<\/strong> <strong>de<\/strong> <strong>Urbanismo<\/strong> <strong>Verde,<\/strong> <strong>que<\/strong> <strong>fomente<\/strong> <strong>un<\/strong> <strong>crecimiento Ordenado,<\/strong> <strong>Sostenible<\/strong><strong>, <\/strong><strong>Respetuoso<\/strong> <strong>con<\/strong> <strong>nuestro<\/strong> <strong>entorno<\/strong> <strong>natural, nuestra Vega y nuestra Sierra.<\/strong><strong> Aspiramos a convertir a Atarfe en una ciudad verde, donde cada rinc\u00f3n que lo permita est\u00e9 lleno de \u00e1rboles que embellezcan nuestras calles. Cambiaremos la iluminaci\u00f3n<\/strong> en todo el municipio con sistemas energ\u00e9ticos de bajo consumo y n<strong>ecesitaremos<\/strong> tus propuestas y participaci\u00f3n activa en el plan de embellecimiento que vamos a llevar a cabo en nuestra ciudad. <strong>Una<\/strong> <strong>ciudad<\/strong> <strong>sin<\/strong> <strong>barreras<\/strong> <strong>arquitect\u00f3nicas,<\/strong> <strong>accesible<\/strong> <strong>para<\/strong> <strong>todos<\/strong> <strong>y<\/strong> <strong>todas. <\/strong>Implementaremos un <strong>nuevo sistema de reciclaje <\/strong>a trav\u00e9s del cual los\/as vecinos\/as que reciclen sus envases recibir\u00e1n descuentos en sus compras en los comercios de nuestro municipio en colaboraci\u00f3n con la Asociaci\u00f3n de Comerciantes y Empresarios. Si vives en Caparacena, Sierra Elvira o nuestras urbanizaciones queremos asegurarte que todas estas medidas tambi\u00e9n se aplicar\u00e1n all\u00ed. Destacar tambi\u00e9n el plan para la<strong> recuperaci\u00f3n de la cantera de Sierra Elvira<\/strong> y la<strong> reforestaci\u00f3n del monte quemado<\/strong> el verano pasado en el entorno de Caparacena. Crearemos un <strong>programa de reforestaci\u00f3n participativa <\/strong>en el que se integre la informaci\u00f3n, la formaci\u00f3n y la intervenci\u00f3n voluntaria de los diferentes colectivos locales con el objetivo de recuperar nuestro entorno natural tras el incendio del pasado a\u00f1o.<\/p>\n<p style=\"text-align: justify;\"><strong>CULTURA , DEPORTES y FIESTAS <\/strong>Continuaremos con los proyectos de <strong>ampliaci\u00f3n de nuestras instalaciones deportivas <\/strong>como la creaci\u00f3n de un nuevo campo de f\u00fatbol 7 y la ampliaci\u00f3n de la zona de calistenia. Construiremos un <strong>nuevo gimnasio <\/strong>en los bajos del Coliseo Ciudad Atarfe. Construiremos un <strong>nuevo pabell\u00f3n.<\/strong> Dotaremos el ferial de equipamientos deportivos desmontables. y los equipamientos de nuestras instalaciones deportivas en su conjunto. Continuaremos apostando por una <strong>programaci\u00f3n de primera<\/strong> <strong>en los numerosos espacios culturales<\/strong> de los que dispone Atarfe (Centro Cultural Medina Elvira, Coliseo Ciudad de Atarfe y Paraje Natural de la Ermita de los Tres Juanes, plazas etc ) con el objetivo de que Atarfe siga siendo referente cultural en el \u00e1rea metropolitana. Seguiremos apoyando los <strong>festivales musicales <\/strong>consolidados de nuestro municipio como el <strong>Festival Internacional de Jazz<\/strong> o los de reciente creaci\u00f3n como <strong>\u201cAtarfe Suena en el Lago\u201d<\/strong> y, adem\u00e1s, llevaremos a cabo la creaci\u00f3n de nuevos festivales con el objetivo de dar una mayor respuesta a las demandas culturales de nuestros\/as vecinos\/as y, sobre todo, de los\/as m\u00e1s j\u00f3venes. Implementaremos un <strong>sistema de descuentos <\/strong>para desempleados\/as, j\u00f3venes, familias numerosas, discapacitados y mayores de 65 a\u00f1os para la adquisici\u00f3n de entradas para los eventos culturales programados en nuestro municipio. Recuperaremos nuestras tradicionales <strong>Fiestas de Barrio <\/strong>para fomentar la convivencia de los\/as vecinos\/as, implic\u00e1ndonos de forma directa en su programaci\u00f3n, as\u00ed como la <strong>Feria de Septiembre <\/strong>en el centro de nuestro pueblo. Y, adem\u00e1s, continuaremos apostando por fiestas tan atarfe\u00f1as como la <strong>Romer\u00eda<\/strong>, el <strong>Carnaval <\/strong>y las <strong>Cruces de Mayo<\/strong>. Impulsaremos la celebraci\u00f3n de la <strong>fiesta del Orgullo LGTBIQ+ <\/strong>en Atarfe, implementando una programaci\u00f3n cultural y de ocio juvenil que nos sit\u00faen como ciudad libre de discriminaci\u00f3n por raz\u00f3n de orientaci\u00f3n e identidad sexual.Crearemos una <strong>Oficina T\u00e9cnica de Medina Elvira<\/strong>, para la gesti\u00f3n, desarrollo y dinamizaci\u00f3n de este proyecto tan nuestro. Creaci\u00f3n y construcci\u00f3n del <strong>Centro Arqueol\u00f3gico de Medina Elvira.<\/strong><\/p>\n<p><a href=\"https:\/\/i0.wp.com\/miradordeatarfe.es\/wp-content\/uploads\/2023\/05\/1684954820723.jpg?ssl=1\"><img data-recalc-dims=\"1\" loading=\"lazy\" decoding=\"async\" class=\"alignnone wp-image-61737 size-full\" src=\"https:\/\/i0.wp.com\/miradordeatarfe.es\/wp-content\/uploads\/2023\/05\/1684954820723.jpg?resize=640%2C359&#038;ssl=1\" alt=\"\" width=\"640\" height=\"359\" srcset=\"https:\/\/i0.wp.com\/miradordeatarfe.es\/wp-content\/uploads\/2023\/05\/1684954820723.jpg?w=1024&amp;ssl=1 1024w, https:\/\/i0.wp.com\/miradordeatarfe.es\/wp-content\/uploads\/2023\/05\/1684954820723.jpg?resize=300%2C168&amp;ssl=1 300w, https:\/\/i0.wp.com\/miradordeatarfe.es\/wp-content\/uploads\/2023\/05\/1684954820723.jpg?resize=768%2C431&amp;ssl=1 768w\" sizes=\"auto, (max-width: 640px) 100vw, 640px\" \/><\/a><\/p>\n<p style=\"text-align: justify;\"><strong>ASOCIACIONES Y COLECTIVOS:<\/strong>Activaremos el <strong>Consejo Municipal de Participaci\u00f3n Ciudadana <\/strong>para fomentar el debate y el compromiso de nuestras asociaciones con la mejora de nuestro municipio. Crearemos la <strong>figura del delegado vecinal <\/strong>con el objetivo de dinamizar el barrio a trav\u00e9s de asociaciones y colectivos y trasladar as\u00ed las demandas y sugerencias de cada n\u00facleo de poblaci\u00f3n. Crearemos una <strong>App <\/strong>a gran escala que permita conocer nuestro municipio, sus comercios, su oferta cultural y deportiva, sus lugares de inter\u00e9s, sus asociaciones y dem\u00e1s colectivos&#8230; y, adem\u00e1s, permita a sus usuarios\/as la reserva de salas de estudio, pistas deportivas y salas de reuni\u00f3n.<\/p>\n<p style=\"text-align: justify;\"><strong>FIESTAS:<\/strong><\/p>\n<h3 style=\"text-align: justify;\">SI QUIERES CONSULTAR EL PROGRAMA COMPLETO DEL PSOE DE ATARFE PINCHA EN ESTE ENLACE:<\/h3>\n<h3 style=\"text-align: justify;\"><a href=\"https:\/\/drive.google.com\/file\/d\/1aQ9yE9YNouekEwDXNnzIJo6ruNAleY5Y\/view?usp=drivesdk\">https:\/\/drive.google.com\/file\/d\/1aQ9yE9YNouekEwDXNnzIJo6ruNAleY5Y\/view?usp=drivesdk<\/a><\/h3>\n<p style=\"text-align: justify;\"><a href=\"https:\/\/i0.wp.com\/miradordeatarfe.es\/wp-content\/uploads\/2023\/05\/345646121_1384527395659823_6572396060276206913_n-1.jpg?ssl=1\"><img data-recalc-dims=\"1\" loading=\"lazy\" decoding=\"async\" class=\"alignnone wp-image-61736 size-full\" src=\"https:\/\/i0.wp.com\/miradordeatarfe.es\/wp-content\/uploads\/2023\/05\/345646121_1384527395659823_6572396060276206913_n-1.jpg?resize=640%2C426&#038;ssl=1\" alt=\"\" width=\"640\" height=\"426\" srcset=\"https:\/\/i0.wp.com\/miradordeatarfe.es\/wp-content\/uploads\/2023\/05\/345646121_1384527395659823_6572396060276206913_n-1.jpg?w=811&amp;ssl=1 811w, https:\/\/i0.wp.com\/miradordeatarfe.es\/wp-content\/uploads\/2023\/05\/345646121_1384527395659823_6572396060276206913_n-1.jpg?resize=300%2C200&amp;ssl=1 300w, https:\/\/i0.wp.com\/miradordeatarfe.es\/wp-content\/uploads\/2023\/05\/345646121_1384527395659823_6572396060276206913_n-1.jpg?resize=768%2C511&amp;ssl=1 768w\" sizes=\"auto, (max-width: 640px) 100vw, 640px\" \/><\/a><\/p>\n<p><a href=\"https:\/\/i0.wp.com\/miradordeatarfe.es\/wp-content\/uploads\/2023\/05\/Screenshot-2023-05-08-at-12-57-15-20-psoe-de-atarfe-Resultados-de-busqueda-Facebook-1.png?ssl=1\"><img data-recalc-dims=\"1\" loading=\"lazy\" decoding=\"async\" class=\"alignnone wp-image-61738 \" src=\"https:\/\/i0.wp.com\/miradordeatarfe.es\/wp-content\/uploads\/2023\/05\/Screenshot-2023-05-08-at-12-57-15-20-psoe-de-atarfe-Resultados-de-busqueda-Facebook-1.png?resize=640%2C313&#038;ssl=1\" alt=\"\" width=\"640\" height=\"313\" srcset=\"https:\/\/i0.wp.com\/miradordeatarfe.es\/wp-content\/uploads\/2023\/05\/Screenshot-2023-05-08-at-12-57-15-20-psoe-de-atarfe-Resultados-de-busqueda-Facebook-1.png?w=677&amp;ssl=1 677w, https:\/\/i0.wp.com\/miradordeatarfe.es\/wp-content\/uploads\/2023\/05\/Screenshot-2023-05-08-at-12-57-15-20-psoe-de-atarfe-Resultados-de-busqueda-Facebook-1.png?resize=300%2C147&amp;ssl=1 300w\" sizes=\"auto, (max-width: 640px) 100vw, 640px\" \/><\/a><\/p>\n","protected":false},"excerpt":{"rendered":"<p>RESUMEN DEL PROGRAMA ELECTORAL del PSOE DE ATARFE PARA LAS ELECCIONES MUNICIPALES 2023 El PSOE&#8230;<\/p>\n","protected":false},"author":1,"featured_media":61741,"comment_status":"closed","ping_status":"closed","sticky":false,"template":"","format":"standard","meta":{"_coblocks_attr":"","_coblocks_dimensions":"","_coblocks_responsive_height":"","_coblocks_accordion_ie_support":"","jetpack_post_was_ever_published":false,"_jetpack_newsletter_access":"","_jetpack_dont_email_post_to_subs":false,"_jetpack_newsletter_tier_id":0,"_jetpack_memberships_contains_paywalled_content":false,"_jetpack_memberships_contains_paid_content":false,"footnotes":"","jetpack_publicize_message":"","jetpack_publicize_feature_enabled":true,"jetpack_social_post_already_shared":false,"jetpack_social_options":{"image_generator_settings":{"template":"highway","default_image_id":0,"enabled":false},"version":2}},"categories":[2,6916,44,7671,15],"tags":[5962,10396],"class_list":["post-61593","post","type-post","status-publish","format-standard","has-post-thumbnail","hentry","category-atarfe","category-ayuntamiento-de-atarfe","category-noticias-de-hoy","category-politica","category-ultimas-noticias","tag-programa-electoral","tag-psoe-de-atarfe"],"jetpack_publicize_connections":[],"jetpack_featured_media_url":"https:\/\/i0.wp.com\/miradordeatarfe.es\/wp-content\/uploads\/2023\/05\/346755707_193196616944776_2518129787526864973_n.jpg?fit=960%2C503&ssl=1","jetpack_likes_enabled":true,"jetpack_sharing_enabled":true,"_links":{"self":[{"href":"https:\/\/miradordeatarfe.es\/index.php?rest_route=\/wp\/v2\/posts\/61593","targetHints":{"allow":["GET"]}}],"collection":[{"href":"https:\/\/miradordeatarfe.es\/index.php?rest_route=\/wp\/v2\/posts"}],"about":[{"href":"https:\/\/miradordeatarfe.es\/index.php?rest_route=\/wp\/v2\/types\/post"}],"author":[{"embeddable":true,"href":"https:\/\/miradordeatarfe.es\/index.php?rest_route=\/wp\/v2\/users\/1"}],"replies":[{"embeddable":true,"href":"https:\/\/miradordeatarfe.es\/index.php?rest_route=%2Fwp%2Fv2%2Fcomments&post=61593"}],"version-history":[{"count":5,"href":"https:\/\/miradordeatarfe.es\/index.php?rest_route=\/wp\/v2\/posts\/61593\/revisions"}],"predecessor-version":[{"id":61714,"href":"https:\/\/miradordeatarfe.es\/index.php?rest_route=\/wp\/v2\/posts\/61593\/revisions\/61714"}],"wp:featuredmedia":[{"embeddable":true,"href":"https:\/\/miradordeatarfe.es\/index.php?rest_route=\/wp\/v2\/media\/61741"}],"wp:attachment":[{"href":"https:\/\/miradordeatarfe.es\/index.php?rest_route=%2Fwp%2Fv2%2Fmedia&parent=61593"}],"wp:term":[{"taxonomy":"category","embeddable":true,"href":"https:\/\/miradordeatarfe.es\/index.php?rest_route=%2Fwp%2Fv2%2Fcategories&post=61593"},{"taxonomy":"post_tag","embeddable":true,"href":"https:\/\/miradordeatarfe.es\/index.php?rest_route=%2Fwp%2Fv2%2Ftags&post=61593"}],"curies":[{"name":"wp","href":"https:\/\/api.w.org\/{rel}","templated":true}]}}