{"id":61602,"date":"2023-05-19T11:10:06","date_gmt":"2023-05-19T09:10:06","guid":{"rendered":"https:\/\/miradordeatarfe.es\/?p=61602"},"modified":"2023-05-18T10:22:09","modified_gmt":"2023-05-18T08:22:09","slug":"las-carreras-de-mayo-por-juan-de-dios-villanueva-roa","status":"publish","type":"post","link":"https:\/\/miradordeatarfe.es\/?p=61602","title":{"rendered":"\u00abLAS CARRERAS DE MAYO \u00bb por Juan de Dios Villanueva Roa"},"content":{"rendered":"<h3>Ya hemos mediado mayo, este mes que comenz\u00f3 con las calores de julio y ya va por las de abril.<\/h3>\n<p style=\"text-align: justify;\">Contradicci\u00f3n pura de la que podremos culpar a pol\u00edticos locales por querer serlo, no porque sean m\u00e1s culpables que usted o yo. A diez d\u00edas de votar a alcaldes de ciudades o pueblos, acabamos de votar para ocupar la inc\u00f3moda silla del rectorado de la Universidad de Granada. Los resultados est\u00e1n ah\u00ed.<\/p>\n<p style=\"text-align: justify;\">Ahora nos enfrascamos por la carrera de las sillas de las alcald\u00edas, que tampoco son c\u00f3modas. Y uno, salvo mal pensados, que los hay, y muchos, aunque sea por experiencias propias, no cabe razonar sobre las ansias de poder, menos a\u00fan las impuestas desde las jefaturas <em>sevillesas<\/em>, porque a veces da qu\u00e9 pensar que quienes viven de la pol\u00edtica lo mismo sirven para dirigir un tren de mercanc\u00edas que dar de comer a un conejo, y los van cambiando de puesto como cambian los colores de un sem\u00e1foro.<\/p>\n<p style=\"text-align: justify;\">Aqu\u00ed vemos sin asombro ya c\u00f3mo desde el otro lado del universo territorial se decide qui\u00e9n debe ir y qui\u00e9n debe venir, y se obedece, oiga, que es de alucine. Porque en el fondo da igual, aparentemente, firmar un decreto de obras a quien le digan que un bando municipal. Total, a la gente parece darle igual, si lo mismo piensa que todos son iguales. Lo cierto es que son tan diferentes como el sol y la luna, lo que ocurre es que excusas las hay de todos los colores. Mayo tiene sus cruces, como junio sevillanas. Paso a paso, primero votemos, despu\u00e9s ya bailaremos, o no.<\/p>\n<p>FOTO : CADENA SER<\/p>\n","protected":false},"excerpt":{"rendered":"<p>Ya hemos mediado mayo, este mes que comenz\u00f3 con las calores de julio y ya&#8230;<\/p>\n","protected":false},"author":1,"featured_media":61603,"comment_status":"closed","ping_status":"closed","sticky":false,"template":"","format":"standard","meta":{"_coblocks_attr":"","_coblocks_dimensions":"","_coblocks_responsive_height":"","_coblocks_accordion_ie_support":"","jetpack_post_was_ever_published":false,"_jetpack_newsletter_access":"","_jetpack_dont_email_post_to_subs":false,"_jetpack_newsletter_tier_id":0,"_jetpack_memberships_contains_paywalled_content":false,"_jetpack_memberships_contains_paid_content":false,"footnotes":"","jetpack_publicize_message":"","jetpack_publicize_feature_enabled":true,"jetpack_social_post_already_shared":false,"jetpack_social_options":{"image_generator_settings":{"template":"highway","default_image_id":0,"enabled":false},"version":2}},"categories":[1161,9772,44,7671,15],"tags":[9845,195],"class_list":["post-61602","post","type-post","status-publish","format-standard","has-post-thumbnail","hentry","category-ciudadania","category-opinion-de-juan-de-dios-villanueva","category-noticias-de-hoy","category-politica","category-ultimas-noticias","tag-9845","tag-elecciones-municipales"],"jetpack_publicize_connections":[],"jetpack_featured_media_url":"https:\/\/i0.wp.com\/miradordeatarfe.es\/wp-content\/uploads\/2023\/05\/G2NTVPRL4FF4RLI37WLYBE3JDM.jpeg?fit=736%2C552&ssl=1","jetpack_likes_enabled":true,"jetpack_sharing_enabled":true,"_links":{"self":[{"href":"https:\/\/miradordeatarfe.es\/index.php?rest_route=\/wp\/v2\/posts\/61602","targetHints":{"allow":["GET"]}}],"collection":[{"href":"https:\/\/miradordeatarfe.es\/index.php?rest_route=\/wp\/v2\/posts"}],"about":[{"href":"https:\/\/miradordeatarfe.es\/index.php?rest_route=\/wp\/v2\/types\/post"}],"author":[{"embeddable":true,"href":"https:\/\/miradordeatarfe.es\/index.php?rest_route=\/wp\/v2\/users\/1"}],"replies":[{"embeddable":true,"href":"https:\/\/miradordeatarfe.es\/index.php?rest_route=%2Fwp%2Fv2%2Fcomments&post=61602"}],"version-history":[{"count":1,"href":"https:\/\/miradordeatarfe.es\/index.php?rest_route=\/wp\/v2\/posts\/61602\/revisions"}],"predecessor-version":[{"id":61604,"href":"https:\/\/miradordeatarfe.es\/index.php?rest_route=\/wp\/v2\/posts\/61602\/revisions\/61604"}],"wp:featuredmedia":[{"embeddable":true,"href":"https:\/\/miradordeatarfe.es\/index.php?rest_route=\/wp\/v2\/media\/61603"}],"wp:attachment":[{"href":"https:\/\/miradordeatarfe.es\/index.php?rest_route=%2Fwp%2Fv2%2Fmedia&parent=61602"}],"wp:term":[{"taxonomy":"category","embeddable":true,"href":"https:\/\/miradordeatarfe.es\/index.php?rest_route=%2Fwp%2Fv2%2Fcategories&post=61602"},{"taxonomy":"post_tag","embeddable":true,"href":"https:\/\/miradordeatarfe.es\/index.php?rest_route=%2Fwp%2Fv2%2Ftags&post=61602"}],"curies":[{"name":"wp","href":"https:\/\/api.w.org\/{rel}","templated":true}]}}