{"id":61619,"date":"2023-05-20T10:55:38","date_gmt":"2023-05-20T08:55:38","guid":{"rendered":"https:\/\/miradordeatarfe.es\/?p=61619"},"modified":"2023-10-19T20:39:26","modified_gmt":"2023-10-19T18:39:26","slug":"a-ana-castro-por-jose-enrique-granados","status":"publish","type":"post","link":"https:\/\/miradordeatarfe.es\/?p=61619","title":{"rendered":"\u00abA ANA CASTRO\u00bb por Jos\u00e9 Enrique Granados"},"content":{"rendered":"<div class=\"xdj266r x11i5rnm xat24cr x1mh8g0r x1vvkbs x126k92a\">\n<div dir=\"auto\">\u00a0<\/div>\n<h3 dir=\"auto\" style=\"text-align: justify;\">Me he permitido la licencia de dedicar esta Gacetilla a una persona muy especial para m\u00ed, en el d\u00eda de su cumplea\u00f1os. Y que mejor manera, que rescatar unos textos de su madre, dedicados a sus hijos, publicados en el especial de las fiestas de IDEAL que durante muchos a\u00f1os realic\u00e9.<\/h3>\n<\/div>\n<div class=\"x11i5rnm xat24cr x1mh8g0r x1vvkbs xtlvy1s x126k92a\" style=\"text-align: justify;\">\n<div dir=\"auto\"><em>\u201cPor fin naci\u00f3 mi nieto. La enfermera llevaba en brazos a un ser humano diminuto, envuelto en una manta blanca, que no dejaba de agitar desesperadamente las manitas y los delgados dedos. Abri\u00f3 los ojos y me mir\u00f3, y para mi coraz\u00f3n fue como si me llamase abuela. A veces me pregunto c\u00f3mo me sent\u00ed en ese momento, y no tengo la menor idea de que responder. No encuentro los calificativos precisos: alegre, no lo expresa bien; ni dichosa es lo bastante dulce, ni feliz lo bastante intenso, ni placida lo bastante tranquilo. Es una sensaci\u00f3n diferente y un sentimiento que nunca hab\u00eda experimentado. Qui\u00e9n me iba a decir a m\u00ed, con mi edad, que hab\u00eda una forma de amor distinto. Yo conoc\u00eda el amor filial, el amor de esposa, amor de madre a mis hijos, pero no conoc\u00eda este amor hacia mi nieto, que no por ser el \u00faltimo en llegar, es menos intenso. Al contrario, es un amor que te llega al alma y que llena todos los espacios de tu ser.\u201d<\/em><\/div>\n<div dir=\"auto\">\u00a0<\/div>\n<\/div>\n<div class=\"x11i5rnm xat24cr x1mh8g0r x1vvkbs xtlvy1s x126k92a\">\n<div dir=\"auto\" style=\"text-align: justify;\"><em>\u201cFaltan pocos meses para que la familia de mi hija aumente. Espero con la misma ilusi\u00f3n que esper\u00e9 el nacimiento de Antonio. Tambi\u00e9n he visto la ecograf\u00eda, y aun no sabemos el sexo del nuevo bebe. Lo que venga, bienvenido ser\u00e1. Siento la misma emoci\u00f3n y alegr\u00eda. Otro personajillo sonrosado y tierno vendr\u00e1 a completar esta familia y nos llenar\u00e1 de bendiciones, pues cada hijo es un regalo del cielo, y s\u00e9 que me har\u00e1 sentir ese cosquilleo que te llega desde el fondo de tu ser, que te hace ser la m\u00e1s feliz de las personas cuando te mira y te sonr\u00ede, o cuando oyes sus primeras palabras, o recibes su primer beso, o cuando te pellisquea la cara sonriendo maliciosamente, o cuando te coge de la mano, para llevarte donde quiere ir sin a\u00fan saber expresarlo, y lo alegre que muestra cuando ha conseguido lo que quer\u00eda. Todos estos peque\u00f1os detalles y vivencias diarias de mi nieto hacen que me sienta de nuevo una ni\u00f1a, una nueva mujer que vuelve a sentir en su interior sensaciones y sentimientos que s\u00f3lo se experimentan en la locura que da la ni\u00f1ez.\u201d.<\/em><\/div>\n<div dir=\"auto\">\u00a0<\/div>\n<\/div>\n<div class=\"x11i5rnm xat24cr x1mh8g0r x1vvkbs xtlvy1s x126k92a\">\n<div dir=\"auto\"><em>Ana, salud\u2026<\/em>\u2026.<\/div>\n<div dir=\"auto\">\u00a0<\/div>\n<\/div>\n<div class=\"x11i5rnm xat24cr x1mh8g0r x1vvkbs xtlvy1s x126k92a\">\n<div dir=\"auto\">FOTO: Paco Garc\u00eda-Aguilera, gr<\/div>\n<\/div>\n<div dir=\"auto\">\u00a0<\/div>\n<div dir=\"auto\"><strong>Gacetilla y Curiosidades Elvirense<\/strong>s<\/div>\n","protected":false},"excerpt":{"rendered":"<p>\u00a0 Me he permitido la licencia de dedicar esta Gacetilla a una persona muy especial&#8230;<\/p>\n","protected":false},"author":1,"featured_media":61620,"comment_status":"closed","ping_status":"closed","sticky":false,"template":"","format":"standard","meta":{"_coblocks_attr":"","_coblocks_dimensions":"","_coblocks_responsive_height":"","_coblocks_accordion_ie_support":"","jetpack_post_was_ever_published":false,"_jetpack_newsletter_access":"","_jetpack_dont_email_post_to_subs":false,"_jetpack_newsletter_tier_id":0,"_jetpack_memberships_contains_paywalled_content":false,"_jetpack_memberships_contains_paid_content":false,"footnotes":"","jetpack_publicize_message":"","jetpack_publicize_feature_enabled":true,"jetpack_social_post_already_shared":false,"jetpack_social_options":{"image_generator_settings":{"template":"highway","default_image_id":0,"enabled":false},"version":2}},"categories":[38,6539],"tags":[10063],"class_list":["post-61619","post","type-post","status-publish","format-standard","has-post-thumbnail","hentry","category-opinion-de-jose-enrique-granados","category-personajes-de-ataref","tag-ana-castro"],"jetpack_publicize_connections":[],"jetpack_featured_media_url":"https:\/\/i0.wp.com\/miradordeatarfe.es\/wp-content\/uploads\/2023\/05\/ana-castro.jpg?fit=843%2C506&ssl=1","jetpack_likes_enabled":true,"jetpack_sharing_enabled":true,"_links":{"self":[{"href":"https:\/\/miradordeatarfe.es\/index.php?rest_route=\/wp\/v2\/posts\/61619","targetHints":{"allow":["GET"]}}],"collection":[{"href":"https:\/\/miradordeatarfe.es\/index.php?rest_route=\/wp\/v2\/posts"}],"about":[{"href":"https:\/\/miradordeatarfe.es\/index.php?rest_route=\/wp\/v2\/types\/post"}],"author":[{"embeddable":true,"href":"https:\/\/miradordeatarfe.es\/index.php?rest_route=\/wp\/v2\/users\/1"}],"replies":[{"embeddable":true,"href":"https:\/\/miradordeatarfe.es\/index.php?rest_route=%2Fwp%2Fv2%2Fcomments&post=61619"}],"version-history":[{"count":1,"href":"https:\/\/miradordeatarfe.es\/index.php?rest_route=\/wp\/v2\/posts\/61619\/revisions"}],"predecessor-version":[{"id":61621,"href":"https:\/\/miradordeatarfe.es\/index.php?rest_route=\/wp\/v2\/posts\/61619\/revisions\/61621"}],"wp:featuredmedia":[{"embeddable":true,"href":"https:\/\/miradordeatarfe.es\/index.php?rest_route=\/wp\/v2\/media\/61620"}],"wp:attachment":[{"href":"https:\/\/miradordeatarfe.es\/index.php?rest_route=%2Fwp%2Fv2%2Fmedia&parent=61619"}],"wp:term":[{"taxonomy":"category","embeddable":true,"href":"https:\/\/miradordeatarfe.es\/index.php?rest_route=%2Fwp%2Fv2%2Fcategories&post=61619"},{"taxonomy":"post_tag","embeddable":true,"href":"https:\/\/miradordeatarfe.es\/index.php?rest_route=%2Fwp%2Fv2%2Ftags&post=61619"}],"curies":[{"name":"wp","href":"https:\/\/api.w.org\/{rel}","templated":true}]}}