{"id":61630,"date":"2023-05-20T10:14:20","date_gmt":"2023-05-20T08:14:20","guid":{"rendered":"https:\/\/miradordeatarfe.es\/?p=61630"},"modified":"2023-05-18T14:26:20","modified_gmt":"2023-05-18T12:26:20","slug":"la-vivienda-por-juan-santaella","status":"publish","type":"post","link":"https:\/\/miradordeatarfe.es\/?p=61630","title":{"rendered":"\u00bb LA VIVIENDA\u00bb por Juan Santaella"},"content":{"rendered":"<h2 class=\"v-a-sub-t\">Debe ser el quinto pilar del Estado del Bienestar, junto a educaci\u00f3n, salud, pensiones y dependencia<\/h2>\n<p class=\"v-p\" style=\"text-align: justify;\">La situaci\u00f3n de la vivienda en las grandes ciudades es alarmante. Muchos ciudadanos no pueden acceder a ella. El Gobierno ha decidido que la vivienda sea el quinto pilar del Estado de Bienestar, y, para ello, pretende aprobar la primera ley de vivienda de la democracia espa\u00f1ola, y crear un parque de viviendas p\u00fablicas (183.000), similar al resto de los pa\u00edses europeos. En Espa\u00f1a, 4 de cada 10 hogares en alquiler dedican m\u00e1s del 40% de sus ingresos a la vivienda, por lo que el 50% de los alquilados est\u00e1 en riesgo de exclusi\u00f3n.<\/p>\n<p class=\"v-p\" style=\"text-align: justify;\">Seg\u00fan el art\u00edculo 47 de nuestra Constituci\u00f3n: \u00abTodos los espa\u00f1oles tienen derecho a disfrutar de una vivienda digna y adecuada. Los poderes p\u00fablicos promover\u00e1n las condiciones necesarias y establecer\u00e1n las normas pertinentes para hacer efectivo este derecho\u2026\u00bb. Sin embargo, en Espa\u00f1a, la vivienda nunca ha sido un derecho fundamental. Como dice Jos\u00e9 Mar\u00eda Fern\u00e1ndez Seijo, magistrado de la Audiencia Provincial de Barcelona, \u00aben 1978, el legislador constitucional consider\u00f3 que no se trataba de un derecho fundamental\u2026 Los llamados derechos sociales tuvieron que conformarse con enunciarse de modo program\u00e1tico, sin fuerza vinculante directa, cuando deber\u00edan formar parte del n\u00facleo duro de derechos fundamentales, generadores de obligaciones para el Estado. La Constituci\u00f3n del 78, pionera en muchos aspectos, en materia de vivienda ha quedado obsoleta\u00bb.<\/p>\n<p class=\"v-p\" style=\"text-align: justify;\">La comisaria de Derechos Humanos del Consejo de Europa, Dunja Mijatovic, el pasado 9 de mayo, inst\u00f3 a acelerar la tramitaci\u00f3n del proyecto de ley de vivienda, porque la falta de viviendas sociales en Espa\u00f1a es de grandes dimensiones, y \u00abel acceso a la vivienda es un derecho fundamental\u00bb.<\/p>\n<p class=\"v-p\" style=\"text-align: justify;\">La primera ley estatal de vivienda ya tiene el visto bueno del Congreso de los Diputados, y entre otros aspectos recoge lo siguiente: aumenta del 30 al 40% las viviendas p\u00fablicas en suelo urbanizable, otorga mayores incentivos fiscales a las personas f\u00edsicas que arrienden viviendas en \u00e1reas tensionadas, evita que las viviendas de alquiler se vendan a fondos buitre, mantiene en el 2% el tope de revisi\u00f3n de rentas durante este a\u00f1o, el 3% en 2024 y determina la creaci\u00f3n de un nuevo \u00edndice a partir de 2025, pone el foco en las \u00e1reas con precios disparados y en los grandes tenedores (los que tienen m\u00e1s de cinco viviendas alquiladas)&#8230; Todo esto ser\u00e1 aplicable a los grandes tenedores, pues los peque\u00f1os propietarios se regir\u00e1n por su contrato anterior.<\/p>\n<p class=\"v-p\" style=\"text-align: justify;\">La ley no entra en las ocupaciones de viviendas, pues cualquier allanamiento de morada (u ocupaci\u00f3n) es resuelta inmediatamente por la justicia (frente a la alarma social que se pretende crear con este tema); aunque s\u00ed protege m\u00e1s a las familias vulnerables en alquiler, ante los desahucios. Las expulsiones tendr\u00e1n que realizarse previo control por la Administraci\u00f3n, para ofrecer alternativas habitacionales a personas en riesgo, mediante alquileres sociales.<\/p>\n<p class=\"v-p\" style=\"text-align: justify;\">Seg\u00fan Bergoglio, la propiedad privada no es absoluta, ni intocable, sino que tiene una funci\u00f3n social, pues la justicia no puede cimentarse en la iniquidad que supone la concentraci\u00f3n de riqueza, como reconoce en su enc\u00edclica &#8216;Laudatio s\u00ed&#8217;. Para \u00e9l, \u00abtierra, casa y trabajo son derechos sagrados: esta es la Doctrina Social de la Iglesia\u2026Hoy vivimos en ciudades inmensas que ofrecen numerosos lugares para una minor\u00eda feliz pero que niegan la casa a millares de nuestros vecinos, incluidos los ni\u00f1os\u00bb.<\/p>\n<p>https:\/\/www.ideal.es\/opinion\/juan-santaella-vivienda-20230518232842-nt.html<\/p>\n","protected":false},"excerpt":{"rendered":"<p>Debe ser el quinto pilar del Estado del Bienestar, junto a educaci\u00f3n, salud, pensiones y&#8230;<\/p>\n","protected":false},"author":1,"featured_media":61631,"comment_status":"closed","ping_status":"closed","sticky":false,"template":"","format":"standard","meta":{"_coblocks_attr":"","_coblocks_dimensions":"","_coblocks_responsive_height":"","_coblocks_accordion_ie_support":"","jetpack_post_was_ever_published":false,"_jetpack_newsletter_access":"","_jetpack_dont_email_post_to_subs":false,"_jetpack_newsletter_tier_id":0,"_jetpack_memberships_contains_paywalled_content":false,"_jetpack_memberships_contains_paid_content":false,"footnotes":"","jetpack_publicize_message":"","jetpack_publicize_feature_enabled":true,"jetpack_social_post_already_shared":false,"jetpack_social_options":{"image_generator_settings":{"template":"highway","default_image_id":0,"enabled":false},"version":2}},"categories":[2,7725,1161,44,7671,15],"tags":[10383,682],"class_list":["post-61630","post","type-post","status-publish","format-standard","has-post-thumbnail","hentry","category-atarfe","category-atarfe-sostenible","category-ciudadania","category-noticias-de-hoy","category-politica","category-ultimas-noticias","tag-quinto-pilar-del-estado","tag-vivienda"],"jetpack_publicize_connections":[],"jetpack_featured_media_url":"https:\/\/i0.wp.com\/miradordeatarfe.es\/wp-content\/uploads\/2023\/05\/vivienda.png?fit=1920%2C1080&ssl=1","jetpack_likes_enabled":true,"jetpack_sharing_enabled":true,"_links":{"self":[{"href":"https:\/\/miradordeatarfe.es\/index.php?rest_route=\/wp\/v2\/posts\/61630","targetHints":{"allow":["GET"]}}],"collection":[{"href":"https:\/\/miradordeatarfe.es\/index.php?rest_route=\/wp\/v2\/posts"}],"about":[{"href":"https:\/\/miradordeatarfe.es\/index.php?rest_route=\/wp\/v2\/types\/post"}],"author":[{"embeddable":true,"href":"https:\/\/miradordeatarfe.es\/index.php?rest_route=\/wp\/v2\/users\/1"}],"replies":[{"embeddable":true,"href":"https:\/\/miradordeatarfe.es\/index.php?rest_route=%2Fwp%2Fv2%2Fcomments&post=61630"}],"version-history":[{"count":1,"href":"https:\/\/miradordeatarfe.es\/index.php?rest_route=\/wp\/v2\/posts\/61630\/revisions"}],"predecessor-version":[{"id":61632,"href":"https:\/\/miradordeatarfe.es\/index.php?rest_route=\/wp\/v2\/posts\/61630\/revisions\/61632"}],"wp:featuredmedia":[{"embeddable":true,"href":"https:\/\/miradordeatarfe.es\/index.php?rest_route=\/wp\/v2\/media\/61631"}],"wp:attachment":[{"href":"https:\/\/miradordeatarfe.es\/index.php?rest_route=%2Fwp%2Fv2%2Fmedia&parent=61630"}],"wp:term":[{"taxonomy":"category","embeddable":true,"href":"https:\/\/miradordeatarfe.es\/index.php?rest_route=%2Fwp%2Fv2%2Fcategories&post=61630"},{"taxonomy":"post_tag","embeddable":true,"href":"https:\/\/miradordeatarfe.es\/index.php?rest_route=%2Fwp%2Fv2%2Ftags&post=61630"}],"curies":[{"name":"wp","href":"https:\/\/api.w.org\/{rel}","templated":true}]}}