{"id":61633,"date":"2023-05-25T10:30:40","date_gmt":"2023-05-25T08:30:40","guid":{"rendered":"https:\/\/miradordeatarfe.es\/?p=61633"},"modified":"2023-10-23T13:53:13","modified_gmt":"2023-10-23T11:53:13","slug":"las-cinco-grandes-torres-de-granada-que-no-se-levantaron","status":"publish","type":"post","link":"https:\/\/miradordeatarfe.es\/?p=61633","title":{"rendered":"Las cinco grandes torres de Granada que no se levantaron"},"content":{"rendered":"<h3 class=\"v-a-sub-t\" style=\"text-align: justify;\">La proyecci\u00f3n de grandes edificaciones hubiese cambiado por completo el &#8216;skyline&#8217; ( horizonte) de la ciudad de la Alhambra<\/h3>\n<p class=\"v-p\" style=\"text-align: justify;\">Granada no destaca por la altura de sus edificios. En el &#8216;skyline&#8217; de la ciudad no se aprecian rascacielos ni grandes construcciones contempor\u00e1neas. El edificio m\u00e1s alto ronda los 70 metros. Se trata de la torre Atalaya, situada en el barrio de San L\u00e1zaro. Le sigue la torre de la Catedral, que pudo ser incluso m\u00e1s alta y de forma duplicada.<\/p>\n<p class=\"v-p\" style=\"text-align: justify;\">No hay que olvidar que Granada es una ciudad s\u00edsmica, lo que hace que tampoco proliferen los edificios de muchas plantas. La normativa municipal tampoco ayuda. Ya se top\u00f3 con la ley \u00c1lvaro Siza con el edificio Zaida en Puerta Real o Carlos Quintanilla con las Torres Neptuno. Pero, hay otros muchos proyectos que no vieron las luz y quedaron sobre el papel.<\/p>\n<div class=\"v-c-cmp \" style=\"text-align: justify;\">\n<div class=\"v-d-cmp-chp\">\n<header class=\"v-d-cmp-chp__h\">\n<h3 class=\"v-d-cmp-chp__t\">La gran torre de Forum<\/h3>\n<\/header>\n<\/div>\n<\/div>\n<div class=\"v-c-cmp \" style=\"text-align: justify;\">\n<div class=\"v-d-cmp-m\">\n<article class=\"v-a v-a--cmp-m \">\n<div class=\"v-a-img-c v-a-img-c--fw-xs\"><a href=\"https:\/\/i0.wp.com\/miradordeatarfe.es\/wp-content\/uploads\/2023\/05\/TORRE-FORUM.jpg?ssl=1\"><img data-recalc-dims=\"1\" loading=\"lazy\" decoding=\"async\" class=\"alignnone wp-image-61634 size-full\" src=\"https:\/\/i0.wp.com\/miradordeatarfe.es\/wp-content\/uploads\/2023\/05\/TORRE-FORUM.jpg?resize=640%2C210&#038;ssl=1\" alt=\"\" width=\"640\" height=\"210\" srcset=\"https:\/\/i0.wp.com\/miradordeatarfe.es\/wp-content\/uploads\/2023\/05\/TORRE-FORUM.jpg?w=754&amp;ssl=1 754w, https:\/\/i0.wp.com\/miradordeatarfe.es\/wp-content\/uploads\/2023\/05\/TORRE-FORUM.jpg?resize=300%2C98&amp;ssl=1 300w\" sizes=\"auto, (max-width: 640px) 100vw, 640px\" \/><\/a><\/div>\n<\/article>\n<\/div>\n<\/div>\n<div class=\"v-c-cmp \" style=\"text-align: justify;\">\n<div class=\"v-d-cmp-m\">\n<article class=\"v-a v-a--cmp-m \">\n<div class=\"v-a-img-c v-a-img-c--fw-xs\">\n<figure class=\"v-a-fig\"><figcaption class=\"v-fc\"><span class=\"v-fc__text\"> Gran torre proyectada junto al edificio Forum. <\/span> <span class=\"v-fc__ath\"> Remitida <\/span><\/figcaption><\/figure>\n<\/div>\n<\/article>\n<\/div>\n<\/div>\n<p class=\"v-p\" style=\"text-align: justify;\">La zona en la que se encuentra el edificio Forum iba a ser una gran zona de expansi\u00f3n residencial y empresarial. La idea qued\u00f3 solo en la construcci\u00f3n de viviendas. Junto a la \u00fanica edificaci\u00f3n que acoge empresas a d\u00eda de hoy, se plante\u00f3 elevar una torre de 25 plantas y casi 100 metros de altura. Con base rectangular, el proyecto se conceb\u00eda como \u00abun prisma de vidrio envuelto en una celos\u00eda cer\u00e1mica que resuelve los aspectos de comportamiento y eficiencia energ\u00e9tica. Adem\u00e1s, se le confiere un aspecto singular y cambiante en funci\u00f3n de las condiciones del sol\u00bb, resaltan desde el estudio de arquitectura Jim\u00e9nez-Brasa, autores del proyecto.<\/p>\n<p class=\"v-p\" style=\"text-align: justify;\">El destino de esta edificaci\u00f3n, en el que la luz natural era la protagonista y pretend\u00eda marcar el l\u00edmite entre la ciudad econ\u00f3mica y la Vega de Granada, era el de albergar oficinas y un hotel. Un proyecto que qued\u00f3 en un caj\u00f3n. Ahora, una cadena internacional pretende construir un hotel junto al edificio Forum Granada, este de menor envergadura.<\/p>\n<div class=\"v-c-cmp \" style=\"text-align: justify;\">\n<div class=\"v-d-cmp-chp\">\n<header class=\"v-d-cmp-chp__h\">\n<div class=\"v-d-cmp-chp__c\">\n<p class=\"v-d-cmp-chp__pre-t\">\u00a0<\/p>\n<\/div>\n<h3 class=\"v-d-cmp-chp__t\">La torre del Serrallo Plaza<\/h3>\n<\/header>\n<\/div>\n<\/div>\n<div class=\"v-c-cmp \" style=\"text-align: justify;\">\n<div class=\"v-d-cmp-m\">\n<article class=\"v-a v-a--cmp-m \">\n<div class=\"v-a-img-c v-a-img-c--fw-xs\"><a href=\"https:\/\/i0.wp.com\/miradordeatarfe.es\/wp-content\/uploads\/2023\/05\/torre-serrallo-kcoG-748x524%40Ideal.jpg?ssl=1\"><img data-recalc-dims=\"1\" loading=\"lazy\" decoding=\"async\" class=\"alignnone wp-image-61635 size-full\" src=\"https:\/\/i0.wp.com\/miradordeatarfe.es\/wp-content\/uploads\/2023\/05\/torre-serrallo-kcoG-748x524%40Ideal.jpg?resize=640%2C448&#038;ssl=1\" alt=\"\" width=\"640\" height=\"448\" srcset=\"https:\/\/i0.wp.com\/miradordeatarfe.es\/wp-content\/uploads\/2023\/05\/torre-serrallo-kcoG-748x524%40Ideal.jpg?w=748&amp;ssl=1 748w, https:\/\/i0.wp.com\/miradordeatarfe.es\/wp-content\/uploads\/2023\/05\/torre-serrallo-kcoG-748x524%40Ideal.jpg?resize=300%2C210&amp;ssl=1 300w\" sizes=\"auto, (max-width: 640px) 100vw, 640px\" \/><\/a><\/div>\n<\/article>\n<\/div>\n<\/div>\n<div class=\"v-c-cmp \" style=\"text-align: justify;\">\n<div class=\"v-d-cmp-m\">\n<article class=\"v-a v-a--cmp-m \">\n<div class=\"v-a-img-c v-a-img-c--fw-xs\">\n<figure class=\"v-a-fig\"><figcaption class=\"v-fc\"><span class=\"v-fc__text\"> Torre proyectada en el Serrallo Plaza. <\/span> <span class=\"v-fc__ath\"> Remitida <\/span><\/figcaption><\/figure>\n<\/div>\n<\/article>\n<\/div>\n<\/div>\n<p class=\"v-p\" style=\"text-align: justify;\">El Serrallo Plaza cuenta con una torreta en la que est\u00e1n anclados los logotipos de ciertas marcas que se instalan en este centro comercial. Pero, en realidad es una estructura que deb\u00eda tener otro uso. El proyecto inicial contaba con una gigantesca torre que remataba todo el conjunto. El arquitecto Carlos Quintanilla y el estudio brit\u00e1nico Chapman &amp;Taylor proyectaron esta mole de 19 plantas completamente acristalada. Aparcamientos, locales y dos ascensores exteriores remataban el conjunto. Estaba destinada a espacios de oficinas, pero el alto precio del alquiler de las mismas, as\u00ed como la coyuntura econ\u00f3mica del momento, hicieron el proyecto poco viable. Tampoco ayudo la negativa vecinal, en contra al entender que romp\u00eda la armon\u00eda de la zona.<\/p>\n<div class=\"v-c-cmp \" style=\"text-align: justify;\">\n<div class=\"v-d-cmp-chp\">\n<header class=\"v-d-cmp-chp__h\">\n<div class=\"v-d-cmp-chp__c\">\n<p class=\"v-d-cmp-chp__pre-t\">\u00a0<\/p>\n<\/div>\n<h3 class=\"v-d-cmp-chp__t\">La torre de Caja Rural de Granada<\/h3>\n<\/header>\n<\/div>\n<\/div>\n<div class=\"v-c-cmp \" style=\"text-align: justify;\">\n<div class=\"v-d-cmp-m\">\n<article class=\"v-a v-a--cmp-m \">\n<div class=\"v-a-img-c v-a-img-c--fw-xs\"><a href=\"https:\/\/i0.wp.com\/miradordeatarfe.es\/wp-content\/uploads\/2023\/05\/caja-rural-kcoG-748x524%40Ideal.jpg?ssl=1\"><img data-recalc-dims=\"1\" loading=\"lazy\" decoding=\"async\" class=\"alignnone wp-image-61636 size-full\" src=\"https:\/\/i0.wp.com\/miradordeatarfe.es\/wp-content\/uploads\/2023\/05\/caja-rural-kcoG-748x524%40Ideal.jpg?resize=640%2C448&#038;ssl=1\" alt=\"\" width=\"640\" height=\"448\" srcset=\"https:\/\/i0.wp.com\/miradordeatarfe.es\/wp-content\/uploads\/2023\/05\/caja-rural-kcoG-748x524%40Ideal.jpg?w=748&amp;ssl=1 748w, https:\/\/i0.wp.com\/miradordeatarfe.es\/wp-content\/uploads\/2023\/05\/caja-rural-kcoG-748x524%40Ideal.jpg?resize=300%2C210&amp;ssl=1 300w\" sizes=\"auto, (max-width: 640px) 100vw, 640px\" \/><\/a><\/div>\n<\/article>\n<\/div>\n<\/div>\n<div class=\"v-c-cmp \" style=\"text-align: justify;\">\n<div class=\"v-d-cmp-m\">\n<article class=\"v-a v-a--cmp-m \">\n<div class=\"v-a-img-c v-a-img-c--fw-xs\">\n<figure class=\"v-a-fig\"><figcaption class=\"v-fc\"><span class=\"v-fc__text\"> Proyecto de cambio de sede de Caja Rural de Granada. <\/span> <span class=\"v-fc__ath\"> Remitida <\/span><\/figcaption><\/figure>\n<\/div>\n<\/article>\n<\/div>\n<\/div>\n<p class=\"v-p\" style=\"text-align: justify;\">En 2004, Caja Rural de Granada hizo p\u00fablica su intenci\u00f3n de construir una nueva sede central en la ciudad. La Caja ya contaba con dos oficinas ic\u00f3nicas en Granada, por un lado la de Gran V\u00eda-Reyes Cat\u00f3licos, obra de \u00c1ngel Casas y copia de un edificio parisino y, por otro, la del edificio de cristal ubicado frente al Parque de las Ciencias, obra del estudio Jim\u00e9nez-Brasa \u2013 el mismo que proyect\u00f3 la torre de Forum-. Del proyecto solo se conocer el boceto de una torre de 20 plantas, con 19.000 metros cuadrados y capacidad para unos 1.000 trabajadores. En febrero de 2005 esta propuesta aparece en la revista Alzada, del Colegio de Arquitectos y Aparejadores de Granada, donde se pudo ver una recreaci\u00f3n realizada por un estudio motrile\u00f1o. En el mismo art\u00edculo se dice que Norman Foster se har\u00eda cargo del proyecto, con un presupuesto de unos 48 millones y que estar\u00eda ubicado en terrenos cercanos al Cerrillo de Maracena. La dificultad para vender sedes en propiedad, la llegada de la crisis y el cambio de administradores acab\u00f3 con todo el proyecto.<\/p>\n<div class=\"v-c-cmp \" style=\"text-align: justify;\">\n<div class=\"v-d-cmp-chp\">\n<header class=\"v-d-cmp-chp__h\">\n<div class=\"v-d-cmp-chp__c\">\n<p class=\"v-d-cmp-chp__pre-t\">\u00a0<\/p>\n<\/div>\n<h3 class=\"v-d-cmp-chp__t\">La &#8216;Casa del Agua&#8217;<\/h3>\n<\/header>\n<\/div>\n<\/div>\n<div class=\"v-c-cmp \" style=\"text-align: justify;\">\n<div class=\"v-d-cmp-m\">\n<article class=\"v-a v-a--cmp-m \">\n<div class=\"v-a-img-c v-a-img-c--fw-xs\"><a href=\"https:\/\/i0.wp.com\/miradordeatarfe.es\/wp-content\/uploads\/2023\/05\/sede-emasagra.jpg?ssl=1\"><img data-recalc-dims=\"1\" loading=\"lazy\" decoding=\"async\" class=\"alignnone wp-image-61637 size-full\" src=\"https:\/\/i0.wp.com\/miradordeatarfe.es\/wp-content\/uploads\/2023\/05\/sede-emasagra.jpg?resize=640%2C314&#038;ssl=1\" alt=\"\" width=\"640\" height=\"314\" srcset=\"https:\/\/i0.wp.com\/miradordeatarfe.es\/wp-content\/uploads\/2023\/05\/sede-emasagra.jpg?w=739&amp;ssl=1 739w, https:\/\/i0.wp.com\/miradordeatarfe.es\/wp-content\/uploads\/2023\/05\/sede-emasagra.jpg?resize=300%2C147&amp;ssl=1 300w\" sizes=\"auto, (max-width: 640px) 100vw, 640px\" \/><\/a><\/div>\n<\/article>\n<\/div>\n<\/div>\n<div class=\"v-c-cmp \" style=\"text-align: justify;\">\n<div class=\"v-d-cmp-m\">\n<article class=\"v-a v-a--cmp-m \">\n<div class=\"v-a-img-c v-a-img-c--fw-xs\">\n<figure class=\"v-a-fig\"><figcaption class=\"v-fc\"><span class=\"v-fc__text\"> Sede de Emasagra proyectada en la zona Norte. <\/span> <span class=\"v-fc__ath\"> Arias Recalde Arquitectura <\/span><\/figcaption><\/figure>\n<\/div>\n<\/article>\n<\/div>\n<\/div>\n<p class=\"v-p\" style=\"text-align: justify;\">En 2009, la zona Norte de Granada iba a contar con el edificio m\u00e1s vanguardista y llamativo de la ciudad. Se trataba del denominado &#8216;Domus Aquae&#8217;, que traducido del lat\u00edn al espa\u00f1ol significa la &#8216;Casa del Agua&#8217;. Nombre con el que se bautiz\u00f3 a la que iba a ser nueva sede de Emasagra, la compa\u00f1\u00eda de servicios p\u00fablicos de agua en Granada.<\/p>\n<p class=\"v-p\" style=\"text-align: justify;\">No iba a ser el m\u00e1s alto de los proyectados en la ciudad, ya que contaba con 10 plantas de altura, pero s\u00ed uno de los m\u00e1s pintorescos. El edificio, dise\u00f1ado por el arquitecto granadino Gonzalo Arias, con un sistema de rigidizaci\u00f3n con pantallas antis\u00edsmicas y cubierto por cristaleras 360\u00ba, que ofrec\u00edan una vista privilegiada de la ciudad y Sierra Nevada desde sus oficinas.<\/p>\n<p class=\"v-p\" style=\"text-align: justify;\">Su construcci\u00f3n estaba supeditada a la venta de la actual sede de Emasagra, ubicada en el barrio del Realejo, por lo que nunca se lleg\u00f3 a iniciar este proyecto que se ubicaba a la altura del actual parque de bomberos de la zona Norte de Granada.<\/p>\n<div class=\"v-c-cmp \" style=\"text-align: justify;\">\n<div class=\"v-d-cmp-chp\">\n<header class=\"v-d-cmp-chp__h\">\n<h3 class=\"v-d-cmp-chp__t\">Las torres de la Catedral<\/h3>\n<p><a href=\"https:\/\/i0.wp.com\/miradordeatarfe.es\/wp-content\/uploads\/2023\/05\/catedral-1-1-1-kcoG-748x524%40Ideal.jpg?ssl=1\"><img data-recalc-dims=\"1\" loading=\"lazy\" decoding=\"async\" class=\"alignnone wp-image-61638 size-full\" src=\"https:\/\/i0.wp.com\/miradordeatarfe.es\/wp-content\/uploads\/2023\/05\/catedral-1-1-1-kcoG-748x524%40Ideal.jpg?resize=640%2C448&#038;ssl=1\" alt=\"\" width=\"640\" height=\"448\" srcset=\"https:\/\/i0.wp.com\/miradordeatarfe.es\/wp-content\/uploads\/2023\/05\/catedral-1-1-1-kcoG-748x524%40Ideal.jpg?w=748&amp;ssl=1 748w, https:\/\/i0.wp.com\/miradordeatarfe.es\/wp-content\/uploads\/2023\/05\/catedral-1-1-1-kcoG-748x524%40Ideal.jpg?resize=300%2C210&amp;ssl=1 300w\" sizes=\"auto, (max-width: 640px) 100vw, 640px\" \/><\/a><\/p>\n<\/header>\n<\/div>\n<\/div>\n<div class=\"v-c-cmp \" style=\"text-align: justify;\">\n<div class=\"v-d-cmp-m\">\n<article class=\"v-a v-a--cmp-m \">\n<div class=\"v-a-img-c v-a-img-c--fw-xs\">\n<figure class=\"v-a-fig\"><figcaption class=\"v-fc\"><span class=\"v-fc__text\"> Proyecto de fachada de la Catedral de Granada. L\u00e1zaro de Velasco. 1577 seg\u00fan Earl E. Rosenthal. <\/span><\/figcaption><\/figure>\n<\/div>\n<\/article>\n<\/div>\n<\/div>\n<p class=\"v-p\" style=\"text-align: justify;\">La Catedral de Granada puede ser el precedente de todos estos proyectos contempor\u00e1neos. No se puede meter en la &#8216;Granada no construida&#8217; ya que se trata de un templo de primer orden, pero s\u00ed modificado de la idea original. Uno de los bocetos de construcci\u00f3n del templo que ha llegado hasta nuestros d\u00edas es el que L\u00e1zaro de Velasco present\u00f3 a concurso en el a\u00f1o 1577.<\/p>\n<p class=\"v-p\" style=\"text-align: justify;\">Se puede afirmar que en el dibujo hab\u00eda dos torres gemelas que flanqueaban la portada, proyecto original del maestro Diego de Silo\u00e9. Dos cuerpos que no acababan mochados, se levantaban varios pisos m\u00e1s cambiando la planta a una forma octogonal. Una forma parecida a la torre que hoy tiene la Catedral de Toledo.<\/p>\n<p class=\"v-p\" style=\"text-align: justify;\">Desmochada la torre por problemas de asentamiento, s\u00f3lo podemos tomar como fiable el dibujo de Ambrosio de Vico en su Plataforma de Granada, aunque en la torre, que ya hac\u00eda 23 a\u00f1os que estaba desmontada, no aparece ning\u00fan cuerpo octogonal.<\/p>\n<p class=\"v-p\" style=\"text-align: justify;\">Otra de las obras no construidas que hubiese cambiado el &#8216;skyline&#8217; de la ciudad.<\/p>\n<p>&nbsp;<\/p>\n<p><a href=\"https:\/\/www.ideal.es\/autor\/pepe-moreno-4905.html\">Pepe Moreno<\/a> y Javier Contreras Granada y Universidad de Granada<\/p>\n<article class=\"v-a v-a--d v-a--d-bs v-a--p-b\">\n<div class=\"v-a-img-c v-a-img-c--fw-xs\">\n<figure class=\"v-a-fig\"><figcaption class=\"v-fc\"><span class=\"v-fc__text\">FOTO: Las cinco grandes torres de Granada que no se levantaron.<\/span> <span class=\"v-fc__ath\">Ideal<\/span><\/figcaption><\/figure>\n<\/div>\n<div class=\"v-a-info-c \">\u00a0<\/div>\n<\/article>\n<div class=\"v-d v-d--ab-c v-d--bs\">\n<div class=\"v-mdl-ath\" data-voc-component=\"viewport-not-visible\">\n<div class=\"v-mdl-ath__c v-mdl-ath__c--1\">\n<div class=\"v-mdl-ath__info\">\n<p>https:\/\/www.ideal.es\/granada\/cinco-grandes-torres-granada-levantaron-20230517002402-nt.html<\/p>\n<\/div>\n<\/div>\n<\/div>\n<\/div>\n","protected":false},"excerpt":{"rendered":"<p>La proyecci\u00f3n de grandes edificaciones hubiese cambiado por completo el &#8216;skyline&#8217; ( horizonte) de la&#8230;<\/p>\n","protected":false},"author":1,"featured_media":61639,"comment_status":"closed","ping_status":"closed","sticky":false,"template":"","format":"standard","meta":{"_coblocks_attr":"","_coblocks_dimensions":"","_coblocks_responsive_height":"","_coblocks_accordion_ie_support":"","jetpack_post_was_ever_published":false,"_jetpack_newsletter_access":"","_jetpack_dont_email_post_to_subs":false,"_jetpack_newsletter_tier_id":0,"_jetpack_memberships_contains_paywalled_content":false,"_jetpack_memberships_contains_paid_content":false,"footnotes":"","jetpack_publicize_message":"","jetpack_publicize_feature_enabled":true,"jetpack_social_post_already_shared":false,"jetpack_social_options":{"image_generator_settings":{"template":"highway","default_image_id":0,"enabled":false},"version":2}},"categories":[10781,9,7671],"tags":[10384],"class_list":["post-61633","post","type-post","status-publish","format-standard","has-post-thumbnail","hentry","category-granada","category-medio-ambiente","category-politica","tag-torres-de-granada"],"jetpack_publicize_connections":[],"jetpack_featured_media_url":"https:\/\/i0.wp.com\/miradordeatarfe.es\/wp-content\/uploads\/2023\/05\/caja-rural-kcoG-748x524%40Ideal-1.jpg?fit=748%2C524&ssl=1","jetpack_likes_enabled":true,"jetpack_sharing_enabled":true,"_links":{"self":[{"href":"https:\/\/miradordeatarfe.es\/index.php?rest_route=\/wp\/v2\/posts\/61633","targetHints":{"allow":["GET"]}}],"collection":[{"href":"https:\/\/miradordeatarfe.es\/index.php?rest_route=\/wp\/v2\/posts"}],"about":[{"href":"https:\/\/miradordeatarfe.es\/index.php?rest_route=\/wp\/v2\/types\/post"}],"author":[{"embeddable":true,"href":"https:\/\/miradordeatarfe.es\/index.php?rest_route=\/wp\/v2\/users\/1"}],"replies":[{"embeddable":true,"href":"https:\/\/miradordeatarfe.es\/index.php?rest_route=%2Fwp%2Fv2%2Fcomments&post=61633"}],"version-history":[{"count":1,"href":"https:\/\/miradordeatarfe.es\/index.php?rest_route=\/wp\/v2\/posts\/61633\/revisions"}],"predecessor-version":[{"id":61640,"href":"https:\/\/miradordeatarfe.es\/index.php?rest_route=\/wp\/v2\/posts\/61633\/revisions\/61640"}],"wp:featuredmedia":[{"embeddable":true,"href":"https:\/\/miradordeatarfe.es\/index.php?rest_route=\/wp\/v2\/media\/61639"}],"wp:attachment":[{"href":"https:\/\/miradordeatarfe.es\/index.php?rest_route=%2Fwp%2Fv2%2Fmedia&parent=61633"}],"wp:term":[{"taxonomy":"category","embeddable":true,"href":"https:\/\/miradordeatarfe.es\/index.php?rest_route=%2Fwp%2Fv2%2Fcategories&post=61633"},{"taxonomy":"post_tag","embeddable":true,"href":"https:\/\/miradordeatarfe.es\/index.php?rest_route=%2Fwp%2Fv2%2Ftags&post=61633"}],"curies":[{"name":"wp","href":"https:\/\/api.w.org\/{rel}","templated":true}]}}