{"id":61650,"date":"2023-05-22T10:00:12","date_gmt":"2023-05-22T08:00:12","guid":{"rendered":"https:\/\/miradordeatarfe.es\/?p=61650"},"modified":"2023-05-22T09:38:05","modified_gmt":"2023-05-22T07:38:05","slug":"puedo-prometer-y-prometo-por-remedios-sanchez","status":"publish","type":"post","link":"https:\/\/miradordeatarfe.es\/?p=61650","title":{"rendered":"\u00abPUEDO PROMETER Y PROMETO\u00bb por Remedios S\u00e1nchez"},"content":{"rendered":"<h3 style=\"text-align: justify;\">El 28m aplicar la sensatez, analizar racionalmente la viabilidad de los proyectos y no dejarnos embaucar<\/h3>\n<p style=\"text-align: justify;\">Dec\u00eda Nikita Jruschov, perplejo ante esta actividad tan entretenida y tan occidental como son las elecciones, que los pol\u00edticos son aquellas personas capaces de prometer que van a construir un puente incluso donde jam\u00e1s hubo un r\u00edo. Evidentemente, \u00e9l, durante su mandato nunca necesit\u00f3 utilizar tales argucias; en dictaduras como la rusa se cambia el curso del r\u00edo para que pase por debajo del puente en cuesti\u00f3n y santas pascuas. Pero por esos lares no y, como tenemos la costumbre de escoger a nuestros l\u00edderes cada legislatura, los candidatos andan ejerciendo de genios de la l\u00e1mpara y vienen cargados de ofrecimientos para todos. \u00a0Basta poner la radio o coger el peri\u00f3dico.<\/p>\n<p style=\"text-align: justify;\">\u00a0&#8211; Puedo prometer y prometo que llover\u00e1 cada martes, que quitar\u00e9 los sem\u00e1foros, \u00a0que pienso ampliar los parques; que Granada es de la ciencia -y si no de la cultura-, que se ha terminado el paro, que se acab\u00f3 la apretura. Creo que bajar impuestos es la mejor soluci\u00f3n: aunque nos suba la deuda, peor siempre es la abstenci\u00f3n. Garantizo diez museos y siete carriles bici; conmigo habr\u00e1 m\u00e1s empleos y acabar\u00e9 con la crisis.\u00a0Lo tengo muy bien planeado con mi equipo de campa\u00f1a; est\u00e1 todo dise\u00f1ado y no es ninguna patra\u00f1a.<\/p>\n<p style=\"text-align: justify;\">Y as\u00ed el ripio podr\u00eda seguir mucho rato. Estas, o promesas similares, se pueden escuchar en cualquier rinc\u00f3n de Espa\u00f1a; en nuestra capital, en cada pueblo de la provincia. Demasiados aspirantes a pr\u00f3ceres se pasan el d\u00eda afirmando una cosa y luego la contraria, explicando planes que son imposibles, desde\u00f1ando la responsabilidad que implica formar parte de una lista y esquivando la obligaci\u00f3n de ponerse de verdad al servicio de la gente.<\/p>\n<p style=\"text-align: justify;\">Es leg\u00edtima la ilusi\u00f3n de ostentar un cargo pero, quien la tenga, no puede olvidarse de que con el nombramiento vienen las obligaciones, un modelo de gesti\u00f3n, y todo lo que se ha prometido hay que ir, como dec\u00eda Eugenio d`Ors, a la pizarra, a demostrarlo. Pero cada vez con mayor frecuencia la ineptitud, la falta de ganas de esforzarse para cumplir la palabra dada, se est\u00e1 volviendo una constante en esta generaci\u00f3n de pol\u00edticos que se parece poco a la que abri\u00f3 los caminos a la democracia. A la de aquellos que, como el Su\u00e1rez del \u201cpuedo prometer y prometo\u201d, miraban a los ojos de los espa\u00f1olitos desde la televisi\u00f3n en blanco y negro del a\u00f1o 1977 y solicitaban el apoyo colectivo para asumir la tarea de transformar Espa\u00f1a. \u00a0Nosotros, quienes tenemos ahora la obligaci\u00f3n \u00e9tica de acudir a las urnas por respeto a aquellos que ambicionaron un porvenir en el que cupi\u00e9semos todos y en el que pudi\u00e9ramos decidir lo que pretendemos ser y c\u00f3mo, debi\u00e9ramos tomar conciencia de que un gesto, meter el sobre en la urna el 28M, no resulta cuesti\u00f3n balad\u00ed. Estamos con ello definiendo nuestras esperanzas, el modelo de ciudad en la que podemos convertirnos si perseveramos y somos capaces de tomar un rumbo firme y no irlo variando a cada rato, al albur del viento. Querer a Granada, o al lugar donde cada cual resida, tal vez sea eso en este momento: aplicar la sensatez, analizar racionalmente la viabilidad de los proyectos y no dejarnos embaucar por quienes se obstinen en vendernos que, desde el d\u00eda siguiente de ganar ellos, vamos a vivir una eterna primavera.<\/p>\n<p>FOTO: https:\/\/www.latostadora.com\/web\/adolfo_suarez_puedo_prometer_y_prometo\/438777<\/p>\n","protected":false},"excerpt":{"rendered":"<p>El 28m aplicar la sensatez, analizar racionalmente la viabilidad de los proyectos y no dejarnos&#8230;<\/p>\n","protected":false},"author":1,"featured_media":61651,"comment_status":"closed","ping_status":"closed","sticky":false,"template":"","format":"standard","meta":{"_coblocks_attr":"","_coblocks_dimensions":"","_coblocks_responsive_height":"","_coblocks_accordion_ie_support":"","jetpack_post_was_ever_published":false,"_jetpack_newsletter_access":"","_jetpack_dont_email_post_to_subs":false,"_jetpack_newsletter_tier_id":0,"_jetpack_memberships_contains_paywalled_content":false,"_jetpack_memberships_contains_paid_content":false,"footnotes":"","jetpack_publicize_message":"","jetpack_publicize_feature_enabled":true,"jetpack_social_post_already_shared":false,"jetpack_social_options":{"image_generator_settings":{"template":"highway","default_image_id":0,"enabled":false},"version":2}},"categories":[6916,1161,44,7671,6914,15],"tags":[171,10316,257],"class_list":["post-61650","post","type-post","status-publish","format-standard","has-post-thumbnail","hentry","category-ayuntamiento-de-atarfe","category-ciudadania","category-noticias-de-hoy","category-politica","category-opinion-de-reme-sanchez","category-ultimas-noticias","tag-elecciones","tag-elecciones-municipales-2023","tag-municipios"],"jetpack_publicize_connections":[],"jetpack_featured_media_url":"https:\/\/i0.wp.com\/miradordeatarfe.es\/wp-content\/uploads\/2023\/05\/adolfo_suarez_puedo_prometer_y_prometo-id-42237a11-deaa-44fd-aa3c-6ac5d8be7d3bs-M_L10b-f2f2f2w-334f-fi-135623438777135623910.jpg?fit=334%2C414&ssl=1","jetpack_likes_enabled":true,"jetpack_sharing_enabled":true,"_links":{"self":[{"href":"https:\/\/miradordeatarfe.es\/index.php?rest_route=\/wp\/v2\/posts\/61650","targetHints":{"allow":["GET"]}}],"collection":[{"href":"https:\/\/miradordeatarfe.es\/index.php?rest_route=\/wp\/v2\/posts"}],"about":[{"href":"https:\/\/miradordeatarfe.es\/index.php?rest_route=\/wp\/v2\/types\/post"}],"author":[{"embeddable":true,"href":"https:\/\/miradordeatarfe.es\/index.php?rest_route=\/wp\/v2\/users\/1"}],"replies":[{"embeddable":true,"href":"https:\/\/miradordeatarfe.es\/index.php?rest_route=%2Fwp%2Fv2%2Fcomments&post=61650"}],"version-history":[{"count":1,"href":"https:\/\/miradordeatarfe.es\/index.php?rest_route=\/wp\/v2\/posts\/61650\/revisions"}],"predecessor-version":[{"id":61652,"href":"https:\/\/miradordeatarfe.es\/index.php?rest_route=\/wp\/v2\/posts\/61650\/revisions\/61652"}],"wp:featuredmedia":[{"embeddable":true,"href":"https:\/\/miradordeatarfe.es\/index.php?rest_route=\/wp\/v2\/media\/61651"}],"wp:attachment":[{"href":"https:\/\/miradordeatarfe.es\/index.php?rest_route=%2Fwp%2Fv2%2Fmedia&parent=61650"}],"wp:term":[{"taxonomy":"category","embeddable":true,"href":"https:\/\/miradordeatarfe.es\/index.php?rest_route=%2Fwp%2Fv2%2Fcategories&post=61650"},{"taxonomy":"post_tag","embeddable":true,"href":"https:\/\/miradordeatarfe.es\/index.php?rest_route=%2Fwp%2Fv2%2Ftags&post=61650"}],"curies":[{"name":"wp","href":"https:\/\/api.w.org\/{rel}","templated":true}]}}