{"id":61656,"date":"2023-05-24T11:00:58","date_gmt":"2023-05-24T09:00:58","guid":{"rendered":"https:\/\/miradordeatarfe.es\/?p=61656"},"modified":"2023-05-21T19:00:43","modified_gmt":"2023-05-21T17:00:43","slug":"elecciones-municipales-atarfe-la-rosa-vuelve-a-florecer","status":"publish","type":"post","link":"https:\/\/miradordeatarfe.es\/?p=61656","title":{"rendered":"Elecciones municipales Atarfe: la rosa vuelve a florecer"},"content":{"rendered":"<h3 style=\"text-align: justify;\">El PSOE recuper\u00f3 en la anterior cita electoral la Alcald\u00eda que hab\u00eda perdido a manos del PASI y vuelve a encarar una posible nueva hegemon\u00eda. La salida de Ciudadanos y la entrada de Adelante, las principales novedades<\/h3>\n<ul style=\"text-align: justify;\">\n<li class=\"summary-entry fa-i\"><a class=\"lnk\" href=\"https:\/\/www.granadahoy.com\/elecciones-municipales-granada\/listas-elecciones-municipales-Atarfe_0_1792320890.html\">Las seis listas de las elecciones municipales en Atarfe<\/a><\/li>\n<\/ul>\n<div class=\"mce-body \">\n<p class=\"mce\" style=\"text-align: justify;\">Lo suyo dur\u00f3 \u00ablo que duran\u00a0dos peces de hielo en un whisky <em class=\"mce\">on the rocks<\/em>\u00ab, que dir\u00eda Sabina. En 2019, el PSOE recuper\u00f3 el Ayuntamiento de Atarfe, en el \u00c1rea Metropolitana, en la que ha gobernado toda la democracia salvo los cuatro a\u00f1os que lo hizo Francisco Rodr\u00edguez en 2015, de Por Atarfe S\u00ed (PASI), que consigui\u00f3 <strong class=\"mce\">romper la hegemon\u00eda socialista<\/strong> gracias a sus votos (6) y los de Ganemos (2) superando as\u00ed por primera vez al PSOE (4). Un mandato despu\u00e9s, los socialistas regresaron al Ayuntamiento mientras que el PASI cay\u00f3 hasta la cuarta posici\u00f3n, con solo dos concejales.\u00a0<\/p>\n<p class=\"mce\" style=\"text-align: justify;\">No habr\u00e1 posibilidad de revancha. <strong class=\"mce\">El PASI no presenta candidatura<\/strong> para estas elecciones y, en su lugar, lo har\u00e1 Podemos, que en su momento apoy\u00f3 la lista de Rodr\u00edguez y ya cont\u00f3 con lista propia en 2019, aunque no consigui\u00f3 entrar en el Ayuntamiento. Al no estar Por Atarfe S\u00ed es posible que sus votos vayan al partido morado y por fin atraviese las puertas del edificio consistorial, aunque tambi\u00e9n podr\u00edan recalar en <strong class=\"mce\">Izquierda Unida<\/strong> que, como en el resto de Granada, se presentan por separado.\u00a0<\/p>\n<p class=\"mce\" style=\"text-align: justify;\">El <strong class=\"mce\">PP<\/strong>, por su parte, vuelve a confiar en\u00a0Antonio D\u00edaz como candidato, mientras que Vox promociona a Francisco \u00c1lvarez, n\u00famero dos en 2019. Adelante Andaluc\u00eda, el partido de Teresa Rodr\u00edguez, se presenta por primera vez en el municipio, con\u00a0Santos \u00c1ngeles como candidato.\u00a0<\/p>\n<p class=\"mce\" style=\"text-align: justify;\">La <strong class=\"mce\">ausencia de Ciudadanos,<\/strong> como en gran parte de Granada, determinar\u00e1 estos comicios. La fuerza naranja est\u00e1 empatada con PASI en cuanto a concejales y ahora esos dos quedar\u00e1n libres para alguna de las otras formaciones que s\u00ed se presentan.<\/p>\n<h2 class=\"mce\" style=\"text-align: justify;\">Yolanda Fern\u00e1ndez (PSOE)<\/h2>\n<p class=\"mce\" style=\"text-align: justify;\">Yolanda Fern\u00e1ndez es la candidata del PSOE para Atarfe despu\u00e9s de que el anterior candidato, y actual alcalde, Pedro Mart\u00ednez, rechazase presentar candidatura para la Asamblea Local y dejase v\u00eda libre para la nueva alcaldable, que como es l\u00f3gico acude a esta cita electoral con una lista renovada.\u00a0<\/p>\n<p class=\"mce\" style=\"text-align: justify;\">Aficionada al baloncesto y el voleibol, y fundadora del club\u00a0CB Iliberis, Fern\u00e1ndez llega a estos comicios desde el banquillo a defender lo conseguido por el resto del equipo. A saber, el PSOE cuenta con 8 concejales frente a los 3 del PP despu\u00e9s de haber conseguido casi 3.000 votos. En su mano est\u00e1 seguir aumentando esa ventaja y seguir ampliando la historia del PSOE en este municipio.<\/p>\n<h2 class=\"mce\" style=\"text-align: justify;\">Antonio D\u00edaz (PP)<\/h2>\n<p class=\"mce\" style=\"text-align: justify;\">\u00bfSi una vez se pudo, por qu\u00e9 no una segunda? A diferencia de sus predecesores, Antonio D\u00edaz llega a esta cita electoral sabiendo que <strong class=\"mce\">el PSOE atarfe\u00f1o no es invencible.<\/strong>\u00a0<\/p>\n<p class=\"mce\" style=\"text-align: justify;\">En su primera cita con las urnas, D\u00edaz consigui\u00f3 tres concejales para el PP,<strong class=\"mce\"> uno de sus peores resultados,<\/strong> si bien es cierto que el n\u00famero de partidos que se presentan se ha multiplicado notablemente con el paso de las elecciones municipales. Ahora, este atarfe\u00f1o de adopci\u00f3n y y t\u00e9cnico superior de Farmacia, se somete a un nuevo examen ante los electores, entre los que podr\u00eda incluirse tambi\u00e9n los de Ciudadanos.\u00a0<\/p>\n<h2 class=\"mce\" style=\"text-align: justify;\">Mar\u00eda Jennifer Garc\u00eda (IU)<\/h2>\n<p class=\"mce\" style=\"text-align: justify;\">Izquierda Unida es una de las formaciones cl\u00e1sicas de Atarfe. Junto a PSOE y PP, ha sido el tercer partido del Ayuntamiento atarfe\u00f1o, aunque<strong class=\"mce\"> sin llegar a suponer nunca una amenaza real<\/strong> para los del pu\u00f1o y la rosa. Como al resto de partidos, la irrupci\u00f3n de nuevas siglas ha terminado por restarle peso en el Ayuntamiento, pasando de los cuatro ediles de 2011, \u00faltimo a\u00f1o con un Consistorio tricolor, a solo uno que tiene ahora.\u00a0<\/p>\n<p class=\"mce\" style=\"text-align: justify;\">Sobre los hombros de Mar\u00eda Jennifer Garc\u00eda, ausente en las anteriores listas, recae ahora esta historia.\u00a0Militante del PCE desde joven y t\u00e9cnica del Ayuntamiento, la candidata de IU llega a un panorama en el que tampoco se han visto sus predecesores, al menos la mayor\u00eda, tener que defenderse frente a dos partidos de su mismo espectro ideol\u00f3gico.<\/p>\n<h2 class=\"mce\" style=\"text-align: justify;\">Mariano Mart\u00edn (Podemos-AV)<\/h2>\n<p class=\"mce\" style=\"text-align: justify;\">Tambi\u00e9n se presenta Mariano Mart\u00edn por primera vez. El candidato de Podemos tampoco estaba en las listas con las que el partido morado se present\u00f3 por primera vez a las elecciones de 2019 donde solo consigui\u00f3 362 votos, la menor cantidad y que no le permitieron entrar al Ayuntamiento.\u00a0<\/p>\n<p class=\"mce\" style=\"text-align: justify;\">Que no estuviese en las listas de Podemos no significa que esta sea su primera incursi\u00f3n en la pol\u00edtica, ya que Mart\u00edn s\u00ed form\u00f3 parte de PASI durante dos a\u00f1os (2017-2019) y ha estado muy vinculado a la vida pol\u00edtica del municipio desde 2015. Ahora, este docente y doctorando en la UGR, da un paso m\u00e1s y se presenta su propia candidatura, con el objetivo de que a la segunda vaya la vencida y la formaci\u00f3n pueda atravesar las puertas del Ayuntamiento.\u00a0<\/p>\n<h2 class=\"mce\" style=\"text-align: justify;\">Francisco Javier \u00c1lvarez\u00a0 (Vox)<\/h2>\n<p class=\"mce\" style=\"text-align: justify;\">Con un concejal en el Ayuntamiento, Vox regresa a unos comicios municipales de Atarfe, esta vez con Francisco Javier \u00c1lvarez, n\u00famero 2 en 2019, como cabeza de lista.<\/p>\n<p class=\"mce\" style=\"text-align: justify;\">Inspector de una compa\u00f1\u00eda aseguradora, \u00c1lvarez ha venido desempe\u00f1ando la responsabilidad de coordinador local de Vox.<\/p>\n<h2 class=\"mce\" style=\"text-align: justify;\">Santos \u00c1ngeles Herrera (Adelante)<\/h2>\n<p class=\"mce\" style=\"text-align: justify;\">Este 28M, Adelante Andaluc\u00eda estrena candidatura y candidata en Atarfe. El partido de\u00a0Teresa Rodr\u00edguez aterriza en el Cintur\u00f3n, que ya cuenta con cuatro partidos de izquierda.\u00a0<\/p>\n<\/div>\n<p><a href=\"https:\/\/www.granadahoy.com\/elecciones-municipales-granada\/Elecciones-municipales-Atarfe-vuelve-florecer_0_1793821433.html\">https:\/\/www.granadahoy.com\/elecciones-municipales-granada\/Elecciones-municipales-Atarfe-vuelve-florecer_0_1793821433.htm<\/a>l<\/p>\n<h3>FOTO: <small><\/small><small class=\"author\">Miguel Navas <\/small><\/h3>\n","protected":false},"excerpt":{"rendered":"<p>El PSOE recuper\u00f3 en la anterior cita electoral la Alcald\u00eda que hab\u00eda perdido a manos&#8230;<\/p>\n","protected":false},"author":1,"featured_media":61657,"comment_status":"closed","ping_status":"closed","sticky":false,"template":"","format":"standard","meta":{"_coblocks_attr":"","_coblocks_dimensions":"","_coblocks_responsive_height":"","_coblocks_accordion_ie_support":"","jetpack_post_was_ever_published":false,"_jetpack_newsletter_access":"","_jetpack_dont_email_post_to_subs":false,"_jetpack_newsletter_tier_id":0,"_jetpack_memberships_contains_paywalled_content":false,"_jetpack_memberships_contains_paid_content":false,"footnotes":"","jetpack_publicize_message":"","jetpack_publicize_feature_enabled":true,"jetpack_social_post_already_shared":false,"jetpack_social_options":{"image_generator_settings":{"template":"highway","default_image_id":0,"enabled":false},"version":2}},"categories":[2,6916,1161,44,7671,15],"tags":[81,195],"class_list":["post-61656","post","type-post","status-publish","format-standard","has-post-thumbnail","hentry","category-atarfe","category-ayuntamiento-de-atarfe","category-ciudadania","category-noticias-de-hoy","category-politica","category-ultimas-noticias","tag-atarfe","tag-elecciones-municipales"],"jetpack_publicize_connections":[],"jetpack_featured_media_url":"https:\/\/i0.wp.com\/miradordeatarfe.es\/wp-content\/uploads\/2023\/05\/Yolanda-Fernandez-candidata-PSOE_1793831017_184663474_667x375.jpg?fit=667%2C375&ssl=1","jetpack_likes_enabled":true,"jetpack_sharing_enabled":true,"_links":{"self":[{"href":"https:\/\/miradordeatarfe.es\/index.php?rest_route=\/wp\/v2\/posts\/61656","targetHints":{"allow":["GET"]}}],"collection":[{"href":"https:\/\/miradordeatarfe.es\/index.php?rest_route=\/wp\/v2\/posts"}],"about":[{"href":"https:\/\/miradordeatarfe.es\/index.php?rest_route=\/wp\/v2\/types\/post"}],"author":[{"embeddable":true,"href":"https:\/\/miradordeatarfe.es\/index.php?rest_route=\/wp\/v2\/users\/1"}],"replies":[{"embeddable":true,"href":"https:\/\/miradordeatarfe.es\/index.php?rest_route=%2Fwp%2Fv2%2Fcomments&post=61656"}],"version-history":[{"count":1,"href":"https:\/\/miradordeatarfe.es\/index.php?rest_route=\/wp\/v2\/posts\/61656\/revisions"}],"predecessor-version":[{"id":61658,"href":"https:\/\/miradordeatarfe.es\/index.php?rest_route=\/wp\/v2\/posts\/61656\/revisions\/61658"}],"wp:featuredmedia":[{"embeddable":true,"href":"https:\/\/miradordeatarfe.es\/index.php?rest_route=\/wp\/v2\/media\/61657"}],"wp:attachment":[{"href":"https:\/\/miradordeatarfe.es\/index.php?rest_route=%2Fwp%2Fv2%2Fmedia&parent=61656"}],"wp:term":[{"taxonomy":"category","embeddable":true,"href":"https:\/\/miradordeatarfe.es\/index.php?rest_route=%2Fwp%2Fv2%2Fcategories&post=61656"},{"taxonomy":"post_tag","embeddable":true,"href":"https:\/\/miradordeatarfe.es\/index.php?rest_route=%2Fwp%2Fv2%2Ftags&post=61656"}],"curies":[{"name":"wp","href":"https:\/\/api.w.org\/{rel}","templated":true}]}}