{"id":61663,"date":"2023-05-23T09:11:19","date_gmt":"2023-05-23T07:11:19","guid":{"rendered":"https:\/\/miradordeatarfe.es\/?p=61663"},"modified":"2023-05-21T19:29:02","modified_gmt":"2023-05-21T17:29:02","slug":"plastico-y-calentamiento-global","status":"publish","type":"post","link":"https:\/\/miradordeatarfe.es\/?p=61663","title":{"rendered":"Pl\u00e1stico y calentamiento global"},"content":{"rendered":"<h3 class=\"a_st\" style=\"text-align: justify;\">Las medidas de la ONU para reducir ese derivado de los combustibles f\u00f3siles son necesarias para frenar la crisis clim\u00e1tica<\/h3>\n<div class=\"a_c clearfix\" style=\"text-align: justify;\" data-dtm-region=\"articulo_cuerpo\">\n<p class=\"\">El \u00faltimo informe sobre el clima de la Organizaci\u00f3n Meteorol\u00f3gica Mundial (Global Annual to Decadal Climate Update) apunta que hay cerca de un <a href=\"https:\/\/elpais.com\/clima-y-medio-ambiente\/2023-05-17\/el-cambio-climatico-y-el-nino-elevaran-hasta-limites-desconocidos-la-temperatura-global-advierte-la-onu.html\" target=\"_blank\" rel=\"noopener\" data-link-track-dtm=\"\">100% de probabilidades de que al menos uno de los pr\u00f3ximos cinco a\u00f1os supere el r\u00e9cord de temperatura<\/a> alcanzado en 2016, debido a la combinaci\u00f3n del calentamiento global y el fen\u00f3meno de El Ni\u00f1o. El dato puede medirse de otro modo tambi\u00e9n: seg\u00fan su bolet\u00edn de 2020, la probabilidad de superar de forma epis\u00f3dica el l\u00edmite de los 1,5 grados era entonces de un 24%. Tres a\u00f1os despu\u00e9s, esa probabilidad se ha triplicado, y es ya del 66%. La acci\u00f3n humana es la \u00fanica capaz de atenuar los efectos destructivos sobre el planeta causados por la misma acci\u00f3n humana. Los informes cient\u00edficos mantienen viva la vigilancia sobre la lentitud de los progresos en el control del calentamiento global, sin incurrir en un alarmismo que a veces provoca efectos sociales de saturaci\u00f3n: dispara la alarma de forma fugaz y propicia despu\u00e9s la resignaci\u00f3n ante un fen\u00f3meno multifactorial y de magnitud gigantesca. En buena medida, eso es lo que describe el informe de la OMM sobre la <a href=\"https:\/\/elpais.com\/clima-y-medio-ambiente\/2023-04-21\/atlas-de-la-crisis-climatica-muertes-por-calor-retrocesos-de-glaciares-aumento-del-nivel-del-mar-y-record-de-temperaturas.html\" target=\"_blank\" rel=\"noopener\" data-link-track-dtm=\"\">lentitud de los avances contra el calentamiento global <\/a>y la previsi\u00f3n de subidas excepcionales de temperaturas con consecuencias inmediatas en m\u00faltiples \u00e1mbitos.<\/p>\n<p class=\"\">La causa mayor de esa dificultad para frenar el calentamiento global est\u00e1 en<a href=\"https:\/\/elpais.com\/clima-y-medio-ambiente\/2022-10-25\/asi-matan-los-combustibles-fosiles-un-estudio-advierte-del-impacto-en-la-salud-global-de-la-crisis-climatica.html\" target=\"_blank\" rel=\"noopener\" data-link-track-dtm=\"\"> la dependencia de los combustibles f\u00f3siles, <\/a>y el pl\u00e1stico es un derivado de ellos: los ecosistemas acu\u00e1ticos (r\u00edos, lagos, mares) del planeta soportan hoy una contaminaci\u00f3n de m\u00e1s de 140 millones de toneladas de pl\u00e1stico. El Programa de las Naciones Unidas para el Medio Ambiente (Pnuma) acaba de presentar una <a href=\"https:\/\/elpais.com\/clima-y-medio-ambiente\/2023-05-16\/reutilizacion-impuestos-y-freno-a-los-envases-de-un-solo-uso-la-propuesta-de-la-onu-para-reducir-un-80-la-contaminacion-por-plastico-para-2040.html\" target=\"_blank\" rel=\"noopener\" data-link-track-dtm=\"\">bater\u00eda de medidas concretas para mejorar el deficiente funcionamiento del reciclaje de ese material <\/a>con el objetivo de reducir en un 80% la contaminaci\u00f3n por esa v\u00eda en 2040. El horizonte hacia el que se dirige el informe es el tratado internacional que han de elaborar los pa\u00edses en el seno de la ONU para aprobarlo en 2024 <a href=\"https:\/\/elpais.com\/clima-y-medio-ambiente\/2022-02-22\/mas-de-140-millones-de-toneladas-de-plasticos-contaminan-ya-los-rios-oceanos-y-lagos-del-planeta.html#?rel=mas_sumario\" target=\"_blank\" rel=\"noopener\" data-link-track-dtm=\"\">e impedir que el pl\u00e1stico siga siendo uno de los factores contaminantes m\u00e1s graves <\/a>a trav\u00e9s de los combustibles f\u00f3siles. La reutilizaci\u00f3n de los envases es una medida obvia y eficaz para reducir a la mitad los de un \u00fanico uso, del mismo modo que el reciclaje ha de convertirse en una opci\u00f3n prioritaria. Pero mientras siga siendo m\u00e1s barata la producci\u00f3n de pl\u00e1stico virgen y m\u00e1s caro reciclarlo (en Europa, entre un 10% y un 47% m\u00e1s caro) el objetivo seguir\u00e1 siendo inviable. Es ah\u00ed donde pueden intervenir incentivos fiscales que cambien su orientaci\u00f3n actual. En lugar de persistir en el contrasentido de mantener subsidios a los combustibles f\u00f3siles que abaratan el pl\u00e1stico virgen, se trata de fomentar el reciclaje.<\/p>\n<p class=\"\">Cada una de las medidas espec\u00edficas y concretas propuestas \u2014favorecer la reutilizaci\u00f3n y el reciclaje, reemplazar el pl\u00e1stico por otros materiales, fr<a href=\"https:\/\/elpais.com\/sociedad\/2019\/05\/31\/actualidad\/1559333457_551118.html\" target=\"_blank\" rel=\"noopener\" data-link-track-dtm=\"\">enar el env\u00edo de los desechos pl\u00e1sticos de los pa\u00edses desarrollados a pa\u00edses pobres con regulaciones m\u00e1s laxas<\/a>\u2014 puede revertir los actuales indicadores de contaminaci\u00f3n y acercar cre\u00edblemente a la realidad pr\u00e1ctica la posibilidad de reducir los efectos del cambio clim\u00e1tico. El pl\u00e1stico es una plaga que contribuye a acelerar la crisis clim\u00e1tica pero el mejor mecanismo para combatirla no es tanto el alarmismo como la fijaci\u00f3n legal de medidas fiables y asumibles como las que tienen sobre la mesa los negociadores de la ONU convocados contra el despilfarro del pl\u00e1stico en su reuni\u00f3n de finales de este mes en Par\u00eds.<\/p>\n<\/div>\n<p><a class=\"a_md_a_n\" title=\"Ver todas las noticias de El Pa\u00eds\" href=\"https:\/\/elpais.com\/autor\/el-pais\/#?rel=author_top\"><strong>El Pa\u00eds<\/strong><\/a><\/p>\n<header class=\"a_e a_e-o _g _g-xs\">\n<div class=\"a_e_m\">\n<figure class=\"a_m a_m-h \"><figcaption class=\"a_m_p\">Un cangrejo permanece atrapado en un vaso de pl\u00e1stico y rodeado de residuos en el mar en el Pasaje de Isla Verde en Filipinas.<span class=\"a_m_m\">NOEL GUEVARA\/GREENPEACE (efe)<\/span><\/figcaption><\/figure>\n<\/div>\n<\/header>\n<div class=\"a_md _g _g-xs \">\n<figure class=\"a_md_i a_m-h c_m--nf\"><span class=\"a_m_w _db\">\u00a0<\/span><\/figure>\n<div class=\"a_md_txt\">\n<div class=\"a_md_a\" data-dtm-region=\"articulo_firma\">\u00a0<\/div>\n<\/div>\n<\/div>\n","protected":false},"excerpt":{"rendered":"<p>Las medidas de la ONU para reducir ese derivado de los combustibles f\u00f3siles son necesarias&#8230;<\/p>\n","protected":false},"author":1,"featured_media":61664,"comment_status":"closed","ping_status":"closed","sticky":false,"template":"","format":"standard","meta":{"_coblocks_attr":"","_coblocks_dimensions":"","_coblocks_responsive_height":"","_coblocks_accordion_ie_support":"","jetpack_post_was_ever_published":false,"_jetpack_newsletter_access":"","_jetpack_dont_email_post_to_subs":false,"_jetpack_newsletter_tier_id":0,"_jetpack_memberships_contains_paywalled_content":false,"_jetpack_memberships_contains_paid_content":false,"footnotes":"","jetpack_publicize_message":"","jetpack_publicize_feature_enabled":true,"jetpack_social_post_already_shared":false,"jetpack_social_options":{"image_generator_settings":{"template":"highway","default_image_id":0,"enabled":false},"version":2}},"categories":[7725,1161,44,7671,6937,15],"tags":[271,1701,1027],"class_list":["post-61663","post","type-post","status-publish","format-standard","has-post-thumbnail","hentry","category-atarfe-sostenible","category-ciudadania","category-noticias-de-hoy","category-politica","category-sociedad","category-ultimas-noticias","tag-cambio-climatico","tag-onu","tag-plasticos"],"jetpack_publicize_connections":[],"jetpack_featured_media_url":"https:\/\/i0.wp.com\/miradordeatarfe.es\/wp-content\/uploads\/2023\/05\/PLASTICOS.png?fit=518%2C316&ssl=1","jetpack_likes_enabled":true,"jetpack_sharing_enabled":true,"_links":{"self":[{"href":"https:\/\/miradordeatarfe.es\/index.php?rest_route=\/wp\/v2\/posts\/61663","targetHints":{"allow":["GET"]}}],"collection":[{"href":"https:\/\/miradordeatarfe.es\/index.php?rest_route=\/wp\/v2\/posts"}],"about":[{"href":"https:\/\/miradordeatarfe.es\/index.php?rest_route=\/wp\/v2\/types\/post"}],"author":[{"embeddable":true,"href":"https:\/\/miradordeatarfe.es\/index.php?rest_route=\/wp\/v2\/users\/1"}],"replies":[{"embeddable":true,"href":"https:\/\/miradordeatarfe.es\/index.php?rest_route=%2Fwp%2Fv2%2Fcomments&post=61663"}],"version-history":[{"count":1,"href":"https:\/\/miradordeatarfe.es\/index.php?rest_route=\/wp\/v2\/posts\/61663\/revisions"}],"predecessor-version":[{"id":61665,"href":"https:\/\/miradordeatarfe.es\/index.php?rest_route=\/wp\/v2\/posts\/61663\/revisions\/61665"}],"wp:featuredmedia":[{"embeddable":true,"href":"https:\/\/miradordeatarfe.es\/index.php?rest_route=\/wp\/v2\/media\/61664"}],"wp:attachment":[{"href":"https:\/\/miradordeatarfe.es\/index.php?rest_route=%2Fwp%2Fv2%2Fmedia&parent=61663"}],"wp:term":[{"taxonomy":"category","embeddable":true,"href":"https:\/\/miradordeatarfe.es\/index.php?rest_route=%2Fwp%2Fv2%2Fcategories&post=61663"},{"taxonomy":"post_tag","embeddable":true,"href":"https:\/\/miradordeatarfe.es\/index.php?rest_route=%2Fwp%2Fv2%2Ftags&post=61663"}],"curies":[{"name":"wp","href":"https:\/\/api.w.org\/{rel}","templated":true}]}}