{"id":61669,"date":"2023-05-23T10:19:16","date_gmt":"2023-05-23T08:19:16","guid":{"rendered":"https:\/\/miradordeatarfe.es\/?p=61669"},"modified":"2023-05-23T22:34:58","modified_gmt":"2023-05-23T20:34:58","slug":"sin-agua-la-vida-se-complica","status":"publish","type":"post","link":"https:\/\/miradordeatarfe.es\/?p=61669","title":{"rendered":"ATARFE: Sin Agua, la vida se complica"},"content":{"rendered":"<h3 style=\"text-align: justify;\">Campa\u00f1a de Concienciaci\u00f3n para el consumo responsable de Agua<\/h3>\n<p class=\"entry-title\" style=\"text-align: justify;\">El Ayuntamiento de Atarfe y Aguasvira lanza la campa\u00f1a \u2018Sin agua la vida se complica\u2019 para fomentar un consumo responsable de agua. En sus diferentes mensajes muestra lo dif\u00edcil que ser\u00edan realizar tareas cotidianas ante una posible falta de agua y se completa con consejos concretos para hacer un uso responsable del recurso en diferentes situaciones habituales y fomentar conductas de ahorro<\/p>\n<div class=\"entry-content clearfix\">\n<p style=\"text-align: justify;\">Aguasvira, empresa gestora del ciclo integral el agua en 22 municipios del cintur\u00f3n metropolitano de Granada, ha lanzado la campa\u00f1a <strong>\u2018Sin agua la vida se complica\u2019<\/strong> para fomentar el consumo responsable de agua. \u201cEstamos en una situaci\u00f3n de emergencia por sequ\u00eda en nuestro entorno por lo que m\u00e1s all\u00e1 de las campa\u00f1as peri\u00f3dicas que realizamos dada nuestra preocupaci\u00f3n por el cambio clim\u00e1tico y sus consecuencias, \u00e9sta es especialmente necesaria, intensific\u00e1ndola con mensajes concretos de ahorro en distintas situaciones cotidianas\u201d, expone el gerente de Aguasvira, Carlos Corral.<\/p>\n<p style=\"text-align: justify;\">Los mensajes de esta campa\u00f1a, que se sustentan de manera principal en im\u00e1genes muy ilustrativas, se centran en mostrar labores cotidianas que ser\u00edan pr\u00e1cticamente imposibles de realizar ante la falta de agua. Es el caso de cocinar un plato de pasta, poner la lavadora, ducharse o tomar un ba\u00f1o en una piscina y siempre acompa\u00f1ados del eslogan de la campa\u00f1a \u2018Sin agua la vida se complica\u2019 para reforzar la idea.<\/p>\n<p style=\"text-align: justify;\">Estos mensajes directos est\u00e1n acompa\u00f1ados por una serie de consejos concretos para ahorrar agua que se dividen en diferentes estancias y situaciones cotidianas. As\u00ed, en la cocina se recogen recomendaciones como cerrar el grifo mientras se enjabona los platos, poner el lavavajillas cuando est\u00e9 en plena carga o enjuagar la fruta en un recipiente. Para el ba\u00f1o hay indicaciones como no tener el grifo abierto mientras se lavan los dientes, recoger agua en un recipiente mientras se calienta el agua para usarla para riego o instalar sistemas economizadores. En el jard\u00edn, revisar posibles fugas, evitar el uso de la manguera para limpiar y optar por barrer o evitar regar en las horas de m\u00e1s sol para que no haya evaporaci\u00f3n. Por \u00faltimo en la piscina, se expone la necesidad de taparla para evitar la evaporaci\u00f3n, tener un mantenimiento adecuado para que no se pierda o instalar pulsadores autom\u00e1ticos si se cuenta con duchas en el exterior.<\/p>\n<p style=\"text-align: justify;\">La campa\u00f1a se difundir\u00e1 a trav\u00e9s de distintos carteles y video divulgativo remitidos a los Ayuntamientos y centros educativos del \u00e1mbito de gesti\u00f3n de Aguasvira, as\u00ed como en redes sociales y banner en las facturas de los usuarios del servicio.<br \/>\nEsta campa\u00f1a recoge el testigo de \u2018El Valor del Agua\u2019, realizada el a\u00f1o pasado, en la que se intentaba cuantificar en botellas lo que supone tirar de la cadena o lavarse las manos, y se enmarca dentro de otra global denominada \u2018Aguasvira, #TransformamoselplanetaAgua\u2019 con la que se intenta poner en valor todo lo que se hace desde Aguasvira en Innovaci\u00f3n, su proceso de digitalizaci\u00f3n, sus avances en Econom\u00eda Circular, su determinaci\u00f3n para alcanzar la neutralidad en carbono y su b\u00fasqueda de pactos y alianzas con el prop\u00f3sito de cumplir con los Objetivos de Desarrollos Sostenibles y la Agenda 2030 de la ONU.<\/p>\n<p><a href=\"https:\/\/i0.wp.com\/miradordeatarfe.es\/wp-content\/uploads\/2023\/05\/Aguasvira_CONCIENC_VISUAL-3-1448x2048-1.jpg?ssl=1\"><img data-recalc-dims=\"1\" loading=\"lazy\" decoding=\"async\" class=\"alignnone wp-image-61670 size-full\" src=\"https:\/\/i0.wp.com\/miradordeatarfe.es\/wp-content\/uploads\/2023\/05\/Aguasvira_CONCIENC_VISUAL-3-1448x2048-1.jpg?resize=640%2C905&#038;ssl=1\" alt=\"\" width=\"640\" height=\"905\" srcset=\"https:\/\/i0.wp.com\/miradordeatarfe.es\/wp-content\/uploads\/2023\/05\/Aguasvira_CONCIENC_VISUAL-3-1448x2048-1.jpg?w=1448&amp;ssl=1 1448w, https:\/\/i0.wp.com\/miradordeatarfe.es\/wp-content\/uploads\/2023\/05\/Aguasvira_CONCIENC_VISUAL-3-1448x2048-1.jpg?resize=212%2C300&amp;ssl=1 212w, https:\/\/i0.wp.com\/miradordeatarfe.es\/wp-content\/uploads\/2023\/05\/Aguasvira_CONCIENC_VISUAL-3-1448x2048-1.jpg?resize=724%2C1024&amp;ssl=1 724w, https:\/\/i0.wp.com\/miradordeatarfe.es\/wp-content\/uploads\/2023\/05\/Aguasvira_CONCIENC_VISUAL-3-1448x2048-1.jpg?resize=768%2C1086&amp;ssl=1 768w, https:\/\/i0.wp.com\/miradordeatarfe.es\/wp-content\/uploads\/2023\/05\/Aguasvira_CONCIENC_VISUAL-3-1448x2048-1.jpg?resize=1086%2C1536&amp;ssl=1 1086w, https:\/\/i0.wp.com\/miradordeatarfe.es\/wp-content\/uploads\/2023\/05\/Aguasvira_CONCIENC_VISUAL-3-1448x2048-1.jpg?resize=1320%2C1867&amp;ssl=1 1320w\" sizes=\"auto, (max-width: 640px) 100vw, 640px\" \/><\/a><\/p>\n<\/div>\n<p>https:\/\/granadaeconomica.es\/2022\/04\/22\/001-335\/<\/p>\n","protected":false},"excerpt":{"rendered":"<p>Campa\u00f1a de Concienciaci\u00f3n para el consumo responsable de Agua El Ayuntamiento de Atarfe y Aguasvira&#8230;<\/p>\n","protected":false},"author":1,"featured_media":61671,"comment_status":"closed","ping_status":"closed","sticky":false,"template":"","format":"standard","meta":{"_coblocks_attr":"","_coblocks_dimensions":"","_coblocks_responsive_height":"","_coblocks_accordion_ie_support":"","jetpack_post_was_ever_published":false,"_jetpack_newsletter_access":"","_jetpack_dont_email_post_to_subs":false,"_jetpack_newsletter_tier_id":0,"_jetpack_memberships_contains_paywalled_content":false,"_jetpack_memberships_contains_paid_content":false,"footnotes":"","jetpack_publicize_message":"","jetpack_publicize_feature_enabled":true,"jetpack_social_post_already_shared":false,"jetpack_social_options":{"image_generator_settings":{"template":"highway","default_image_id":0,"enabled":false},"version":2}},"categories":[2,7725,6916,1161,44,15,10],"tags":[603,10387],"class_list":["post-61669","post","type-post","status-publish","format-standard","has-post-thumbnail","hentry","category-atarfe","category-atarfe-sostenible","category-ayuntamiento-de-atarfe","category-ciudadania","category-noticias-de-hoy","category-ultimas-noticias","category-salud","tag-el-agua","tag-sin-agua-no-hya-vida"],"jetpack_publicize_connections":[],"jetpack_featured_media_url":"https:\/\/i0.wp.com\/miradordeatarfe.es\/wp-content\/uploads\/2023\/05\/Emasagra_banner_GRHOY-2.jpg?fit=201%2C176&ssl=1","jetpack_likes_enabled":true,"jetpack_sharing_enabled":true,"_links":{"self":[{"href":"https:\/\/miradordeatarfe.es\/index.php?rest_route=\/wp\/v2\/posts\/61669","targetHints":{"allow":["GET"]}}],"collection":[{"href":"https:\/\/miradordeatarfe.es\/index.php?rest_route=\/wp\/v2\/posts"}],"about":[{"href":"https:\/\/miradordeatarfe.es\/index.php?rest_route=\/wp\/v2\/types\/post"}],"author":[{"embeddable":true,"href":"https:\/\/miradordeatarfe.es\/index.php?rest_route=\/wp\/v2\/users\/1"}],"replies":[{"embeddable":true,"href":"https:\/\/miradordeatarfe.es\/index.php?rest_route=%2Fwp%2Fv2%2Fcomments&post=61669"}],"version-history":[{"count":2,"href":"https:\/\/miradordeatarfe.es\/index.php?rest_route=\/wp\/v2\/posts\/61669\/revisions"}],"predecessor-version":[{"id":61706,"href":"https:\/\/miradordeatarfe.es\/index.php?rest_route=\/wp\/v2\/posts\/61669\/revisions\/61706"}],"wp:featuredmedia":[{"embeddable":true,"href":"https:\/\/miradordeatarfe.es\/index.php?rest_route=\/wp\/v2\/media\/61671"}],"wp:attachment":[{"href":"https:\/\/miradordeatarfe.es\/index.php?rest_route=%2Fwp%2Fv2%2Fmedia&parent=61669"}],"wp:term":[{"taxonomy":"category","embeddable":true,"href":"https:\/\/miradordeatarfe.es\/index.php?rest_route=%2Fwp%2Fv2%2Fcategories&post=61669"},{"taxonomy":"post_tag","embeddable":true,"href":"https:\/\/miradordeatarfe.es\/index.php?rest_route=%2Fwp%2Fv2%2Ftags&post=61669"}],"curies":[{"name":"wp","href":"https:\/\/api.w.org\/{rel}","templated":true}]}}