{"id":61680,"date":"2023-05-25T11:00:07","date_gmt":"2023-05-25T09:00:07","guid":{"rendered":"https:\/\/miradordeatarfe.es\/?p=61680"},"modified":"2023-05-23T22:35:36","modified_gmt":"2023-05-23T20:35:36","slug":"sin-agua-la-vida-se-complica-2","status":"publish","type":"post","link":"https:\/\/miradordeatarfe.es\/?p=61680","title":{"rendered":"ATARFE: SIN AGUA LA VIDA SE COMPLICA (2)"},"content":{"rendered":"<h3 style=\"text-align: justify;\">AGUASVIRA lanza la campa\u00f1a \u2018Sin agua la vida se complica\u2019 para fomentar el consumo responsable de agua. Las tareas cotidianas m\u00e1s esenciales ser\u00edan mucho m\u00e1s dif\u00edciles con restricciones<\/h3>\n<p style=\"text-align: justify;\">A\u00fan con las \u00faltimas lluvias que est\u00e1n llegando intermitentemente a nuestra provincia durante estas \u00faltimas semanas, los efectos de la sequ\u00eda, y las altas temperaturas que siguen registr\u00e1ndose en la mayor\u00eda de los municipios de la provincia. Esta iniciativa que pone al agua como el gran elemento identificativo del mundo, con la intenci\u00f3n de darle la importancia que realmente tiene para la vida. No solo porque todos los seres vivos dependen del agua, sino por su capacidad y cualidades para luchar contra el cambio clim\u00e1tico y revertir la situaci\u00f3n actual<\/p>\n<p><a href=\"https:\/\/i0.wp.com\/miradordeatarfe.es\/wp-content\/uploads\/2023\/05\/web-7-1.jpg?ssl=1\"><img data-recalc-dims=\"1\" loading=\"lazy\" decoding=\"async\" class=\"alignnone wp-image-61681 size-full\" src=\"https:\/\/i0.wp.com\/miradordeatarfe.es\/wp-content\/uploads\/2023\/05\/web-7-1.jpg?resize=600%2C815&#038;ssl=1\" alt=\"\" width=\"600\" height=\"815\" srcset=\"https:\/\/i0.wp.com\/miradordeatarfe.es\/wp-content\/uploads\/2023\/05\/web-7-1.jpg?w=600&amp;ssl=1 600w, https:\/\/i0.wp.com\/miradordeatarfe.es\/wp-content\/uploads\/2023\/05\/web-7-1.jpg?resize=221%2C300&amp;ssl=1 221w\" sizes=\"auto, (max-width: 600px) 100vw, 600px\" \/><\/a><\/p>\n<p><a href=\"https:\/\/i0.wp.com\/miradordeatarfe.es\/wp-content\/uploads\/2023\/05\/web-8-1.jpg?ssl=1\"><img data-recalc-dims=\"1\" loading=\"lazy\" decoding=\"async\" class=\"alignnone wp-image-61682 size-full\" src=\"https:\/\/i0.wp.com\/miradordeatarfe.es\/wp-content\/uploads\/2023\/05\/web-8-1.jpg?resize=600%2C815&#038;ssl=1\" alt=\"\" width=\"600\" height=\"815\" srcset=\"https:\/\/i0.wp.com\/miradordeatarfe.es\/wp-content\/uploads\/2023\/05\/web-8-1.jpg?w=600&amp;ssl=1 600w, https:\/\/i0.wp.com\/miradordeatarfe.es\/wp-content\/uploads\/2023\/05\/web-8-1.jpg?resize=221%2C300&amp;ssl=1 221w\" sizes=\"auto, (max-width: 600px) 100vw, 600px\" \/><\/a><\/p>\n","protected":false},"excerpt":{"rendered":"<p>AGUASVIRA lanza la campa\u00f1a \u2018Sin agua la vida se complica\u2019 para fomentar el consumo responsable&#8230;<\/p>\n","protected":false},"author":1,"featured_media":61684,"comment_status":"closed","ping_status":"closed","sticky":false,"template":"","format":"standard","meta":{"_coblocks_attr":"","_coblocks_dimensions":"","_coblocks_responsive_height":"","_coblocks_accordion_ie_support":"","jetpack_post_was_ever_published":false,"_jetpack_newsletter_access":"","_jetpack_dont_email_post_to_subs":false,"_jetpack_newsletter_tier_id":0,"_jetpack_memberships_contains_paywalled_content":false,"_jetpack_memberships_contains_paid_content":false,"footnotes":"","jetpack_publicize_message":"","jetpack_publicize_feature_enabled":true,"jetpack_social_post_already_shared":false,"jetpack_social_options":{"image_generator_settings":{"template":"highway","default_image_id":0,"enabled":false},"version":2}},"categories":[2,7725,6916,186,9,44,15,10],"tags":[977,10391,10388],"class_list":["post-61680","post","type-post","status-publish","format-standard","has-post-thumbnail","hentry","category-atarfe","category-atarfe-sostenible","category-ayuntamiento-de-atarfe","category-instituciones","category-medio-ambiente","category-noticias-de-hoy","category-ultimas-noticias","category-salud","tag-aguasvira","tag-cuidemos-el-agua","tag-sin-agua-la-vida-se-complica"],"jetpack_publicize_connections":[],"jetpack_featured_media_url":"https:\/\/i0.wp.com\/miradordeatarfe.es\/wp-content\/uploads\/2023\/05\/Drzv9xyW4AAw_Rn.jpeg?fit=2250%2C2250&ssl=1","jetpack_likes_enabled":true,"jetpack_sharing_enabled":true,"_links":{"self":[{"href":"https:\/\/miradordeatarfe.es\/index.php?rest_route=\/wp\/v2\/posts\/61680","targetHints":{"allow":["GET"]}}],"collection":[{"href":"https:\/\/miradordeatarfe.es\/index.php?rest_route=\/wp\/v2\/posts"}],"about":[{"href":"https:\/\/miradordeatarfe.es\/index.php?rest_route=\/wp\/v2\/types\/post"}],"author":[{"embeddable":true,"href":"https:\/\/miradordeatarfe.es\/index.php?rest_route=\/wp\/v2\/users\/1"}],"replies":[{"embeddable":true,"href":"https:\/\/miradordeatarfe.es\/index.php?rest_route=%2Fwp%2Fv2%2Fcomments&post=61680"}],"version-history":[{"count":2,"href":"https:\/\/miradordeatarfe.es\/index.php?rest_route=\/wp\/v2\/posts\/61680\/revisions"}],"predecessor-version":[{"id":61723,"href":"https:\/\/miradordeatarfe.es\/index.php?rest_route=\/wp\/v2\/posts\/61680\/revisions\/61723"}],"wp:featuredmedia":[{"embeddable":true,"href":"https:\/\/miradordeatarfe.es\/index.php?rest_route=\/wp\/v2\/media\/61684"}],"wp:attachment":[{"href":"https:\/\/miradordeatarfe.es\/index.php?rest_route=%2Fwp%2Fv2%2Fmedia&parent=61680"}],"wp:term":[{"taxonomy":"category","embeddable":true,"href":"https:\/\/miradordeatarfe.es\/index.php?rest_route=%2Fwp%2Fv2%2Fcategories&post=61680"},{"taxonomy":"post_tag","embeddable":true,"href":"https:\/\/miradordeatarfe.es\/index.php?rest_route=%2Fwp%2Fv2%2Ftags&post=61680"}],"curies":[{"name":"wp","href":"https:\/\/api.w.org\/{rel}","templated":true}]}}