{"id":61688,"date":"2023-05-22T09:30:24","date_gmt":"2023-05-22T07:30:24","guid":{"rendered":"https:\/\/miradordeatarfe.es\/?p=61688"},"modified":"2023-05-22T09:37:30","modified_gmt":"2023-05-22T07:37:30","slug":"atarfe-bando-municipal-por-la-emergencia-de-la-sequia","status":"publish","type":"post","link":"https:\/\/miradordeatarfe.es\/?p=61688","title":{"rendered":"ATARFE: BANDO MUNICIPAL POR LA EMERGENCIA DE LA SEQUIA"},"content":{"rendered":"<h3 style=\"text-align: justify;\">La sequ\u00eda es una amenaza constante y cada vez m\u00e1s frecuente. Como consecuencia del cambio clim\u00e1tico cada vez har\u00e1 m\u00e1s calor y llover\u00e1 menos en Espa\u00f1a.<\/h3>\n<p style=\"text-align: justify;\">Es la advertencia que ha lanzado la <a class=\"relacionada-intext\" title=\"ONU\" href=\"https:\/\/www.20minutos.es\/minuteca\/onu\/\">ONU<\/a> con una previsi\u00f3n para los pr\u00f3ximos cinco a\u00f1os de que, por lo menos uno de los veranos, va a ser de los m\u00e1s calurosos que hemos vivido nunca. Yo no s\u00e9 si a\u00fan queda alguien que defienda que el cambio clim\u00e1tico es una ilusi\u00f3n&#8230; pero <strong>la predicci\u00f3n de que las temperaturas entre 2023 y 2027 ser\u00e1n entre 1,1 y 1,8 grados superiores<\/strong>, una mayor <a class=\"relacionada-intext\" title=\"Sequ\u00eda\" href=\"https:\/\/www.20minutos.es\/minuteca\/sequia\/\">sequ\u00eda<\/a> y la repercusi\u00f3n que tendr\u00e1 todo ello en nuestra salud no parece que sea ninguna broma de ecologistas indocumentados.<\/p>\n<h3 style=\"text-align: justify;\">EL AYUNTAMIENTO DE ATARFE LANZA ESTE BANDO PARA LA TOMA DE MEDIDAS\u00a0 Y CONCIENCIA Y DE LOS VECINOS Y VECINAS DE NUESTRO MUNICIPIO<\/h3>\n<p style=\"text-align: justify;\">\u00a0<\/p>\n<p style=\"text-align: justify;\"><a href=\"https:\/\/i0.wp.com\/miradordeatarfe.es\/wp-content\/uploads\/2023\/05\/344765911_1234510680766990_7394077881864634965_n.jpg?ssl=1\"><img data-recalc-dims=\"1\" loading=\"lazy\" decoding=\"async\" class=\"alignnone wp-image-61689 size-full\" src=\"https:\/\/i0.wp.com\/miradordeatarfe.es\/wp-content\/uploads\/2023\/05\/344765911_1234510680766990_7394077881864634965_n.jpg?resize=640%2C905&#038;ssl=1\" alt=\"\" width=\"640\" height=\"905\" srcset=\"https:\/\/i0.wp.com\/miradordeatarfe.es\/wp-content\/uploads\/2023\/05\/344765911_1234510680766990_7394077881864634965_n.jpg?w=1241&amp;ssl=1 1241w, https:\/\/i0.wp.com\/miradordeatarfe.es\/wp-content\/uploads\/2023\/05\/344765911_1234510680766990_7394077881864634965_n.jpg?resize=212%2C300&amp;ssl=1 212w, https:\/\/i0.wp.com\/miradordeatarfe.es\/wp-content\/uploads\/2023\/05\/344765911_1234510680766990_7394077881864634965_n.jpg?resize=725%2C1024&amp;ssl=1 725w, https:\/\/i0.wp.com\/miradordeatarfe.es\/wp-content\/uploads\/2023\/05\/344765911_1234510680766990_7394077881864634965_n.jpg?resize=768%2C1085&amp;ssl=1 768w, https:\/\/i0.wp.com\/miradordeatarfe.es\/wp-content\/uploads\/2023\/05\/344765911_1234510680766990_7394077881864634965_n.jpg?resize=1087%2C1536&amp;ssl=1 1087w\" sizes=\"auto, (max-width: 640px) 100vw, 640px\" \/><\/a><\/p>\n","protected":false},"excerpt":{"rendered":"<p>La sequ\u00eda es una amenaza constante y cada vez m\u00e1s frecuente. Como consecuencia del cambio&#8230;<\/p>\n","protected":false},"author":1,"featured_media":61690,"comment_status":"closed","ping_status":"closed","sticky":false,"template":"","format":"standard","meta":{"_coblocks_attr":"","_coblocks_dimensions":"","_coblocks_responsive_height":"","_coblocks_accordion_ie_support":"","jetpack_post_was_ever_published":false,"_jetpack_newsletter_access":"","_jetpack_dont_email_post_to_subs":false,"_jetpack_newsletter_tier_id":0,"_jetpack_memberships_contains_paywalled_content":false,"_jetpack_memberships_contains_paid_content":false,"footnotes":"","jetpack_publicize_message":"","jetpack_publicize_feature_enabled":true,"jetpack_social_post_already_shared":false,"jetpack_social_options":{"image_generator_settings":{"template":"highway","default_image_id":0,"enabled":false},"version":2}},"categories":[2,7725,6916,1161,44,7671,15,10],"tags":[249,1877],"class_list":["post-61688","post","type-post","status-publish","format-standard","has-post-thumbnail","hentry","category-atarfe","category-atarfe-sostenible","category-ayuntamiento-de-atarfe","category-ciudadania","category-noticias-de-hoy","category-politica","category-ultimas-noticias","category-salud","tag-agua","tag-sequia"],"jetpack_publicize_connections":[],"jetpack_featured_media_url":"https:\/\/i0.wp.com\/miradordeatarfe.es\/wp-content\/uploads\/2023\/05\/cuanto_agua_se_gasta_en_la_ducha_0.jpg?fit=1141%2C800&ssl=1","jetpack_likes_enabled":true,"jetpack_sharing_enabled":true,"_links":{"self":[{"href":"https:\/\/miradordeatarfe.es\/index.php?rest_route=\/wp\/v2\/posts\/61688","targetHints":{"allow":["GET"]}}],"collection":[{"href":"https:\/\/miradordeatarfe.es\/index.php?rest_route=\/wp\/v2\/posts"}],"about":[{"href":"https:\/\/miradordeatarfe.es\/index.php?rest_route=\/wp\/v2\/types\/post"}],"author":[{"embeddable":true,"href":"https:\/\/miradordeatarfe.es\/index.php?rest_route=\/wp\/v2\/users\/1"}],"replies":[{"embeddable":true,"href":"https:\/\/miradordeatarfe.es\/index.php?rest_route=%2Fwp%2Fv2%2Fcomments&post=61688"}],"version-history":[{"count":1,"href":"https:\/\/miradordeatarfe.es\/index.php?rest_route=\/wp\/v2\/posts\/61688\/revisions"}],"predecessor-version":[{"id":61691,"href":"https:\/\/miradordeatarfe.es\/index.php?rest_route=\/wp\/v2\/posts\/61688\/revisions\/61691"}],"wp:featuredmedia":[{"embeddable":true,"href":"https:\/\/miradordeatarfe.es\/index.php?rest_route=\/wp\/v2\/media\/61690"}],"wp:attachment":[{"href":"https:\/\/miradordeatarfe.es\/index.php?rest_route=%2Fwp%2Fv2%2Fmedia&parent=61688"}],"wp:term":[{"taxonomy":"category","embeddable":true,"href":"https:\/\/miradordeatarfe.es\/index.php?rest_route=%2Fwp%2Fv2%2Fcategories&post=61688"},{"taxonomy":"post_tag","embeddable":true,"href":"https:\/\/miradordeatarfe.es\/index.php?rest_route=%2Fwp%2Fv2%2Ftags&post=61688"}],"curies":[{"name":"wp","href":"https:\/\/api.w.org\/{rel}","templated":true}]}}