{"id":61715,"date":"2023-05-26T10:30:33","date_gmt":"2023-05-26T08:30:33","guid":{"rendered":"https:\/\/miradordeatarfe.es\/?p=61715"},"modified":"2023-05-26T19:17:08","modified_gmt":"2023-05-26T17:17:08","slug":"el-psoe-quiere-refrendar-su-mayoria-en-atarfe-ante-cinco-candidaturas-mas","status":"publish","type":"post","link":"https:\/\/miradordeatarfe.es\/?p=61715","title":{"rendered":"El PSOE quiere refrendar su mayor\u00eda en Atarfe ante cinco candidaturas m\u00e1s"},"content":{"rendered":"<h3 class=\"intro\" style=\"text-align: justify;\">Todos los partidos, salvo el PP, optan por un nuevo cabeza de lista en estos comicios, en los que PASI, partido m\u00e1s votado en 2015; y Cs desaparecen<\/h3>\n<p style=\"text-align: justify;\">El PSOE aspira el pr\u00f3ximo 28 de mayo a mantener su mayor\u00eda en la localidad metropolitana de <strong>Atarfe<\/strong>, donde hace cuatro a\u00f1os recuper\u00f3 el Gobierno local despu\u00e9s de que el PASI se convirtiera en el primer partido en &#8216;torcer&#8217; la hegemon\u00eda socialista despu\u00e9s de 36 a\u00f1os de democracia.<\/p>\n<p style=\"text-align: justify;\">Cinco partidos m\u00e1s optan a las Municipales en el municipio metropolitano, en donde la gran novedad es la desaparici\u00f3n del <strong>PASI<\/strong>, partido que lleg\u00f3 a gobernar el municipio hace ocho a\u00f1os; y de <strong>Cs<\/strong>, que obtuvo una notable representaci\u00f3n desde 2015. Adelante Andaluc\u00eda Atarfe se presenta por primera vez.<\/p>\n<p style=\"text-align: justify;\">El alcalde de la localidad, Pedro Mart\u00ednez, no ser\u00e1 candidato a la reelecci\u00f3n, despu\u00e9s de que as\u00ed lo determinara la Asamblea Local del <strong>PSOE<\/strong>, que eligi\u00f3 a Yolanda Fern\u00e1ndez, su secretaria General, como n\u00famero uno de la candidatura para las Municipales.<\/p>\n<p style=\"text-align: justify;\">La m\u00e1xima representante de la formaci\u00f3n ha introducido una profunda renovaci\u00f3n en la candidatura, en la que solo repiten tres rostros respecto a la que gan\u00f3 los comicios en 2019 con 2.918 votos, despu\u00e9s del hundimiento sufrido cuatro a\u00f1os antes, cuando se logr\u00f3 el peor resultado en 24 a\u00f1os.<\/p>\n<p style=\"text-align: justify;\">De este modo, Andrea Quirantes, del puesto seis al segundo, y Azahara Rodr\u00edguez, en el octavo puesto, son las dos \u00fanicas concejalas del actual Gobierno que repiten en la lista, a las que hay que a\u00f1adir Juan Molina que pasa del puesto 17 al 12. Adem\u00e1s, le acompa\u00f1an Mar\u00eda Mercedes Pozo (3), V\u00edctor Manuel Almohano (4), Mar\u00eda Elisa Gonz\u00e1lez (5), Jos\u00e9 Javier Arenas (6) y Juan Carlos P\u00e9rez (9).<\/p>\n<p><a href=\"https:\/\/i0.wp.com\/miradordeatarfe.es\/wp-content\/uploads\/2023\/05\/Candidaturas-Atarfe.jpg?ssl=1\"><img data-recalc-dims=\"1\" loading=\"lazy\" decoding=\"async\" class=\"alignnone wp-image-61716 size-full\" src=\"https:\/\/i0.wp.com\/miradordeatarfe.es\/wp-content\/uploads\/2023\/05\/Candidaturas-Atarfe.jpg?resize=640%2C360&#038;ssl=1\" alt=\"\" width=\"640\" height=\"360\" srcset=\"https:\/\/i0.wp.com\/miradordeatarfe.es\/wp-content\/uploads\/2023\/05\/Candidaturas-Atarfe.jpg?w=970&amp;ssl=1 970w, https:\/\/i0.wp.com\/miradordeatarfe.es\/wp-content\/uploads\/2023\/05\/Candidaturas-Atarfe.jpg?resize=300%2C169&amp;ssl=1 300w, https:\/\/i0.wp.com\/miradordeatarfe.es\/wp-content\/uploads\/2023\/05\/Candidaturas-Atarfe.jpg?resize=768%2C432&amp;ssl=1 768w\" sizes=\"auto, (max-width: 640px) 100vw, 640px\" \/><\/a><\/p>\n<h5>De izquierda a derecha y de arriba a abajo: Yolanda Fern\u00e1ndez (PSOE), Antonio D\u00edaz (PP), Jennifer Garc\u00eda (IU), Francisco Javier \u00c1lvarez (Vox), Mariano Mart\u00edn (Podemos) y Santos Herrera (Adelante Andaluc\u00eda). Fotos cedidas por los partidos<\/h5>\n<h3 class=\"wp-block-heading\" style=\"text-align: justify;\">Alternativa<\/h3>\n<p style=\"text-align: justify;\">Como principal alternativa al <strong>PSOE <\/strong>se presenta el <strong>PP<\/strong>, partido que aspira al menos a repetir el mejor resultado de su historia en Atarfe de hace 12 a\u00f1os, cuando logr\u00f3 los 2.445 votos y situarse como segunda fuerza m\u00e1s votada desde entonces en el municipio.<\/p>\n<p style=\"text-align: justify;\">El nacimiento de <strong>Ciudadanos <\/strong>en 2015 redujo el respaldo y la representaci\u00f3n de los &#8216;populares&#8217;, que ahora integran a cuatro exaspirantes de la formaci\u00f3n naranja en su candidatura, encabezada de nuevo por Antonio D\u00edaz, siendo as\u00ed el \u00fanico partido que repite cabeza de lista.<\/p>\n<p style=\"text-align: justify;\">A \u00e9l le acompa\u00f1ar\u00e1n diez rostros nuevos respecto a 2019, entre los que se integran Antonio Pascual Mart\u00edn, exn\u00famero uno de <strong>Ciudadanos <\/strong>como independiente en el puesto tres; Gema Mar\u00eda Sequera, n\u00famero cuatro con Cs y ahora como cinco; adem\u00e1s de Ferm\u00edn Morales, como n\u00famero ocho tras ser el 11 de Cs hace cuatro a\u00f1os; y Raquel Toro, que fue la dos de la formaci\u00f3n naranja.<\/p>\n<p style=\"text-align: justify;\">Jos\u00e9 Miguel Garc\u00eda repite y pasa del tercer al segundo puesto de la candidatura del PP, como sucede con Miguel \u00c1ngel P\u00e9rez, que se mantiene en el seis, y \u00c1ngeles Leyva, que pasa del 5 al 7. Entre los rostros nuevos de los &#8216;populares&#8217; se encuentran Beatriz Jim\u00e9nez (4) o Fernando Santamarina (9).<\/p>\n<h3 class=\"wp-block-heading\" style=\"text-align: justify;\">Recuperar el terreno<\/h3>\n<p style=\"text-align: justify;\"><strong>IU <\/strong>comparece en los comicios de Atarfe con la intenci\u00f3n de recuperar el terreno que comenz\u00f3 a perder en 2011, despu\u00e9s de pasar a ser la tercera fuerza m\u00e1s votada o incluso la \u00faltima en 2015 o la quinta hace cuatro a\u00f1os.<\/p>\n<p style=\"text-align: justify;\">La desaparici\u00f3n del <strong>PASI <\/strong>es una de las esperanzas de este partido para volver a subir de votos tras dos convocatorias consecutivas de ca\u00eddas, llegando a los 584 votos, su segundo dato m\u00e1s bajo en la democracia.<\/p>\n<p style=\"text-align: justify;\">Es por ello que la formaci\u00f3n de izquierdas presenta una lista renovada en la que ahora apuesta por Mar\u00eda Jennifer Garc\u00eda como candidata y que contar\u00e1 con tres caras que iban en la candidatura de 2019 en los ocho primeros puestos: Jos\u00e9 Gonz\u00e1lez, que asciende del quinto al segundo puesto; Mar\u00eda Fern\u00e1ndez, del d\u00e9cimo al s\u00e9ptimo; y Jes\u00fas P\u00e9rez, que baja del tres al ocho. Adem\u00e1s, se estrenan In\u00e9s Mar\u00eda Cotelo (3), Alejandro G\u00e1lvez (4), Francisca Siliva Lara (5) y Francisco Ataulfo Toro (6).<\/p>\n<p style=\"text-align: justify;\">En sus segundas Elecciones Municipales, <strong>Vox <\/strong>aspira a aumentar el respaldo recibido hace cuatro a\u00f1os, cuando logr\u00f3 los 466 votos y un acta de concejal por primera vez en la historia de la localidad.<\/p>\n<p style=\"text-align: justify;\">En este sentido la apuesta es por Francisco Javier \u00c1lvarez, que pasa desde el segundo al primer puesto de la candidatura, al que le acompa\u00f1ar\u00e1n Marta Pe\u00f1a, que sube desde el cuarto al segundo puesto o Juan Jos\u00e9 Ballesta, del ocho al seis. Las novedades para la candidatura del partido de Santiago Abascal son, entre otros, Albergo Egea, exn\u00famero 11 del PP en las pasadas Municipales; Davinia Ariza y Eduardo Gonz\u00e1lez, que ocupan los puestos del tres al cinco.<\/p>\n<h3 class=\"wp-block-heading\" style=\"text-align: justify;\">Sin representaci\u00f3n<\/h3>\n<p style=\"text-align: justify;\">A estos partidos hay que a\u00f1adir otros dos que aspiran a obtener representaci\u00f3n municipal en Atarfe. <strong>Podemos Alianza Verde<\/strong> lo intentar\u00e1 por segunda vez este 28M, aunque ahora lo har\u00e1 con quien fuera n\u00famero cinco de Por Atarfe S\u00ed hace cuatro a\u00f1os, Mariano Mart\u00edn Civantos.<\/p>\n<p style=\"text-align: justify;\">El partido morado aspira a mejorar los 362 votos cosechados hace cuatro a\u00f1os, para lo que presenta una lista renovada, que en sus primeros puestos contar\u00e1 con Gabriela Leonor Aliste (2), Roc\u00edo Navarro (3), Emilio Jim\u00e9nez (4), Ana Victoria Hinojosa (5) y Manuel Navarro (6), como independiente.<\/p>\n<p style=\"text-align: justify;\">Una de las novedades en estas Municipales es la participaci\u00f3n por primera vez del partido de Teresa Rodr\u00edguez <strong>Adelante Andaluc\u00eda,<\/strong> que comparecer\u00e1 con Santos \u00c1ngeles Herrera como n\u00famero uno.<\/p>\n<p style=\"text-align: justify;\">A ella le acompa\u00f1ar\u00e1n Yolanda Mac\u00edas (2), Elian Ladr\u00f3n de Guevara (3), Mar\u00eda Victoria Corral (4) y Alfonso Carmona (5), ninguno de ellos en las candidaturas de otros partidos hace cuatro a\u00f1os.<\/p>\n<p style=\"text-align: justify;\">La participaci\u00f3n en Atarfe ha ido cayendo estos \u00faltimos a\u00f1os, hasta situarse en sus \u00edndices m\u00e1s bajos hace cuatro a\u00f1os, cuando se situ\u00f3 en el 56%, una de las menos altas del \u00c1rea Metropolitana de Granada.<\/p>\n<p><strong>AHORAGRANADA<\/strong><\/p>\n<blockquote class=\"wp-embedded-content\" data-secret=\"PVLYVoyF2H\"><p><a href=\"https:\/\/www.ahoragranada.com\/noticias\/el-psoe-quiere-refrendar-su-mayoria-en-atarfe-ante-cinco-candidaturas-mas\/\">El PSOE quiere refrendar su mayor\u00eda en Atarfe ante cinco candidaturas m\u00e1s<\/a><\/p><\/blockquote>\n<p><iframe loading=\"lazy\" class=\"wp-embedded-content\" sandbox=\"allow-scripts\" security=\"restricted\" style=\"position: absolute; visibility: hidden;\" title=\"\u00abEl PSOE quiere refrendar su mayor\u00eda en Atarfe ante cinco candidaturas m\u00e1s\u00bb \u2014 Ahora Granada\" src=\"https:\/\/www.ahoragranada.com\/noticias\/el-psoe-quiere-refrendar-su-mayoria-en-atarfe-ante-cinco-candidaturas-mas\/embed\/#?secret=QYZNNxVVM8#?secret=PVLYVoyF2H\" data-secret=\"PVLYVoyF2H\" width=\"600\" height=\"338\" frameborder=\"0\" marginwidth=\"0\" marginheight=\"0\" scrolling=\"no\"><\/iframe><\/p>\n","protected":false},"excerpt":{"rendered":"<p>Todos los partidos, salvo el PP, optan por un nuevo cabeza de lista en estos&#8230;<\/p>\n","protected":false},"author":1,"featured_media":61562,"comment_status":"closed","ping_status":"closed","sticky":false,"template":"","format":"standard","meta":{"_coblocks_attr":"","_coblocks_dimensions":"","_coblocks_responsive_height":"","_coblocks_accordion_ie_support":"","jetpack_post_was_ever_published":false,"_jetpack_newsletter_access":"","_jetpack_dont_email_post_to_subs":false,"_jetpack_newsletter_tier_id":0,"_jetpack_memberships_contains_paywalled_content":false,"_jetpack_memberships_contains_paid_content":false,"footnotes":"","jetpack_publicize_message":"","jetpack_publicize_feature_enabled":true,"jetpack_social_post_already_shared":false,"jetpack_social_options":{"image_generator_settings":{"template":"highway","default_image_id":0,"enabled":false},"version":2}},"categories":[2,6916,44,7671,15],"tags":[81,243],"class_list":["post-61715","post","type-post","status-publish","format-standard","has-post-thumbnail","hentry","category-atarfe","category-ayuntamiento-de-atarfe","category-noticias-de-hoy","category-politica","category-ultimas-noticias","tag-atarfe","tag-candidaturas"],"jetpack_publicize_connections":[],"jetpack_featured_media_url":"https:\/\/i0.wp.com\/miradordeatarfe.es\/wp-content\/uploads\/2023\/05\/cartela-voto-por-correo-gsc.jpeg?fit=990%2C556&ssl=1","jetpack_likes_enabled":true,"jetpack_sharing_enabled":true,"_links":{"self":[{"href":"https:\/\/miradordeatarfe.es\/index.php?rest_route=\/wp\/v2\/posts\/61715","targetHints":{"allow":["GET"]}}],"collection":[{"href":"https:\/\/miradordeatarfe.es\/index.php?rest_route=\/wp\/v2\/posts"}],"about":[{"href":"https:\/\/miradordeatarfe.es\/index.php?rest_route=\/wp\/v2\/types\/post"}],"author":[{"embeddable":true,"href":"https:\/\/miradordeatarfe.es\/index.php?rest_route=\/wp\/v2\/users\/1"}],"replies":[{"embeddable":true,"href":"https:\/\/miradordeatarfe.es\/index.php?rest_route=%2Fwp%2Fv2%2Fcomments&post=61715"}],"version-history":[{"count":2,"href":"https:\/\/miradordeatarfe.es\/index.php?rest_route=\/wp\/v2\/posts\/61715\/revisions"}],"predecessor-version":[{"id":61718,"href":"https:\/\/miradordeatarfe.es\/index.php?rest_route=\/wp\/v2\/posts\/61715\/revisions\/61718"}],"wp:featuredmedia":[{"embeddable":true,"href":"https:\/\/miradordeatarfe.es\/index.php?rest_route=\/wp\/v2\/media\/61562"}],"wp:attachment":[{"href":"https:\/\/miradordeatarfe.es\/index.php?rest_route=%2Fwp%2Fv2%2Fmedia&parent=61715"}],"wp:term":[{"taxonomy":"category","embeddable":true,"href":"https:\/\/miradordeatarfe.es\/index.php?rest_route=%2Fwp%2Fv2%2Fcategories&post=61715"},{"taxonomy":"post_tag","embeddable":true,"href":"https:\/\/miradordeatarfe.es\/index.php?rest_route=%2Fwp%2Fv2%2Ftags&post=61715"}],"curies":[{"name":"wp","href":"https:\/\/api.w.org\/{rel}","templated":true}]}}