{"id":61719,"date":"2023-05-24T08:28:22","date_gmt":"2023-05-24T06:28:22","guid":{"rendered":"https:\/\/miradordeatarfe.es\/?p=61719"},"modified":"2023-05-23T22:33:46","modified_gmt":"2023-05-23T20:33:46","slug":"contra-el-racismo-sin-excusas","status":"publish","type":"post","link":"https:\/\/miradordeatarfe.es\/?p=61719","title":{"rendered":"Contra el racismo, sin excusas"},"content":{"rendered":"<h3 class=\"v-a-sub-t\" style=\"text-align: justify;\">Es necesario que las instituciones act\u00faen tras constatarse que los odios encuentran su altavoz m\u00e1s sonoro en los estadios de f\u00fatbol<\/h3>\n<p class=\"v-p\" style=\"text-align: justify;\">Los ataques verbales racistas contra el delantero del Real Madrid Vinicius en Valencia forman parte de una pr\u00e1ctica condenable en los estadios, en los que algunos asistentes a un partido se obstinan en da\u00f1ar la dignidad de un ser humano arremetiendo contra todos los que pudieran reunir sus mismas caracter\u00edsticas f\u00edsicas o de origen. Ni las emociones propias de la hinchada, ni un lance del juego ni la conducta de un futbolista pueden justificar tal comportamiento. Tampoco que los aficionados de un equipo crean defender as\u00ed con m\u00e1s ardor sus colores. Resulta si cabe m\u00e1s incomprensible que el f\u00fatbol organizado conceda un trato de pr\u00e1ctica impunidad a tales hechos vali\u00e9ndose de que es un deporte tan de masas que son inevitables manifestaciones minoritarias, cuando la realidad es que ha gestado todo un sistema de intereses, normas y protocolos que, brindando a millones de personas un entretenimiento sin igual, describe tambi\u00e9n una zona franca para la arbitrariedad, la confrontaci\u00f3n y la permisividad hacia los propios.<\/p>\n<p class=\"v-p\" style=\"text-align: justify;\">Los improperios xen\u00f3fobos contra Vinicius y otros jugadores son censurables en s\u00ed mismos. Pero tambi\u00e9n porque contribuyen a naturalizar el supremacismo racial ante miles y miles de espectadores \u2013muchos de ellos, menores de edad\u2013 como si su expresi\u00f3n fuese tolerable o, a lo sumo, hubiese que contenerla solo por temor a la suspensi\u00f3n del encuentro o el cierre del estadio. A pesar de que tales medidas pudieran no servir para acallar el p\u00e1lpito b\u00e1rbaro de algunos extremistas agrupados o exaltados circunstanciales, ha llegado el momento de que la Liga y la Federaci\u00f3n den una vuelta de tuerca m\u00e1s a sus protocolos. Empezando por los criterios con los que deban regirse los \u00e1rbitros a la hora de atajar situaciones as\u00ed.<\/p>\n<p class=\"v-p\" style=\"text-align: justify;\">Un ataque verbal racista no es un delito de odio. Pero su persistencia en las gradas puede contribuir a su comisi\u00f3n. Es de esperar que la demanda presentada por el Real Madrid y las diligencias de oficio de la Fiscal\u00eda de Valencia no acaben con la elusi\u00f3n por parte del Ministerio P\u00fablico de pronunciarse al respecto. Es necesario que las instituciones \u2013incluido el Parlamento\u2013 act\u00faen tras la constataci\u00f3n de que tambi\u00e9n en Espa\u00f1a hay racismo y de que este encuentra su altavoz m\u00e1s sonoro en las competiciones de f\u00fatbol. Las mismas en las que las agresiones f\u00edsicas y los insultos y desconsideraci\u00f3n de espectadores contra \u00e1rbitros y jugadores demuestran en demasiados momentos que al deporte rey le falta cabeza y coraz\u00f3n.<\/p>\n<p>EDITORIAL DEL IDEAL<\/p>\n<p>FOTO: <span class=\"ue-c-article__media-description\">Hinchas del Valencia increpan a Vinicius en Mestalla.<\/span><span class=\"ue-c-article__media-source\"><span class=\"ue-c-article__media-author\">GETTY<\/span><\/span><\/p>\n<p>https:\/\/www.ideal.es\/opinion\/editorial-racismo-excusas-20230523230305-nt.html<\/p>\n","protected":false},"excerpt":{"rendered":"<p>Es necesario que las instituciones act\u00faen tras constatarse que los odios encuentran su altavoz m\u00e1s&#8230;<\/p>\n","protected":false},"author":1,"featured_media":61720,"comment_status":"closed","ping_status":"closed","sticky":false,"template":"","format":"standard","meta":{"_coblocks_attr":"","_coblocks_dimensions":"","_coblocks_responsive_height":"","_coblocks_accordion_ie_support":"","jetpack_post_was_ever_published":false,"_jetpack_newsletter_access":"","_jetpack_dont_email_post_to_subs":false,"_jetpack_newsletter_tier_id":0,"_jetpack_memberships_contains_paywalled_content":false,"_jetpack_memberships_contains_paid_content":false,"footnotes":"","jetpack_publicize_message":"","jetpack_publicize_feature_enabled":true,"jetpack_social_post_already_shared":false,"jetpack_social_options":{"image_generator_settings":{"template":"highway","default_image_id":0,"enabled":false},"version":2}},"categories":[1161,182,44,7671,6937,15],"tags":[666,2600],"class_list":["post-61719","post","type-post","status-publish","format-standard","has-post-thumbnail","hentry","category-ciudadania","category-deportes","category-noticias-de-hoy","category-politica","category-sociedad","category-ultimas-noticias","tag-futbol","tag-racismo"],"jetpack_publicize_connections":[],"jetpack_featured_media_url":"https:\/\/i0.wp.com\/miradordeatarfe.es\/wp-content\/uploads\/2023\/05\/VINI.webp?fit=473%2C315&ssl=1","jetpack_likes_enabled":true,"jetpack_sharing_enabled":true,"_links":{"self":[{"href":"https:\/\/miradordeatarfe.es\/index.php?rest_route=\/wp\/v2\/posts\/61719","targetHints":{"allow":["GET"]}}],"collection":[{"href":"https:\/\/miradordeatarfe.es\/index.php?rest_route=\/wp\/v2\/posts"}],"about":[{"href":"https:\/\/miradordeatarfe.es\/index.php?rest_route=\/wp\/v2\/types\/post"}],"author":[{"embeddable":true,"href":"https:\/\/miradordeatarfe.es\/index.php?rest_route=\/wp\/v2\/users\/1"}],"replies":[{"embeddable":true,"href":"https:\/\/miradordeatarfe.es\/index.php?rest_route=%2Fwp%2Fv2%2Fcomments&post=61719"}],"version-history":[{"count":1,"href":"https:\/\/miradordeatarfe.es\/index.php?rest_route=\/wp\/v2\/posts\/61719\/revisions"}],"predecessor-version":[{"id":61721,"href":"https:\/\/miradordeatarfe.es\/index.php?rest_route=\/wp\/v2\/posts\/61719\/revisions\/61721"}],"wp:featuredmedia":[{"embeddable":true,"href":"https:\/\/miradordeatarfe.es\/index.php?rest_route=\/wp\/v2\/media\/61720"}],"wp:attachment":[{"href":"https:\/\/miradordeatarfe.es\/index.php?rest_route=%2Fwp%2Fv2%2Fmedia&parent=61719"}],"wp:term":[{"taxonomy":"category","embeddable":true,"href":"https:\/\/miradordeatarfe.es\/index.php?rest_route=%2Fwp%2Fv2%2Fcategories&post=61719"},{"taxonomy":"post_tag","embeddable":true,"href":"https:\/\/miradordeatarfe.es\/index.php?rest_route=%2Fwp%2Fv2%2Ftags&post=61719"}],"curies":[{"name":"wp","href":"https:\/\/api.w.org\/{rel}","templated":true}]}}