{"id":61727,"date":"2023-05-26T08:18:15","date_gmt":"2023-05-26T06:18:15","guid":{"rendered":"https:\/\/miradordeatarfe.es\/?p=61727"},"modified":"2023-05-26T19:16:20","modified_gmt":"2023-05-26T17:16:20","slug":"las-nueve-horas-en-las-que-espana-hizo-realidad-el-sueno-100-renovable","status":"publish","type":"post","link":"https:\/\/miradordeatarfe.es\/?p=61727","title":{"rendered":"Las nueve horas en las que Espa\u00f1a hizo realidad el sue\u00f1o 100% renovable"},"content":{"rendered":"<h3 class=\"a_st\" style=\"text-align: justify;\">La generaci\u00f3n el\u00e9ctrica peninsular con sol, viento y agua fue mayor que la demanda entre las 10 de la ma\u00f1ana y las siete de la tarde del martes, un patr\u00f3n que se repetir\u00e1 cada vez m\u00e1s en el futuro<\/h3>\n<p class=\"\" style=\"text-align: justify;\">El sistema el\u00e9ctrico espa\u00f1ol degust\u00f3 el martes un dulce aperitivo del banquete renovable que est\u00e1 por llegar en los pr\u00f3ximos a\u00f1os. Fueron nueve horas, entre las 10 de la ma\u00f1ana y las siete de la tarde, en las que la generaci\u00f3n verde fue m\u00e1s que suficiente para cubrir el 100% de la demanda peninsular espa\u00f1ola, un hito que ya ten\u00eda precedentes en momentos puntuales, pero no en un lapso tan largo. El logro \u2014respaldado por las cifras remitidas a EL PA\u00cdS por <a href=\"https:\/\/www.ree.es\/es\" target=\"_blank\" rel=\"noopener\" data-link-track-dtm=\"\">Red El\u00e9ctrica de Espa\u00f1a (REE)<\/a>\u2014 se produjo, adem\u00e1s, un d\u00eda al uso, de diario, en el que el patr\u00f3n de consumo es el habitual y no un festivo ni durante el fin de semana, cuando la demanda cae con fuerza.<\/p>\n<p class=\"\" style=\"text-align: justify;\">Espa\u00f1a se acerca a pasos agigantados al futuro pr\u00f3ximo. La instalaci\u00f3n masiva de renovables \u2014y, muy especialmente, de fotovoltaica\u2014 est\u00e1 permitiendo a la cuarta econom\u00eda europea cubrir una parte cada vez mayor de sus necesidades de electricidad con renovables, algo que no solo reduce sustancialmente la huella de carbono, sino que presiona a la baja los precios en las horas solares. Y que, sobre todo, eleva los incentivos \u2014tanto ambientales como econ\u00f3micos\u2014 tanto para apostar por el almacenamiento como para electrificar el transporte, la industria y las calefacciones, hoy intensivas en petr\u00f3leo o gas natural.<\/p>\n<p class=\"\" style=\"text-align: justify;\">Que durante buena parte de la jornada del martes el sol, el viento y el agua generasen m\u00e1s electricidad de la que demandaban las empresas y los hogares de la Espa\u00f1a peninsular (en los archipi\u00e9lagos, la generaci\u00f3n f\u00f3sil siempre es mayor) no quiere decir que las centrales nucleares, las de gas \u2014ciclos combinados o cogeneraci\u00f3n\u2014 y las de carb\u00f3n dejasen de volcar energ\u00eda al sistema por completo. Su posterior entrada en funcionamiento, solo unas horas m\u00e1s tarde, ser\u00eda mucho m\u00e1s costosa. Lo que significa es que, en ese tramo horario, las fuentes limpias produjeron suficiente como para cubrir todas las necesidades internas. Esta aparente disonancia se explica tanto por las exportaciones a Francia, Portugal y \u2014en mucha menor medida\u2014 a Marruecos y a Andorra, como por el consumo de las centrales hidroel\u00e9ctricas de bombeo, que gastan energ\u00eda en las horas baratas y generan cuando los precios son m\u00e1s altos, y cuyos datos no computan en las cifras del gestor del sistema.<\/p>\n<figure class=\"a_m a_m-h \" style=\"text-align: justify;\"><span class=\"_db a_m_w _pr lb_btn\"><img data-recalc-dims=\"1\" loading=\"lazy\" decoding=\"async\" class=\"_re lazyload a_m-h alignleft\" src=\"https:\/\/i0.wp.com\/imagenes.elpais.com\/resizer\/juw648Di4-rjlgzclDQUIahHA1Q%3D\/414x0\/filters%3Afocal%282330x1595%3A2340x1605%29\/cloudfront-eu-central-1.images.arcpublishing.com\/prisa\/GJVQYBM7W3NA4S6PBPMRUSVNM4.jpg?resize=414%2C276&#038;ssl=1\" srcset=\"https:\/\/imagenes.elpais.com\/resizer\/juw648Di4-rjlgzclDQUIahHA1Q=\/414x0\/filters:focal(2330x1595:2340x1605)\/cloudfront-eu-central-1.images.arcpublishing.com\/prisa\/GJVQYBM7W3NA4S6PBPMRUSVNM4.jpg 414w,https:\/\/imagenes.elpais.com\/resizer\/Na6XArpHHN-XRqD5fXlwnNfEKCk=\/828x0\/filters:focal(2330x1595:2340x1605)\/cloudfront-eu-central-1.images.arcpublishing.com\/prisa\/GJVQYBM7W3NA4S6PBPMRUSVNM4.jpg 640w,https:\/\/imagenes.elpais.com\/resizer\/OFcuB9aOA7bKuB-ktmn5sUieSNY=\/980x0\/filters:focal(2330x1595:2340x1605)\/cloudfront-eu-central-1.images.arcpublishing.com\/prisa\/GJVQYBM7W3NA4S6PBPMRUSVNM4.jpg 1000w,https:\/\/imagenes.elpais.com\/resizer\/7znzxMdnFhBE0pDH4c0OX8CKb2o=\/1960x0\/filters:focal(2330x1595:2340x1605)\/cloudfront-eu-central-1.images.arcpublishing.com\/prisa\/GJVQYBM7W3NA4S6PBPMRUSVNM4.jpg 1960w\" alt=\"Varios aerogeneradores, en el puerto de Bilbao.\" width=\"414\" height=\"276\" \/><\/span><figcaption class=\"a_m_p\">Varios aerogeneradores, en el puerto de Bilbao.<span class=\"a_m_m\">Miguel To\u00f1a (EFE)<\/span><\/figcaption><\/figure>\n<p class=\"\" style=\"text-align: justify;\">El r\u00e9cord renovable del martes fue posible gracias a la confluencia de una sobresaliente producci\u00f3n fotovoltaica y e\u00f3lica. No solo por cuestiones meteorol\u00f3gicas \u2014fue una jornada de sol, viento y temperaturas no excesivamente altas, las condiciones m\u00e1s propicias para que ambas tecnolog\u00edas den lo mejor de s\u00ed\u2014, sino por el fuerte aumento en la capacidad total de generaci\u00f3n de ambas en los \u00faltimos tiempos, tanto en grandes instalaciones como en forma de autoconsumo. En este \u00faltimo caso, el de las placas en los tejados, <a href=\"https:\/\/elpais.com\/economia\/2023-05-12\/el-autoconsumo-la-revolucion-silenciosa-que-ya-lamina-la-demanda-y-el-precio-de-la-luz-en-las-horas-de-sol.html\" target=\"_blank\" rel=\"noopener\" data-link-track-dtm=\"\">la incidencia es doble: a\u00f1aden oferta (al inyectar sus excedentes a la red) y reducen la demanda cuando hay sol<\/a>.<\/p>\n<p class=\"\" style=\"text-align: justify;\">\u201cLo relevante es que esto no es algo coyuntural, sino que va camino de ser estructural, tanto por la ca\u00edda de la demanda como, sobre todo, por el aumento de la generaci\u00f3n fotovoltaica\u201d, apunta <a href=\"https:\/\/elpais.com\/autor\/natalia-fabra-portela\/\" target=\"_blank\" rel=\"noopener\" data-link-track-dtm=\"\">Natalia Fabra<\/a>, catedr\u00e1tica de Econom\u00eda de la Universidad Carlos III de Madrid y autora de la propuesta espa\u00f1ola para la reforma del mercado el\u00e9ctrico europeo. \u201cSon much\u00edsimas lecciones las que aporta lo ocurrido el martes: la importancia de las interconexiones, porque, con las que tenemos hoy, los vertidos no se est\u00e1n pudiendo aprovechar; la importancia del almacenamiento; la necesidad de acelerar la electrificaci\u00f3n, que va muy retrasada, y la de llevar la demanda a las horas centrales del d\u00eda, que es cuando m\u00e1s renovables hay\u201d.<\/p>\n<p class=\"\" style=\"text-align: justify;\">Se da, adem\u00e1s, la circunstancia de que el hito del 100% de electricidad verde en las horas de m\u00e1s sol del martes coincidi\u00f3 con la inactividad temporal de tres de los siete reactores nucleares que hay en Espa\u00f1a: dos (Asc\u00f3 I y Almaraz I) por recarga de combustible y un tercero (Almaraz II) por una \u201canomal\u00eda el\u00e9ctrica\u201d puntual. \u201cEso hizo que las renovables tuvieran m\u00e1s espacio para entrar\u201d, explica <a href=\"https:\/\/twitter.com\/revenergetica?ref_src=twsrc%5Egoogle%7Ctwcamp%5Eserp%7Ctwgr%5Eauthor\" target=\"_blank\" rel=\"noopener\" data-link-track-dtm=\"\">Xavier Cugat<\/a>, gestor de proyectos en una empresa de fotovoltaica y la persona que est\u00e1 en el origen de esta estad\u00edstica. \u201cEl calendario de cierre de nucleares no solo creo que est\u00e1 bien hecho, sino que es conservador: al ritmo al que estamos instalando renovables, incluso se podr\u00eda adelantar. Lo que dar\u00e1 da m\u00e1s flexibilidad es la hidr\u00e1ulica y, dentro de la hidr\u00e1ulica, los bombeos\u201d, agrega Cugat.<\/p>\n<figure class=\"a_m a_m-h \" style=\"text-align: justify;\"><span class=\"_db a_m_w _pr lb_btn\"><img data-recalc-dims=\"1\" loading=\"lazy\" decoding=\"async\" class=\"_re lazyload a_m-h alignright\" src=\"https:\/\/i0.wp.com\/imagenes.elpais.com\/resizer\/D1-3yBXjLopFLnQDAcOFDg5fcmE%3D\/414x0\/filters%3Afocal%281851x1394%3A1861x1404%29\/cloudfront-eu-central-1.images.arcpublishing.com\/prisa\/EQ5FS2JAQR7ZZEEUWVR4ZBGYDI.jpg?resize=414%2C311&#038;ssl=1\" srcset=\"https:\/\/imagenes.elpais.com\/resizer\/D1-3yBXjLopFLnQDAcOFDg5fcmE=\/414x0\/filters:focal(1851x1394:1861x1404)\/cloudfront-eu-central-1.images.arcpublishing.com\/prisa\/EQ5FS2JAQR7ZZEEUWVR4ZBGYDI.jpg 414w,https:\/\/imagenes.elpais.com\/resizer\/z4kMGksT68FDtitRrG3HimtDHXw=\/828x0\/filters:focal(1851x1394:1861x1404)\/cloudfront-eu-central-1.images.arcpublishing.com\/prisa\/EQ5FS2JAQR7ZZEEUWVR4ZBGYDI.jpg 640w,https:\/\/imagenes.elpais.com\/resizer\/-BKaT_1ShQa34-SQ0cDGgDc-1ec=\/980x0\/filters:focal(1851x1394:1861x1404)\/cloudfront-eu-central-1.images.arcpublishing.com\/prisa\/EQ5FS2JAQR7ZZEEUWVR4ZBGYDI.jpg 1000w,https:\/\/imagenes.elpais.com\/resizer\/8dxiQMnwF03Ws6uSJNMHyj88sGQ=\/1960x0\/filters:focal(1851x1394:1861x1404)\/cloudfront-eu-central-1.images.arcpublishing.com\/prisa\/EQ5FS2JAQR7ZZEEUWVR4ZBGYDI.jpg 1960w\" alt=\"Una instalaci\u00f3n de autoconsumo fotovoltaico, en la planta de Pascual en Trescasas (Segovia).\" width=\"414\" height=\"311\" \/><\/span><figcaption class=\"a_m_p\">Una instalaci\u00f3n de autoconsumo fotovoltaico, en la planta de Pascual en Trescasas (Segovia).<span class=\"a_m_m\">POWEN (Europa Press)<\/span><\/figcaption><\/figure>\n<p class=\"\" style=\"text-align: justify;\">\u201cTres reactores nucleares es justo lo que vamos a dejar de tener en 2030, y resulta que las renovables nos est\u00e1n solucionando la papeleta ellas solas\u201d, apunta <a href=\"https:\/\/elpais.com\/clima-y-medio-ambiente\/2023-01-30\/la-transicion-energetica-no-se-puede-hacer-solo-con-fotovoltaica-en-los-tejados-o-en-suelos-urbanos.html\" target=\"_blank\" rel=\"noopener\" data-link-track-dtm=\"\">Pedro Fresco<\/a>, exdirector de Transici\u00f3n Energ\u00e9tica de la Comunidad Valenciana. No solo la nuclear est\u00e1 aportando menos: los saltos de agua, otra de las grandes fuentes espa\u00f1olas de electricidad, <a href=\"https:\/\/elpais.com\/economia\/2023-05-15\/la-sequia-hace-mella-en-la-generacion-electrica-pero-no-se-contagia-a-los-precios.html\" target=\"_blank\" rel=\"noopener\" data-link-track-dtm=\"\">se est\u00e1n viendo severamente golpeados por la sequ\u00eda, que est\u00e1 menguando su capacidad productiva en gran parte de la Pen\u00ednsula<\/a>. \u201cEs verdad que es algo puntual, y en un momento de muy buena producci\u00f3n solar y e\u00f3lica, pero con muy poca agua, con la hidroel\u00e9ctrica a m\u00ednimo t\u00e9cnico\u2026 y, aun as\u00ed, estamos cubriendo el 100%. \u00bfC\u00f3mo vamos a estar en tres a\u00f1os, cuando tendremos entre 10 y 15 gigavatios (GW) m\u00e1s de fotovoltaica y otros cinco de e\u00f3lica? Se abre una ventana de oportunidad enorme para el hidr\u00f3geno y los coches el\u00e9ctricos, sobre todo en las horas centrales del d\u00eda\u201d, sentencia Fresco. \u201cPero hacen falta estrategias para aprovecharla\u201d.<\/p>\n<p style=\"text-align: justify;\"><a class=\"a_md_a_n\" title=\"Ver todas las noticias de Ignacio Fariza\" href=\"https:\/\/elpais.com\/autor\/ignacio-fariza-somolinos\/#?rel=author_top\"><strong>Ignacio Fariza<\/strong><\/a><\/p>\n<header class=\"a_e _g _g-xs\">\n<div class=\"a_e_m\">\n<figure class=\"a_m a_m-h \"><figcaption class=\"a_m_p\">FOTO: Una planta fotovoltaica, en Mula (Murcia).<span class=\"a_m_m\">Alfonso Dur\u00e1n<\/span><\/figcaption><\/figure>\n<\/div>\n<\/header>\n<div class=\"a_md _g _g-xs \">\n<figure class=\"a_md_i a_m-h c_m--nf\" style=\"text-align: justify;\"><span class=\"a_m_w _db\">https:\/\/elpais.com\/economia\/2023-05-18\/las-nueve-horas-en-las-que-espana-hizo-realidad-el-sueno-100-renovable.html<\/span><\/figure>\n<div class=\"a_md_txt\">\n<div class=\"a_md_a\" style=\"text-align: justify;\" data-dtm-region=\"articulo_firma\">\u00a0<\/div>\n<\/div>\n<\/div>\n","protected":false},"excerpt":{"rendered":"<p>La generaci\u00f3n el\u00e9ctrica peninsular con sol, viento y agua fue mayor que la demanda entre&#8230;<\/p>\n","protected":false},"author":1,"featured_media":61728,"comment_status":"closed","ping_status":"closed","sticky":false,"template":"","format":"standard","meta":{"_coblocks_attr":"","_coblocks_dimensions":"","_coblocks_responsive_height":"","_coblocks_accordion_ie_support":"","jetpack_post_was_ever_published":false,"_jetpack_newsletter_access":"","_jetpack_dont_email_post_to_subs":false,"_jetpack_newsletter_tier_id":0,"_jetpack_memberships_contains_paywalled_content":false,"_jetpack_memberships_contains_paid_content":false,"footnotes":"","jetpack_publicize_message":"","jetpack_publicize_feature_enabled":true,"jetpack_social_post_already_shared":false,"jetpack_social_options":{"image_generator_settings":{"template":"highway","default_image_id":0,"enabled":false},"version":2}},"categories":[7725,1161,44,7671,15,10],"tags":[116,208],"class_list":["post-61727","post","type-post","status-publish","format-standard","has-post-thumbnail","hentry","category-atarfe-sostenible","category-ciudadania","category-noticias-de-hoy","category-politica","category-ultimas-noticias","category-salud","tag-electricidad","tag-energia-renovable"],"jetpack_publicize_connections":[],"jetpack_featured_media_url":"https:\/\/i0.wp.com\/miradordeatarfe.es\/wp-content\/uploads\/2023\/05\/RENOVAB.png?fit=749%2C525&ssl=1","jetpack_likes_enabled":true,"jetpack_sharing_enabled":true,"_links":{"self":[{"href":"https:\/\/miradordeatarfe.es\/index.php?rest_route=\/wp\/v2\/posts\/61727","targetHints":{"allow":["GET"]}}],"collection":[{"href":"https:\/\/miradordeatarfe.es\/index.php?rest_route=\/wp\/v2\/posts"}],"about":[{"href":"https:\/\/miradordeatarfe.es\/index.php?rest_route=\/wp\/v2\/types\/post"}],"author":[{"embeddable":true,"href":"https:\/\/miradordeatarfe.es\/index.php?rest_route=\/wp\/v2\/users\/1"}],"replies":[{"embeddable":true,"href":"https:\/\/miradordeatarfe.es\/index.php?rest_route=%2Fwp%2Fv2%2Fcomments&post=61727"}],"version-history":[{"count":2,"href":"https:\/\/miradordeatarfe.es\/index.php?rest_route=\/wp\/v2\/posts\/61727\/revisions"}],"predecessor-version":[{"id":61730,"href":"https:\/\/miradordeatarfe.es\/index.php?rest_route=\/wp\/v2\/posts\/61727\/revisions\/61730"}],"wp:featuredmedia":[{"embeddable":true,"href":"https:\/\/miradordeatarfe.es\/index.php?rest_route=\/wp\/v2\/media\/61728"}],"wp:attachment":[{"href":"https:\/\/miradordeatarfe.es\/index.php?rest_route=%2Fwp%2Fv2%2Fmedia&parent=61727"}],"wp:term":[{"taxonomy":"category","embeddable":true,"href":"https:\/\/miradordeatarfe.es\/index.php?rest_route=%2Fwp%2Fv2%2Fcategories&post=61727"},{"taxonomy":"post_tag","embeddable":true,"href":"https:\/\/miradordeatarfe.es\/index.php?rest_route=%2Fwp%2Fv2%2Ftags&post=61727"}],"curies":[{"name":"wp","href":"https:\/\/api.w.org\/{rel}","templated":true}]}}