{"id":6174,"date":"2016-01-24T09:07:06","date_gmt":"2016-01-24T09:07:06","guid":{"rendered":"http:\/\/miradordeatarfe.es\/?p=6174"},"modified":"2016-01-22T10:16:08","modified_gmt":"2016-01-22T10:16:08","slug":"atarfe-la-violencia-de-genero-en-el-ambito-familiar-a-debate","status":"publish","type":"post","link":"https:\/\/miradordeatarfe.es\/?p=6174","title":{"rendered":"ATARFE: La violencia de g\u00e9nero en el \u00e1mbito familiar, a debate"},"content":{"rendered":"<p><span class=\"contenidos_subtitulo\">El martes 26 de enero tiene lugar en el Centro Medina Elvira una jornada de trabajo con profesionales del Derecho\u00a0\u00a0y colectivos en defensa de la igualdad que abordar\u00e1n el problema del maltrato.<br \/>\n<\/span><!--more--><\/p>\n<div><\/div>\n<div>Profesionales del Derecho, soci\u00f3logos y colectivos en defensa de la igualdad y de atenci\u00f3n a las v\u00edctimas de malos tratos participan el martes, 26 de enero, en la <strong>I Jornada sobre Violencia de G\u00e9nero en el \u00e1mbito familiar<\/strong> que tendr\u00e1 lugar en el Centro Cultural Medina Elvira.<\/div>\n<div><\/div>\n<div>El programa de actividades est\u00e1 organizado por la <strong>Federaci\u00f3n Andaluza para la Defensa de la Igualdad Efectiva (FADIE)<\/strong>, en colaboraci\u00f3n con el <strong>Ayuntamiento de Atarfe<\/strong>, e incluye conferencias y debates en torno a la violencia de g\u00e9nero y las consecuencias para los hijos.<\/div>\n<div><\/div>\n<div>El alcalde de Atarfe, <strong>Francisco Rodr\u00edguez Quesada<\/strong>, inaugurar\u00e1 la jornada a las 9:30 horas, dando paso a tres exposiciones sobre la problem\u00e1tica social a cargo de <strong>Marta Morillas Fern\u00e1ndez<\/strong>, profesora de Derecho Civil de la Universidad de Granada, que disertar\u00e1 sobre<em> Menores y violencia de g\u00e9nero en el Derecho Civil<\/em>; <strong>Diego Becerril Ruiz<\/strong>, director del Departamento de Sociolog\u00eda de la Universidad de Granada, que abordar\u00e1 <em>La violencia generacional entre padres e hijos<\/em>; y <strong>Jos\u00e9 Mar\u00eda Su\u00e1rez L\u00f3pez<\/strong>, profesor de Derecho Penal, encargado de explicar <em>El tratamiento penal de la violencia de g\u00e9nero<\/em>.<\/div>\n<div><\/div>\n<div>A continuaci\u00f3n tendr\u00e1 lugar un debate moderado por <strong>Fernando Bol\u00edvar<\/strong>, presidente de la Asociaci\u00f3n Granada para la Defensa de la Igualdad Efectiva (GDIE), sobre la atenci\u00f3n a las v\u00edctimas en el que participar\u00e1n <strong>Inmaculada Oca\u00f1a de Valdivia<\/strong>, presidenta de la Federaci\u00f3n Andaluza para la Defensa de la Igualdad Efectiva (FADIE) y<strong> Antonio Luis Maldonado Cervera<\/strong>, psic\u00f3logo cl\u00ednico y forense.<\/div>\n<div><\/div>\n<div><img data-recalc-dims=\"1\" decoding=\"async\" src=\"https:\/\/i0.wp.com\/www.ciudadatarfe.com\/data\/fotos_contenidos_web\/1471_1795_20160122104734.jpg?w=640\" alt=\"\" border=\"0\" \/><\/div>\n<p>&nbsp;<\/p>\n<div align=\"right\"><a href=\"http:\/\/www.ciudadatarfe.com\/index.php\"><img data-recalc-dims=\"1\" decoding=\"async\" src=\"https:\/\/i0.wp.com\/www.ciudadatarfe.com\/imagenes\/boton_volver.gif?w=640\" alt=\"Volver al Listado\" align=\"absmiddle\" border=\"0\" \/><\/a><\/div>\n","protected":false},"excerpt":{"rendered":"<p>El martes 26 de enero tiene lugar en el Centro Medina Elvira una jornada de&#8230;<\/p>\n","protected":false},"author":1,"featured_media":6175,"comment_status":"closed","ping_status":"closed","sticky":false,"template":"","format":"standard","meta":{"_coblocks_attr":"","_coblocks_dimensions":"","_coblocks_responsive_height":"","_coblocks_accordion_ie_support":"","jetpack_post_was_ever_published":false,"_jetpack_newsletter_access":"","_jetpack_dont_email_post_to_subs":false,"_jetpack_newsletter_tier_id":0,"_jetpack_memberships_contains_paywalled_content":false,"_jetpack_memberships_contains_paid_content":false,"footnotes":"","jetpack_publicize_message":"","jetpack_publicize_feature_enabled":true,"jetpack_social_post_already_shared":false,"jetpack_social_options":{"image_generator_settings":{"template":"highway","default_image_id":0,"enabled":false},"version":2}},"categories":[2,1161,44,15],"tags":[1051],"class_list":["post-6174","post","type-post","status-publish","format-standard","has-post-thumbnail","hentry","category-atarfe","category-ciudadania","category-noticias-de-hoy","category-ultimas-noticias","tag-violencia-domestica"],"jetpack_publicize_connections":[],"jetpack_featured_media_url":"https:\/\/i0.wp.com\/miradordeatarfe.es\/wp-content\/uploads\/2016\/01\/noviolenciamanos.jpg?fit=1050%2C780&ssl=1","jetpack_likes_enabled":true,"jetpack_sharing_enabled":true,"_links":{"self":[{"href":"https:\/\/miradordeatarfe.es\/index.php?rest_route=\/wp\/v2\/posts\/6174","targetHints":{"allow":["GET"]}}],"collection":[{"href":"https:\/\/miradordeatarfe.es\/index.php?rest_route=\/wp\/v2\/posts"}],"about":[{"href":"https:\/\/miradordeatarfe.es\/index.php?rest_route=\/wp\/v2\/types\/post"}],"author":[{"embeddable":true,"href":"https:\/\/miradordeatarfe.es\/index.php?rest_route=\/wp\/v2\/users\/1"}],"replies":[{"embeddable":true,"href":"https:\/\/miradordeatarfe.es\/index.php?rest_route=%2Fwp%2Fv2%2Fcomments&post=6174"}],"version-history":[{"count":1,"href":"https:\/\/miradordeatarfe.es\/index.php?rest_route=\/wp\/v2\/posts\/6174\/revisions"}],"predecessor-version":[{"id":6176,"href":"https:\/\/miradordeatarfe.es\/index.php?rest_route=\/wp\/v2\/posts\/6174\/revisions\/6176"}],"wp:featuredmedia":[{"embeddable":true,"href":"https:\/\/miradordeatarfe.es\/index.php?rest_route=\/wp\/v2\/media\/6175"}],"wp:attachment":[{"href":"https:\/\/miradordeatarfe.es\/index.php?rest_route=%2Fwp%2Fv2%2Fmedia&parent=6174"}],"wp:term":[{"taxonomy":"category","embeddable":true,"href":"https:\/\/miradordeatarfe.es\/index.php?rest_route=%2Fwp%2Fv2%2Fcategories&post=6174"},{"taxonomy":"post_tag","embeddable":true,"href":"https:\/\/miradordeatarfe.es\/index.php?rest_route=%2Fwp%2Fv2%2Ftags&post=6174"}],"curies":[{"name":"wp","href":"https:\/\/api.w.org\/{rel}","templated":true}]}}