{"id":61758,"date":"2023-05-29T10:16:24","date_gmt":"2023-05-29T08:16:24","guid":{"rendered":"https:\/\/miradordeatarfe.es\/?p=61758"},"modified":"2023-05-25T13:20:18","modified_gmt":"2023-05-25T11:20:18","slug":"cuando-se-constituyen-los-ayuntamientos","status":"publish","type":"post","link":"https:\/\/miradordeatarfe.es\/?p=61758","title":{"rendered":"\u00bfCu\u00e1ndo se constituyen los ayuntamientos?"},"content":{"rendered":"<h3 style=\"text-align: justify;\">Deben pasar 20 d\u00edas desde que se celebran los comicios hasta que se constituyen las corporaciones municipales.<\/h3>\n<div id=\"m464-462-465\"><main class=\"content\"><\/p>\n<section class=\"o-section\">\n<div class=\"o-container\">\n<div class=\"u-grid\">\n<div class=\"u-grid-col-span-2-xs u-grid-col-span-3-sm u-grid-col-span-3-md\">\n<article class=\"c-detail\">\n<div class=\"c-detail-content\">\n<div>\n<div class=\"c-detail__body\">\n<p style=\"text-align: justify;\">De estas elecciones del 28 de mayo, la primera gran cita con las urnas de este a\u00f1o, 8.131 ayuntamientos estrenar\u00e1n una nueva etapa.\u00a0 Tras los comicios, los plazos para la formaci\u00f3n de estos ayuntamientos son muy claros.\u00a0<\/p>\n<p style=\"text-align: justify;\">Seg\u00fan la <b>Ley Org\u00e1nica 5\/1985, de 19 de junio, del R\u00e9gimen Electoral General<\/b>\u00a0 determina que <b>deben pasar 20 d\u00edas<\/b> desde que se celebran los comicios hasta que se constituyen las corporaciones municipales. Eso,\u00a0<b>salvo que se hubiese presentado recurso contencioso-electoral contra la proclamaci\u00f3n de los concejales electos<\/b>, en cuyo supuesto se constituyen el cuadrag\u00e9simo d\u00eda posterior a las elecciones.<\/p>\n<h3 style=\"text-align: justify;\">Primero, se constituyen los plenos\u00a0\u00a0<\/h3>\n<p style=\"text-align: justify;\">Antes que nada, se constituye la llamada <b>\u00abMesa de Edad\u00bb<\/b>. Est\u00e1 formada por los concejales con m\u00e1s edad y por los m\u00e1s j\u00f3venes. Esta Mesa comprueba las credenciales de todos los elegidos y recuenta los votos. Finalmente, declara constituida la corporaci\u00f3n siempre y cuando haya una <b>mayor\u00eda absoluta presencial de concejales electos<\/b>.\u00a0 Si no fuera as\u00ed, se constituye dos d\u00edas despu\u00e9s, sea cual sea el n\u00famero de ediles que haya, y es entonces cuando se procede a la elecci\u00f3n del alcalde o alcaldesa.\u00a0<\/p>\n<p style=\"text-align: justify;\"><b>Pueden ser candidatos a la alcald\u00eda todos los concejales que lideran las listas de cada partido<\/b> y es elegido aquel que obtenga la mayor\u00eda absoluta de los votos, ya sea mediante pactos con otras fuerzas o en solitario<b>. <\/b>De esta manera, los distintos partidos est\u00e1n llamados a ponerse de acuerdo si quieren arrebatar la alcald\u00eda a la lista m\u00e1s votada.<b>\u00a0<\/b>Si ninguno de ellos llega a esta mayor\u00eda, queda proclamado como regidor del Ayuntamiento <b>el edil que encabez\u00f3 la candidatura con m\u00e1s votos de los ciudadanos<\/b>.<\/p>\n<h2 style=\"text-align: justify;\">Primera gran cita: el 17 de junio<\/h2>\n<p style=\"text-align: justify;\">Los plenos de los distintos ayuntamientos\u00a0 se reunir\u00e1n, por primera vez, <b>el 17 de junio<\/b>.\u00a0\u00a0<\/p>\n<h3 style=\"text-align: justify;\">\u00bfQu\u00e9 pasa en caso de empate?<\/h3>\n<p style=\"text-align: justify;\">No es corriente, pero es un caso que puede suceder, sobre todo, en municipios muy peque\u00f1os. En el caso de que <b>dos partidos pol\u00edticos empaten<\/b>\u00a0 en n\u00famero de votos seg\u00fan la ley Org\u00e1nica del R\u00e9gimen Electoral General, <b>cualquier tipo de sorteo es v\u00e1lido<\/b> para deshacerlo.\u00a0<\/p>\n<p style=\"text-align: justify;\">En 2015, en la localidad guadalajare\u00f1a de Escopete, la cara o cruz de una moneda al aire fue la que decidi\u00f3 el resultado en caso de un<b> empate t\u00e9cnico<\/b> entre los cuatro candidatos que se presentaban por el PSOE y el PP.\u00a0 En esas mismas elecciones el sorteo se repiti\u00f3 en otros 14 municipios de la provincia de Guadalajara.\u00a0<\/p>\n<figure id=\"m520-519-521\" class=\"c-detail__media \" style=\"text-align: justify;\">\n<div class=\"c-detail__media__thumb\"><img data-recalc-dims=\"1\" decoding=\"async\" src=\"https:\/\/i0.wp.com\/imagenes.cmmedia.es\/files\/content_image\/uploads\/2023\/05\/02\/6450e84ee54a9.jpeg?w=640&#038;ssl=1\" alt=\"Fachada del ayuntamiento de Escopete\" data-full-src=\"https:\/\/imagenes.cmmedia.es\/uploads\/2023\/05\/02\/6450e84ee54a9.jpeg\" \/><\/div><figcaption class=\"c-detail__media__txt\">\n<p class=\"c-detail__media__subtitle\"><span id=\"m547-546-548\" class=\"c-detail__media__credit \">Fachada del ayuntamiento de Escopete<\/span><span id=\"m552-551-553\" class=\"c-detail__media__author \">Ayuntamiento de escopete\u00a0<\/span><\/p>\n<\/figcaption><\/figure>\n<h3 style=\"text-align: justify;\">Toma de posesi\u00f3n del alcalde\u00a0<\/h3>\n<p style=\"text-align: justify;\">Una vez elegido el alcalde o alcaldesa, tiene que <b>tomar posesi\u00f3n <\/b>de su cargo. El nuevo primer edil tiene que aceptar su cargo, con la imposici\u00f3n de la banda de alcalde o alcaldesa y el bast\u00f3n de mando. Se disuelve la Mesa de Edad y el reci\u00e9n elegido o elegida impone a los concejales los distintivos del cargo: insignia y banda. <b>Con la intervenci\u00f3n del regidor finalizar\u00e1 la toma de posesi\u00f3n<\/b>.<\/p>\n<\/div>\n<\/div>\n<\/div>\n<\/article>\n<\/div>\n<\/div>\n<\/div>\n<\/section>\n<p><\/main><\/div>\n","protected":false},"excerpt":{"rendered":"<p>Deben pasar 20 d\u00edas desde que se celebran los comicios hasta que se constituyen las&#8230;<\/p>\n","protected":false},"author":1,"featured_media":0,"comment_status":"closed","ping_status":"closed","sticky":false,"template":"","format":"standard","meta":{"_coblocks_attr":"","_coblocks_dimensions":"","_coblocks_responsive_height":"","_coblocks_accordion_ie_support":"","jetpack_post_was_ever_published":false,"_jetpack_newsletter_access":"","_jetpack_dont_email_post_to_subs":false,"_jetpack_newsletter_tier_id":0,"_jetpack_memberships_contains_paywalled_content":false,"_jetpack_memberships_contains_paid_content":false,"footnotes":"","jetpack_publicize_message":"","jetpack_publicize_feature_enabled":true,"jetpack_social_post_already_shared":false,"jetpack_social_options":{"image_generator_settings":{"template":"highway","default_image_id":0,"enabled":false},"version":2}},"categories":[2,6916,1161,44,7671,6937,15],"tags":[10399,411,4185],"class_list":["post-61758","post","type-post","status-publish","format-standard","hentry","category-atarfe","category-ayuntamiento-de-atarfe","category-ciudadania","category-noticias-de-hoy","category-politica","category-sociedad","category-ultimas-noticias","tag-alcalde-y-concejales","tag-ayuntamientos","tag-toma-de-posesion"],"jetpack_publicize_connections":[],"jetpack_featured_media_url":"","jetpack_likes_enabled":true,"jetpack_sharing_enabled":true,"_links":{"self":[{"href":"https:\/\/miradordeatarfe.es\/index.php?rest_route=\/wp\/v2\/posts\/61758","targetHints":{"allow":["GET"]}}],"collection":[{"href":"https:\/\/miradordeatarfe.es\/index.php?rest_route=\/wp\/v2\/posts"}],"about":[{"href":"https:\/\/miradordeatarfe.es\/index.php?rest_route=\/wp\/v2\/types\/post"}],"author":[{"embeddable":true,"href":"https:\/\/miradordeatarfe.es\/index.php?rest_route=\/wp\/v2\/users\/1"}],"replies":[{"embeddable":true,"href":"https:\/\/miradordeatarfe.es\/index.php?rest_route=%2Fwp%2Fv2%2Fcomments&post=61758"}],"version-history":[{"count":1,"href":"https:\/\/miradordeatarfe.es\/index.php?rest_route=\/wp\/v2\/posts\/61758\/revisions"}],"predecessor-version":[{"id":61759,"href":"https:\/\/miradordeatarfe.es\/index.php?rest_route=\/wp\/v2\/posts\/61758\/revisions\/61759"}],"wp:attachment":[{"href":"https:\/\/miradordeatarfe.es\/index.php?rest_route=%2Fwp%2Fv2%2Fmedia&parent=61758"}],"wp:term":[{"taxonomy":"category","embeddable":true,"href":"https:\/\/miradordeatarfe.es\/index.php?rest_route=%2Fwp%2Fv2%2Fcategories&post=61758"},{"taxonomy":"post_tag","embeddable":true,"href":"https:\/\/miradordeatarfe.es\/index.php?rest_route=%2Fwp%2Fv2%2Ftags&post=61758"}],"curies":[{"name":"wp","href":"https:\/\/api.w.org\/{rel}","templated":true}]}}