{"id":61764,"date":"2023-05-27T10:30:55","date_gmt":"2023-05-27T08:30:55","guid":{"rendered":"https:\/\/miradordeatarfe.es\/?p=61764"},"modified":"2023-10-20T10:10:35","modified_gmt":"2023-10-20T08:10:35","slug":"el-lento-avance-de-las-rectoras-en-espana-de-no-haber-ninguna-a-ser-el-25-en-40-anos","status":"publish","type":"post","link":"https:\/\/miradordeatarfe.es\/?p=61764","title":{"rendered":"El lento avance de las rectoras en Espa\u00f1a: de no haber ninguna a ser el 25% en 40 a\u00f1os"},"content":{"rendered":"<h2 class=\"a_st\" style=\"text-align: justify;\">El progreso femenino es imparable, pero todav\u00eda ocupan cargos de segundo escal\u00f3n de poder<\/h2>\n<p class=\"\" style=\"text-align: justify;\">Uno de cada cuatro rectores en Espa\u00f1a es hoy una mujer. Son 23 de un total de 91. Una cifra peque\u00f1a para el peso femenino en las universidades \u2015ellas son el 56% de los estudiantes y el 43,6% de los profesores\u2015, pero que expresa un cambio de escenario que se repite en otros pa\u00edses por todo el mundo. La fotograf\u00eda que ilustra este reportaje, en el que posan 20 de las 23 rectoras espa\u00f1olas (10 de ellas en campus p\u00fablicos) durante el encuentro Universia 2023 en Valencia, no habr\u00eda podido tomarse hace un a\u00f1o. Es un n\u00famero ins\u00f3lito, y para muchos esperanzador, <a href=\"https:\/\/elpais.com\/politica\/2018\/03\/04\/actualidad\/1520195159_462681.html\" target=\"_blank\" rel=\"noopener\" data-link-track-dtm=\"\">porque durante casi ocho siglos no hubo rectoras. <\/a>En 1982 se retrat\u00f3 a la primera \u2015<a href=\"https:\/\/elpais.com\/diario\/1982\/10\/19\/sociedad\/403830005_850215.html\" target=\"_blank\" rel=\"noopener\" data-link-track-dtm=\"\">Elisa P\u00e9rez Vera, al frente de la UNED<\/a>\u2015 y durante a\u00f1os fue un goteo intermitente, hasta que <a href=\"https:\/\/elpais.com\/sociedad\/2018\/11\/25\/actualidad\/1543184042_766558.html\" target=\"_blank\" rel=\"noopener\" data-link-track-dtm=\"\">en 2018 se duplicaron en las universidades p\u00fablicas (de cuatro a siete)<\/a> y en la privada sigui\u00f3 aumentado su n\u00famero.<\/p>\n<p class=\"\" style=\"text-align: justify;\">La pandemia frustr\u00f3 los encuentros presenciales, as\u00ed que esta cumbre organizada por el Banco Santander \u2015que re\u00fane a m\u00e1s de 700 rectores de Espa\u00f1a y Latinoam\u00e9rica este martes y mi\u00e9rcoles\u2015 sirve para que muchas rectoras se conozcan en persona. Amaya Mendikoetxea, segunda rectora en la historia de la Universidad Aut\u00f3noma de Madrid y delegada de Igualdad de la conferencia de rectores (CRUE), baja al detalle para rebajar las expectativas de \u00e9xito. La cifra de rectoras en las universidades p\u00fablicas \u2015que tienen que ganar las elecciones al cargo\u2015 se mantiene \u201cestancada\u201d: son 10 de un total de 50 campus. \u201cAhora perdemos a la rectora de la Laguna [Rosa Aguilar, que no ha sido reelegida] y ganamos la de la Pompeu Fabra [Laia Nadal]. El factor elecci\u00f3n es importante, porque no es que te presentas a un puesto de trabajo de forma privada, sino que te expones al juicio de toda la comunidad universitaria y eso, por razones culturales, tradicionales, sociales, a las mujeres nos ha costado mucho\u201d.<\/p>\n<p class=\"\" style=\"text-align: justify;\">Las mujeres est\u00e1n al frente de 13 de las 41 universidades privadas espa\u00f1olas (el 31%). Su n\u00famero se ha duplicado desde 2018. En su caso, no se emplea el sufragio, sino que es el patronato de la instituci\u00f3n \u2015en muchas es una fundaci\u00f3n\u2015 o el consejo de direcci\u00f3n quien escoge al rector tras escuchar en muchas ocasiones al claustro. Mendikoetxea concede un hilo de optimismo para las p\u00fablicas: \u201cLo que s\u00ed ha cambiado realmente es que ahora las mujeres compiten. En mi universidad no es que no haya habido rectoras desde 1984 [fugazmente fue Josefina G\u00f3mez Mendoza], es que no hab\u00eda candidatas. <a href=\"https:\/\/elpais.com\/educacion\/2023-02-19\/tras-56-rectores-en-200-anos-las-mujeres-de-la-complutense-se-postulan-al-fin-para-gobernar.html\" target=\"_blank\" rel=\"noopener\" data-link-track-dtm=\"\">Ahora ha habido en la Carlos III, en la Complutense<\/a>&#8230;\u201d.<\/p>\n<p class=\"\" style=\"text-align: justify;\">En Estados Unidos, un referente, las mujeres ocupan el 32% de los rectorados y su presencia aumenta. Seis de los ocho rectores de la Ivy League \u2015una asociaci\u00f3n de cotizadas instituciones de la costa este\u2015 van a ser mujeres en pocas semanas: Harvard, Columbia, Dartmouth College, Brown, Cornell y Pennsylvania. O en el encuentro IE-Reinventing Higher<a href=\"https:\/\/www.ie.edu\/africa\/\" data-link-track-dtm=\"\"> Education<\/a> de Ciudad del Cabo del pasado marzo eran mujeres casi todas las representes de las universidades africanas, reflejo del empuje femenino.<\/p>\n<p class=\"\" style=\"text-align: justify;\">Los rectores en Espa\u00f1a cada vez buscan m\u00e1s la paridad al elegir a sus vicerrectores \u2015seg\u00fan el \u00faltimo anuario <a href=\"https:\/\/www.ciencia.gob.es\/InfoGeneralPortal\/documento\/f4f6bb28-cae5-4da2-85f4-067508c410eb\" target=\"_blank\" rel=\"noopener\" data-link-track-dtm=\"\"><i>Cient\u00edficas en cifras<\/i>, del Ministerio de Ciencia<\/a>, ellas representaban en 2021 el 43%\u2015 y esta experiencia de gesti\u00f3n ha animado a m\u00e1s catedr\u00e1ticas a presentarse para el cargo de rector. Mendikoetxea, de nuevo, precisa: las mujeres no suelen encabezar los vicerrectorados de Profesorado e Investigaci\u00f3n, los de m\u00e1s peso en el equipo de gobierno. Las mujeres son mayor\u00eda en los segundos escalafones: el 57% de los vicedecanos o los secretarios de los departamentos (el informe no da cifras). Adem\u00e1s, aumentan las universidades (57%) que tienen una representaci\u00f3n equilibrada de mujeres y hombres en el consejo de direcci\u00f3n, ocho puntos porcentuales m\u00e1s que en 2018.<\/p>\n<p class=\"\" style=\"text-align: justify;\">Rosa Visedo lleva 12 a\u00f1os de rectora. Empez\u00f3 en la Universidad CEU Cardenal Herrera (privada), y por entonces era la \u00fanica mujer en el puesto de la Comunidad Valenciana; ahora son cinco. Desde hace cuatro a\u00f1os ejerce el cargo en el CEU San Pablo, la casa madre en Madrid. \u201cLa universidad siempre reproduce la situaci\u00f3n de la sociedad y durante tiempo las mujeres no se han planteado ocupar roles m\u00e1s directivos, precisamente porque las escasas pol\u00edticas de conciliaci\u00f3n les han afectado especialmente a ellas. En los \u00faltimos a\u00f1os, he visto llegar a catedr\u00e1ticas a muchas mujeres y creo que esto va a ir en aumento y tambi\u00e9n en otros cargos de gesti\u00f3n. En mi equipo de gobierno somos ocho personas, cinco de ellas mujeres\u201d. Visedo, vicepresidenta de CRUE, se enorgullece: \u201cVamos hacia el equilibrio. Tenemos un 40% de catedr\u00e1ticas\u201d.<\/p>\n<p class=\"\" style=\"text-align: justify;\">En las universidades p\u00fablicas solo el 25,6% del total de catedr\u00e1ticos son mujeres y hasta el pasado mes,<a href=\"https:\/\/elpais.com\/educacion\/2023-03-09\/el-congreso-aprueba-la-ley-de-universidades-10-claves-de-una-norma-que-cierra-la-caja-de-pandora.html\" target=\"_blank\" rel=\"noopener\" data-link-track-dtm=\"\"> que entr\u00f3 en vigor la nueva ley universitaria (LOSU)<\/a>, solo esta figura acad\u00e9mica podr\u00eda postularse al puesto de rector, lo que lastraba las opciones femeninas. Pero con la nueva norma \u2015cada universidad deber\u00e1 concretar los requisitos exactos\u2015 profesores de plantilla que acrediten m\u00e9ritos cient\u00edficos, acad\u00e9micos y de gesti\u00f3n podr\u00e1n postularse. Mendikoetxea desconf\u00eda de que ello anime a las profesoras a dar el paso: para ser decano o director de departamento no se exig\u00eda ser catedr\u00e1tico antes de la LOSU y ellas no se presentan. Apenas ellas son el 37% en estos niveles.<\/p>\n<p class=\"\" style=\"text-align: justify;\">Aunque en<a href=\"https:\/\/elpais.com\/educacion\/2021-05-12\/castells-estudia-que-los-profesores-titulares-puedan-ser-rectores-para-fomentar-el-ascenso-de-mujeres-al-cargo.html\" target=\"_blank\" rel=\"noopener\" data-link-track-dtm=\"\"> un principio los socialistas en 2021 ligaron que los profesores titulares tambi\u00e9n pudiesen ser rectores <\/a>a un ascenso de las mujeres, pronto abandonaron esa tesis \u2015sencillamente ayudaba a promocionarse a hombres y mujeres\u2015 por cr\u00edticas dentro del partido y de las propias rectoras en ejercicio. \u201cYo no cambiar\u00eda el sistema. <a href=\"https:\/\/elpais.com\/educacion\/2021-02-28\/la-universidad-de-2035-diversa-feminizada-y-con-mas-alumnos.html\" data-link-track-dtm=\"\">Otra cosa es que haya que solucionar la falta de catedr\u00e1ticas\u201d<\/a>, opin\u00f3 en este diario la rectora de la Jaume I (Castell\u00f3n), Eva Alc\u00f3n, quien como la rectora de Valencia Mavi Mestre suena como posible presidenta de los rectores. En casi 30 a\u00f1os solo una mujer ha estado<a href=\"https:\/\/elpais.com\/sociedad\/2013\/05\/21\/actualidad\/1369166262_934796.html\" target=\"_blank\" rel=\"noopener\" data-link-track-dtm=\"\"> al frente de la CRUE, Adelaida de la Calle, <\/a>y hay que remontarse a 2011.<\/p>\n<p class=\"\" style=\"text-align: justify;\">En el curso 2005-2006 las mujeres eran apenas el 13,1% de los catedr\u00e1ticos de las universidades: hoy son el 25,6% y la intenci\u00f3n del Ministerio de Universidades, como reclamaba Alc\u00f3n, es favorecer que su n\u00famero aumente en los puestos por oposici\u00f3n a igualdad de m\u00e9ritos. La LOSU dicta: \u201cSe podr\u00e1n establecer reservas y preferencias en las condiciones de contrataci\u00f3n, de modo que, en igualdad de condiciones de idoneidad, tengan preferencia para ser contratadas las personas del sexo menos representado (&#8230;)\u201d.<\/p>\n<p class=\"\" style=\"text-align: justify;\">\u201cFaltan referentes femeninos y creo hay que desarrollar otras formas de liderazgo, porque con las que hay las mujeres no se sienten representadas. Y quieren vidas arm\u00f3nicas, no solo centradas en el trabajo, cosa que creo que ser\u00eda buena para hombres y mujeres\u201d, sostiene Mar\u00eda Iraburu, primera rectora de la Universidad de Navarra. Su instituci\u00f3n, privada, cuenta con dos programas de liderazgo femenino, uno para ciencias y otro para ciencias sociales. \u201cHacemos actividades. Encuentros con mujeres para que compartan sus vivencias, programas de <i>mentoring <\/i>[tutor\u00eda]&#8230; Hay que ir uno a uno a las personas que quieren comerse el mundo y preguntarles: \u00bfqu\u00e9 podemos hacer para ayudarte?\u201d.<\/p>\n<p class=\"\" style=\"text-align: justify;\">La CRUE pretende lanzar su propio programa de liderazgo y busca ahora financiaci\u00f3n para crear una plataforma digital. Se inspira en Akademe,<a href=\"https:\/\/elpais.com\/educacion\/2023-04-28\/la-universidad-del-pais-vasco-teje-una-exitosa-red-para-que-sus-mujeres-ocupen-cargos-altos.html\" target=\"_blank\" rel=\"noopener\" data-link-track-dtm=\"\"> un exitoso plan de la Universidad del Pa\u00eds Vasco<\/a>, y en Aurora, de las universidades anglosajonas. La idea es que lo cursen de forma presencial \u2014con actividad adem\u00e1s en la Red\u2015 investigadoras de todos los campus \u2015previa selecci\u00f3n\u2015 en plena progresi\u00f3n, que solo un 30% haya ejercido un puesto de gesti\u00f3n.<\/p>\n<p class=\"\" style=\"text-align: justify;\">El 16 de mayo fueron las elecciones en la Universidad de Granada y Aranda, su rectora los \u00faltimos ocho a\u00f1os y catedr\u00e1tica de fisiolog\u00eda, volver\u00e1 a su departamento. No quiere o\u00edr hablar de un cargo m\u00e1s. \u201cDesde que en 1975 fui delegada de alumnos, no he parado\u201d, cuenta antes de posar en la foto.<\/p>\n<p class=\"\" style=\"text-align: justify;\">\u00a0<\/p>\n<p>&nbsp;<\/p>\n<p><a class=\"a_md_a_n\" title=\"Ver todas las noticias de Elisa Sili\u00f3\" href=\"https:\/\/elpais.com\/autor\/elisa-silio\/#?rel=author_top\"><strong>Elisa Sili\u00f3<\/strong><\/a><\/p>\n<header class=\"a_e _g _g-xs\">\n<div class=\"a_e_m\">\n<figure class=\"a_m a_m-h \"><figcaption class=\"a_m_p\">FOTO: Veinte de las 23 rectoras de universidades espa\u00f1olas posan este lunes en la Universidad Polit\u00e9cnica de Valencia, donde se celebra el encuentro internacional Universia 2023.<span class=\"a_m_m\">M\u00f2nica Torres<\/span><\/figcaption><\/figure>\n<\/div>\n<\/header>\n<div class=\"a_md _g _g-xs \">\n<figure class=\"a_md_i a_m-h c_m--nf\"><span class=\"a_m_w _db\">\u00a0<\/span><\/figure>\n<div class=\"a_md_txt\">\n<div class=\"a_md_a\" data-dtm-region=\"articulo_firma\">\u00a0<\/div>\n<\/div>\n<\/div>\n","protected":false},"excerpt":{"rendered":"<p>El progreso femenino es imparable, pero todav\u00eda ocupan cargos de segundo escal\u00f3n de poder Uno&#8230;<\/p>\n","protected":false},"author":1,"featured_media":61765,"comment_status":"closed","ping_status":"closed","sticky":false,"template":"","format":"standard","meta":{"_coblocks_attr":"","_coblocks_dimensions":"","_coblocks_responsive_height":"","_coblocks_accordion_ie_support":"","jetpack_post_was_ever_published":false,"_jetpack_newsletter_access":"","_jetpack_dont_email_post_to_subs":false,"_jetpack_newsletter_tier_id":0,"_jetpack_memberships_contains_paywalled_content":false,"_jetpack_memberships_contains_paid_content":false,"footnotes":"","jetpack_publicize_message":"","jetpack_publicize_feature_enabled":true,"jetpack_social_post_already_shared":false,"jetpack_social_options":{"image_generator_settings":{"template":"highway","default_image_id":0,"enabled":false},"version":2}},"categories":[14,7721],"tags":[10402,10401],"class_list":["post-61764","post","type-post","status-publish","format-standard","has-post-thumbnail","hentry","category-feminismo","category-mujeres-que-cambiaron-la-historia","tag-puestos-de-responsabilidad","tag-rectoras"],"jetpack_publicize_connections":[],"jetpack_featured_media_url":"https:\/\/i0.wp.com\/miradordeatarfe.es\/wp-content\/uploads\/2023\/05\/rectoras.png?fit=1086%2C297&ssl=1","jetpack_likes_enabled":true,"jetpack_sharing_enabled":true,"_links":{"self":[{"href":"https:\/\/miradordeatarfe.es\/index.php?rest_route=\/wp\/v2\/posts\/61764","targetHints":{"allow":["GET"]}}],"collection":[{"href":"https:\/\/miradordeatarfe.es\/index.php?rest_route=\/wp\/v2\/posts"}],"about":[{"href":"https:\/\/miradordeatarfe.es\/index.php?rest_route=\/wp\/v2\/types\/post"}],"author":[{"embeddable":true,"href":"https:\/\/miradordeatarfe.es\/index.php?rest_route=\/wp\/v2\/users\/1"}],"replies":[{"embeddable":true,"href":"https:\/\/miradordeatarfe.es\/index.php?rest_route=%2Fwp%2Fv2%2Fcomments&post=61764"}],"version-history":[{"count":1,"href":"https:\/\/miradordeatarfe.es\/index.php?rest_route=\/wp\/v2\/posts\/61764\/revisions"}],"predecessor-version":[{"id":61766,"href":"https:\/\/miradordeatarfe.es\/index.php?rest_route=\/wp\/v2\/posts\/61764\/revisions\/61766"}],"wp:featuredmedia":[{"embeddable":true,"href":"https:\/\/miradordeatarfe.es\/index.php?rest_route=\/wp\/v2\/media\/61765"}],"wp:attachment":[{"href":"https:\/\/miradordeatarfe.es\/index.php?rest_route=%2Fwp%2Fv2%2Fmedia&parent=61764"}],"wp:term":[{"taxonomy":"category","embeddable":true,"href":"https:\/\/miradordeatarfe.es\/index.php?rest_route=%2Fwp%2Fv2%2Fcategories&post=61764"},{"taxonomy":"post_tag","embeddable":true,"href":"https:\/\/miradordeatarfe.es\/index.php?rest_route=%2Fwp%2Fv2%2Ftags&post=61764"}],"curies":[{"name":"wp","href":"https:\/\/api.w.org\/{rel}","templated":true}]}}