{"id":61767,"date":"2023-05-28T09:38:00","date_gmt":"2023-05-28T07:38:00","guid":{"rendered":"https:\/\/miradordeatarfe.es\/?p=61767"},"modified":"2023-05-25T19:37:21","modified_gmt":"2023-05-25T17:37:21","slug":"dar-otra-vuelta-a-la-carrera-que-se-escoge","status":"publish","type":"post","link":"https:\/\/miradordeatarfe.es\/?p=61767","title":{"rendered":"Dar otra vuelta a la carrera que se escoge"},"content":{"rendered":"<h3>EL PAIS public\u00f3 una informaci\u00f3n del primer bar\u00f3metro de la Fundaci\u00f3n Conocimiento y Desarrollo sobre la percepci\u00f3n de la universidad que ten\u00edan los espa\u00f1oles y los resultados invitan a reflexionar.<\/h3>\n<p style=\"text-align: justify;\">Aunque en su conjunto los encuestados valoran bien la universidad, al entrar en el detalle, <a href=\"http:\/\/t.info.elpais.com\/r\/?id=h64e6fc1e,ba9e238,4ad614b&amp;mid=DM195504&amp;bid=1692859422\" target=\"_blank\" rel=\"noopener\" data-saferedirecturl=\"https:\/\/www.google.com\/url?q=http:\/\/t.info.elpais.com\/r\/?id%3Dh64e6fc1e,ba9e238,4ad614b%26mid%3DDM195504%26bid%3D1692859422&amp;source=gmail&amp;ust=1685099293046000&amp;usg=AOvVaw1lSNbepvaMcgh6vOoHs1Kc\"> el 39% afirma que no renta ni en dinero ni en tiempo cursar una carrera<\/a>, aunque cualquier estudio resalta que formarse es una barrera contra la precariedad y para tener una mejor vida personal. \u00bfPor qu\u00e9 esta mala visi\u00f3n? El 70% de los entrevistados reprocha que es demasiado te\u00f3rica y poco pr\u00e1ctica, el 48% considera que no se adapta a las exigencias del mercado y para la mitad no ayuda a frenar la crisis clim\u00e1tica. Y esos \u00faltimos dos datos, ahora que estoy preparando un reportaje sobre el gran nicho de empleo que supone la transici\u00f3n a una econom\u00eda verde, me llevan a preguntarme: \u00bfno se amoldan las facultades a las necesidades de la empresa o son los alumnos los que no se decantan por esas titulaciones quiz\u00e1 por desconocimiento?<\/p>\n<p style=\"text-align: justify;\">El director de la escuela de Minas de la Universidad de Cantabria, Julio Manuel de Luis, me explicaba la pasada semana que su centro cuenta con 95 plazas en primero de dos grados en Recursos Energ\u00e9ticos y Recursos Mineros. Llenan 50 de ellas, cuando las empresas est\u00e1n muy interesadas en contratar a estos titulados. Las compa\u00f1\u00edas visitan la escuela, ven los perfiles de los estudiantes y les proponen en tercero y cuarto pr\u00e1cticas, que en muchos casos desembocan en contratos cuando titulan. Incluso las firmas se empiezan a interesar por los alumnos de segundo curso. Entonces, si un alumno busca luego encontrar un empleo \u2014m\u00e1s all\u00e1 de amueblar su cabeza\u2014, \u00bfno deber\u00eda plantearse otras opciones de carrera si las perspectivas son halag\u00fce\u00f1as? El Gobierno calcula que en una d\u00e9cada habr\u00e1 que crear m\u00e1s de 400.000 puestos de trabajo en ese sector (no solo para universitarios).<\/p>\n<p style=\"text-align: justify;\">Hace una d\u00e9cada los rectores de las universidades p\u00fablicas se llevaron las manos a la cabeza cuando el entonces ministro de Educaci\u00f3n Jos\u00e9 Ignacio Wert \u2014tras encargar un informe a un grupo de expertos\u2014 les propuso orientar m\u00e1s sus estudios a la empresa de cara a la empleabilidad. Los campus privados ya hab\u00edan hecho el viraje con titulaciones m\u00e1s adaptadas a las necesidades del mercado con excelentes resultados. Ahora cualquier universidad p\u00fablica hace esfuerzos por abrir c\u00e1tedras de investigaci\u00f3n con compa\u00f1\u00edas de prestigio, firma acuerdos de colaboraci\u00f3n o env\u00edan alumnos en pr\u00e1cticas. Algo falla en la orientaci\u00f3n, porque aunque uno debe estudiar lo que le gusta, tambi\u00e9n necesita conocer toda la oferta.<\/p>\n<p><strong>Elisa Sili\u00f3<\/strong><\/p>\n<p>FOTO: Campus de la Universidad Aut\u00f3noma de Barcelona en Bellaterra. \/ CRIST\u00d3BAL CASTRO<\/p>\n","protected":false},"excerpt":{"rendered":"<p>EL PAIS public\u00f3 una informaci\u00f3n del primer bar\u00f3metro de la Fundaci\u00f3n Conocimiento y Desarrollo sobre&#8230;<\/p>\n","protected":false},"author":1,"featured_media":61768,"comment_status":"closed","ping_status":"closed","sticky":false,"template":"","format":"standard","meta":{"_coblocks_attr":"","_coblocks_dimensions":"","_coblocks_responsive_height":"","_coblocks_accordion_ie_support":"","jetpack_post_was_ever_published":false,"_jetpack_newsletter_access":"","_jetpack_dont_email_post_to_subs":false,"_jetpack_newsletter_tier_id":0,"_jetpack_memberships_contains_paywalled_content":false,"_jetpack_memberships_contains_paid_content":false,"footnotes":"","jetpack_publicize_message":"","jetpack_publicize_feature_enabled":true,"jetpack_social_post_already_shared":false,"jetpack_social_options":{"image_generator_settings":{"template":"highway","default_image_id":0,"enabled":false},"version":2}},"categories":[1161,44,6937,15],"tags":[10404,10403],"class_list":["post-61767","post","type-post","status-publish","format-standard","has-post-thumbnail","hentry","category-ciudadania","category-noticias-de-hoy","category-sociedad","category-ultimas-noticias","tag-eleccion-de-carrera","tag-universdidades"],"jetpack_publicize_connections":[],"jetpack_featured_media_url":"https:\/\/i0.wp.com\/miradordeatarfe.es\/wp-content\/uploads\/2023\/05\/unnamed.jpg?fit=640%2C360&ssl=1","jetpack_likes_enabled":true,"jetpack_sharing_enabled":true,"_links":{"self":[{"href":"https:\/\/miradordeatarfe.es\/index.php?rest_route=\/wp\/v2\/posts\/61767","targetHints":{"allow":["GET"]}}],"collection":[{"href":"https:\/\/miradordeatarfe.es\/index.php?rest_route=\/wp\/v2\/posts"}],"about":[{"href":"https:\/\/miradordeatarfe.es\/index.php?rest_route=\/wp\/v2\/types\/post"}],"author":[{"embeddable":true,"href":"https:\/\/miradordeatarfe.es\/index.php?rest_route=\/wp\/v2\/users\/1"}],"replies":[{"embeddable":true,"href":"https:\/\/miradordeatarfe.es\/index.php?rest_route=%2Fwp%2Fv2%2Fcomments&post=61767"}],"version-history":[{"count":1,"href":"https:\/\/miradordeatarfe.es\/index.php?rest_route=\/wp\/v2\/posts\/61767\/revisions"}],"predecessor-version":[{"id":61769,"href":"https:\/\/miradordeatarfe.es\/index.php?rest_route=\/wp\/v2\/posts\/61767\/revisions\/61769"}],"wp:featuredmedia":[{"embeddable":true,"href":"https:\/\/miradordeatarfe.es\/index.php?rest_route=\/wp\/v2\/media\/61768"}],"wp:attachment":[{"href":"https:\/\/miradordeatarfe.es\/index.php?rest_route=%2Fwp%2Fv2%2Fmedia&parent=61767"}],"wp:term":[{"taxonomy":"category","embeddable":true,"href":"https:\/\/miradordeatarfe.es\/index.php?rest_route=%2Fwp%2Fv2%2Fcategories&post=61767"},{"taxonomy":"post_tag","embeddable":true,"href":"https:\/\/miradordeatarfe.es\/index.php?rest_route=%2Fwp%2Fv2%2Ftags&post=61767"}],"curies":[{"name":"wp","href":"https:\/\/api.w.org\/{rel}","templated":true}]}}