{"id":61770,"date":"2023-05-28T09:44:08","date_gmt":"2023-05-28T07:44:08","guid":{"rendered":"https:\/\/miradordeatarfe.es\/?p=61770"},"modified":"2023-10-20T10:07:17","modified_gmt":"2023-10-20T08:07:17","slug":"la-granadina-maria-perez-record-del-mundo-en-35-kilometros-marcha","status":"publish","type":"post","link":"https:\/\/miradordeatarfe.es\/?p=61770","title":{"rendered":"La granadina Mar\u00eda P\u00e9rez, r\u00e9cord del mundo en 35 kil\u00f3metros marcha"},"content":{"rendered":"<h3 style=\"text-align: justify;\">La marchadora de Orce Mar\u00eda P\u00e9rez establece un nuevo r\u00e9cord del mundo de 35 kil\u00f3metros marcha con un registro de 2:37:15 al ganar la prueba del Campeonato de Europa de Marcha de Selecciones que se disputa en Podebrady (Rep\u00fablica Checa). <\/h3>\n<div class=\"cuerpo\">\n<p style=\"text-align: justify;\">La gran atleta de Orce Mar\u00eda P\u00e9rez se convierte de esta manera en\u00a0la primera atleta espa\u00f1ola de la historia en lograr un primer r\u00e9cord con oficialidad de World Athletics\u00a0en una ma\u00f1ana donde la marchadora granadina ha brillado m\u00e1s que nunca sobre el asfalto del Spa Park, desplegando su mejor versi\u00f3n de siempre de principio a fin donde fue marcando todos los parciales por debajo de su anterior r\u00e9cord de Espa\u00f1a (2:39:16) y rematando en la parte final de la prueba con un parcial en el \u00faltimo tramo de kil\u00f3emtros descomunal donde ha fraguado principalmente el nuevo r\u00e9cord de mundo, pulverizando por\u00a0bajando en 29 segundos la anterior plusmarca que hab\u00eda logrado la peruana Kimberly Garc\u00eda el pasado 25 de marzo en Dudince (SVK) con 2:37:44.\u00a0\u00a0<\/p>\n<p class=\"sumari\" style=\"text-align: justify;\">La gran atleta de Orce Mar\u00eda P\u00e9rez se convierte de esta manera en la <strong>primera atleta espa\u00f1ola de la historia en lograr un primer r\u00e9cord del mundo<\/strong><\/p>\n<p style=\"text-align: justify;\">Los parciales de Mar\u00eda P\u00e9rez para una marca final de 2:37.15 que queda grabado con letras de oro en la historia del atletismo espa\u00f1ol han sido estos: 5km: 23:30 \u2013 10km: 46:17 \u2013 15km: 1:08:52 \u2013 20km: 1:30:59 \u2013 25km: 1:53:06 \u2013 30km:\u00a02:15.22, \u00e9sta \u00faltima supone una nueva mejor marca europea de la distancia, mejorando la que ella misma pose\u00eda con 2:17:22 desde el pasado a\u00f1o, informa la Federaci\u00f3n Espa\u00f1ola de Atletismo.<\/p>\n<p style=\"text-align: justify;\">La exhibici\u00f3n de nueva plusmarquista mundial dio alas al resto del equipo espa\u00f1ol que desde el disparo de salida sali\u00f3 decidi\u00f3 a lograr el t\u00edtulo por equipos, pues tanto\u00a0Raquel Gonz\u00e1lez\u00a0como\u00a0Cristina Montesinos\u00a0se fueron alternando siempre la segunda y tercera plaza, compitiendo igualmente ambas a un ritmo trepidante donde fueron dejando cada vez m\u00e1s lejos a sus rivales y que nunca vieron peligrar estas dos plazas de privilegio que a la postre han completado un\u00a0triplete hist\u00f3rico individual en esta competici\u00f3n\u00a0con la subcampeona de Europa de la distancia Raquel Gonz\u00e1lez segunda con 2:45:42 y Cristina Montesinos tercera 2:45:58 y nueva marca personal que la mantiene como cuarta espa\u00f1ola de todos los tiempos.<\/p>\n<p style=\"text-align: justify;\">Cerr\u00f3 la actuaci\u00f3n espa\u00f1ola Paula Ju\u00e1rez, debutante absoluta en esta competici\u00f3n, que complet\u00f3 una soberbia actuaci\u00f3n con una novena plaza y mejorando de largo su marca personal (2:55:14).<\/p>\n<p style=\"text-align: justify;\">El remate final a esta gran actuaci\u00f3n colectiva,\u00a0la mejor de la historia de la marcha femenina espa\u00f1ola en cualquier distancia, es la consecuci\u00f3n del\u00a0t\u00edtulo de campeonas de Europa\u00a0con pleno total de puntos (6), claramente por delante de Italia (25) y Ucrania (30).<\/p>\n<p style=\"text-align: justify;\">En la prueba masculina,\u00a0Espa\u00f1aAtletismo\u00a0igualmente se ha proclamado\u00a0Campe\u00f3n de Europa por equipos\u00a0donde el equipo ha rayado a una gran altura, destacando sobremanera la actuaci\u00f3n del extreme\u00f1o y actual campe\u00f3n de Europa\u00a0\u00c1lvaro Mart\u00edn,\u00a0que en otra carrera en solitario ha dado una exhibici\u00f3n para imponerse en la meta con amplia ventaja y una marca de\u00a02:25:35\u00a0que suponen un nuevo\u00a0r\u00e9cord de Espa\u00f1a\u00a0que mejoran los 2:25:58 que ten\u00eda Miguel \u00c1ngel L\u00f3pez desde el Mundial de Oreg\u00f3n del pasado a\u00f1o.<\/p>\n<p style=\"text-align: justify;\">El ahora plusmarquista espa\u00f1ol fue marcando tiempos de paso casi siempre por debajo del r\u00e9cord anterior: 20:43 \u2013 41:27 \u2013 1:02:10 \u2013 1:22:56 \u2013 1:43.41 y\u00a02:04:30, \u00e9ste al paso los 30 kms\u00a0que tambi\u00e9n, al igual que en mujeres, suponen una\u00a0mejor marca espa\u00f1ola\u00a0de la distancia anterior 2:04.38 del citado L\u00f3pez).<\/p>\n<p style=\"text-align: justify;\">El murciano\u00a0Miguel \u00c1ngel L\u00f3pez, que cuaj\u00f3 otra gran actuaci\u00f3n, en la que era su novena participaci\u00f3n en esta competici\u00f3n en la acumulaba ya una victoria y dos segundos puestos en 20km marcha, ha sido en la distancia superior donde ha sumado un nuevo podio con una brillante tercera plaza (2:27:33).<\/p>\n<p style=\"text-align: justify;\">El tercer y \u00faltimo marchadora en puntuar ha sido el ibicenco\u00a0Marc Tur,\u00a0que ha sabido aguantar y sufrir hasta el final para defender la novena plaza final (2:32.06) que ha dado el oro por equipos a Espa\u00f1a (12 puntos) con amplio margen sobre Italia (23) y Alemania (33), completando la actuaci\u00f3n espa\u00f1ola el tambi\u00e9n murciano\u00a0Manuel Berm\u00fadez, decimoquinto (2:35:46).<\/p>\n<\/div>\n<p><strong> <span class=\"autor\"> IndeGranada\u00a0<\/span><\/strong><\/p>\n<p>FOTO: RFEA Mar\u00eda P\u00e9rez, al entrar en la meta ycon la bandera espa\u00f1ola<\/p>\n<p>http:\/\/www.elindependientedegranada.es\/deportes\/granadina-maria-perez-record-mundo-35-kilometros-marcha<\/p>\n<div class=\"pie\">\u00a0<\/div>\n","protected":false},"excerpt":{"rendered":"<p>La marchadora de Orce Mar\u00eda P\u00e9rez establece un nuevo r\u00e9cord del mundo de 35 kil\u00f3metros&#8230;<\/p>\n","protected":false},"author":1,"featured_media":61771,"comment_status":"closed","ping_status":"closed","sticky":false,"template":"","format":"standard","meta":{"_coblocks_attr":"","_coblocks_dimensions":"","_coblocks_responsive_height":"","_coblocks_accordion_ie_support":"","jetpack_post_was_ever_published":false,"_jetpack_newsletter_access":"","_jetpack_dont_email_post_to_subs":false,"_jetpack_newsletter_tier_id":0,"_jetpack_memberships_contains_paywalled_content":false,"_jetpack_memberships_contains_paid_content":false,"footnotes":"","jetpack_publicize_message":"","jetpack_publicize_feature_enabled":true,"jetpack_social_post_already_shared":false,"jetpack_social_options":{"image_generator_settings":{"template":"highway","default_image_id":0,"enabled":false},"version":2}},"categories":[1161,14,7721],"tags":[7697,6567,10406,10405],"class_list":["post-61770","post","type-post","status-publish","format-standard","has-post-thumbnail","hentry","category-ciudadania","category-feminismo","category-mujeres-que-cambiaron-la-historia","tag-atleta","tag-granadina","tag-maria-perez","tag-record-mundial"],"jetpack_publicize_connections":[],"jetpack_featured_media_url":"https:\/\/i0.wp.com\/miradordeatarfe.es\/wp-content\/uploads\/2023\/05\/MARCHA.jpg?fit=648%2C438&ssl=1","jetpack_likes_enabled":true,"jetpack_sharing_enabled":true,"_links":{"self":[{"href":"https:\/\/miradordeatarfe.es\/index.php?rest_route=\/wp\/v2\/posts\/61770","targetHints":{"allow":["GET"]}}],"collection":[{"href":"https:\/\/miradordeatarfe.es\/index.php?rest_route=\/wp\/v2\/posts"}],"about":[{"href":"https:\/\/miradordeatarfe.es\/index.php?rest_route=\/wp\/v2\/types\/post"}],"author":[{"embeddable":true,"href":"https:\/\/miradordeatarfe.es\/index.php?rest_route=\/wp\/v2\/users\/1"}],"replies":[{"embeddable":true,"href":"https:\/\/miradordeatarfe.es\/index.php?rest_route=%2Fwp%2Fv2%2Fcomments&post=61770"}],"version-history":[{"count":1,"href":"https:\/\/miradordeatarfe.es\/index.php?rest_route=\/wp\/v2\/posts\/61770\/revisions"}],"predecessor-version":[{"id":61772,"href":"https:\/\/miradordeatarfe.es\/index.php?rest_route=\/wp\/v2\/posts\/61770\/revisions\/61772"}],"wp:featuredmedia":[{"embeddable":true,"href":"https:\/\/miradordeatarfe.es\/index.php?rest_route=\/wp\/v2\/media\/61771"}],"wp:attachment":[{"href":"https:\/\/miradordeatarfe.es\/index.php?rest_route=%2Fwp%2Fv2%2Fmedia&parent=61770"}],"wp:term":[{"taxonomy":"category","embeddable":true,"href":"https:\/\/miradordeatarfe.es\/index.php?rest_route=%2Fwp%2Fv2%2Fcategories&post=61770"},{"taxonomy":"post_tag","embeddable":true,"href":"https:\/\/miradordeatarfe.es\/index.php?rest_route=%2Fwp%2Fv2%2Ftags&post=61770"}],"curies":[{"name":"wp","href":"https:\/\/api.w.org\/{rel}","templated":true}]}}