{"id":61782,"date":"2023-05-25T19:50:14","date_gmt":"2023-05-25T17:50:14","guid":{"rendered":"https:\/\/miradordeatarfe.es\/?p=61782"},"modified":"2023-10-23T13:52:52","modified_gmt":"2023-10-23T11:52:52","slug":"granada-conmemora-el-dia-de-mariana-pineda-este-viernes-con-una-programacion-especial","status":"publish","type":"post","link":"https:\/\/miradordeatarfe.es\/?p=61782","title":{"rendered":"Granada conmemora el D\u00eda de Mariana Pineda este viernes con una programaci\u00f3n especial"},"content":{"rendered":"<header class=\"single-new-header\">\n<h3 class=\"single-subtitle\" style=\"text-align: justify;\">Por la ma\u00f1ana habr\u00e1 una ofrenda floral en la tumba de la hero\u00edna y por la tarde, la corporaci\u00f3n municipal saldr\u00e1 en procesi\u00f3n bajo mazas hasta la plaza que lleva su nombre<\/h3>\n<section>\n<div class=\"container\">\n<div class=\"row publi-border\">\n<div class=\"col-md-12 publicidad-item\">\n<div id=\"single-2\" class=\"publi-content\">\n<div class=\"code-block code-block-center code-block-59\"><ins id=\"revive-0-0\" data-revive-zoneid=\"35\" data-revive-id=\"3675e576db6d1cc6cb6554b6e5954dc7\" data-revive-seq=\"0\" data-revive-loaded=\"1\"><\/p>\n<div id=\"beacon_c53262c665\"><img loading=\"lazy\" decoding=\"async\" src=\"https:\/\/granadadigitaladserver.granadadigital.es\/www\/delivery\/lg.php?bannerid=3516&amp;campaignid=2212&amp;zoneid=35&amp;loc=https%3A%2F%2Fwww.granadadigital.es%2Fgranada-conmemora-dia-mariana-pineda-programacion-especial%2F&amp;referer=https%3A%2F%2Fwww.granadadigital.es%2F&amp;cb=c53262c665\" alt=\"\" width=\"0\" height=\"0\" \/>El Ayuntamiento de Granada celebra este 26 de mayo el homenaje de la ciudad a <strong>Mariana Pineda<\/strong> con una amplia programaci\u00f3n que se iniciar\u00e1 a las 10:00 horas con el tradicional acto institucional protagonizado por una representaci\u00f3n institucional y del Consejo Municipal de la Mujer en la Catedral, donde realizar\u00e1n una <strong>ofrenda floral en la tumba de la hero\u00edna<\/strong> situada en la cripta del conjunto catedralicio.<\/div>\n<p><\/ins><\/div>\n<\/div>\n<\/div>\n<\/div>\n<\/div>\n<\/section>\n<\/header>\n<div class=\"single-new-content\" style=\"text-align: justify;\">\n<p>La corporaci\u00f3n municipal, a su vez, est\u00e1 citada a las 19:45 horas en la plaza del Carmen, desde donde saldr\u00e1 en procesi\u00f3n bajo mazas hasta la plaza Mariana Pineda donde, alrededor de las 20:00 horas, se proceder\u00e1 a rendir <strong>homenaje a la hero\u00edna granadina<\/strong> con una ofrenda floral. Finalizado el acto, la Banda de M\u00fasica Municipal interpretar\u00e1 varias piezas musicales.<\/p>\n<p>Se prev\u00e9, adem\u00e1s, que a lo largo del d\u00eda se lleve a cabo una acci\u00f3n de arte ef\u00edmero con frases referidas a la vida y figura de <strong>Mariana Pineda<\/strong>, que ser\u00e1n expuestas en diversos espacios de la ciudad. Los actos conmemorativos programados incluyen <strong>la instalaci\u00f3n de cinco placas de metacrilato con un c\u00f3digo QR relacionadas con lugares vinculados a la vida de la hero\u00edna liberal,<\/strong> como son el beaterio de Santa Mar\u00eda Egipciaca, en calle Recogidas; el cementerio de Arningol, en avenida de Madrid, 41; y las plazas de la Libertad, avenida Capit\u00e1n Moreno; Santa Ana, plaza Nueva, y Mariana Pineda.<\/p>\n<p>Asimismo, se va a celebrar un <strong>taller cuenta cuentos en la Biblioteca Francisco Ayala<\/strong>, en plaza de la H\u00edpica, que bajo el t\u00edtulo &#8216;\u00bfConoces a Mariana Pineda?&#8217; se enmarca dentro de las actividades organizadas por el Ayuntamiento para divulgar entre los escolares la figura de la hero\u00edna granadina.<\/p>\n<p>Los actos conmemorativos previstos para este viernes con motivo de la celebraci\u00f3n del <strong>D\u00eda de Mariana Pineda<\/strong> servir\u00e1n para clausurar el programa de actividades \u2018Mayo, el mes de Mariana Pineda\u2019 organizado por el Ayuntamiento de Granada con motivo del <strong>192 aniversario de la ejecuci\u00f3n de la hero\u00edna liberal,<\/strong> que en esta ocasi\u00f3n y por primera vez se han prolongado durante todo el mes.<\/p>\n<p>En esta edici\u00f3n, la ciudad ha querido celebrar \u201cde forma muy especial, la conmemoraci\u00f3n del veinte aniversario de la inauguraci\u00f3n del Centro Europeo de Mujeres \u2018Mariana Pineda\u2019, en la que fue la \u00faltima casa donde residi\u00f3 en la calle \u00c1guila, n\u00famero 19, antes de ser apresada por sus ideas liberales\u201d.<\/p>\n<p><span class=\"single-new-author\">Gabinete DE GRANADA DIGITAL<br \/>\n<\/span><\/p>\n<\/div>\n<div id=\"articolo-scrollevo\" data-firstevosend=\"0\" data-evosend=\"1\">\n<div class=\"evo-articolo-spons evostep\" data-evosend=\"1\" data-evolink=\"https:\/\/www.granadadigital.es\/granada-unida-plataforma-la-gran-granada-unen-fuerzas\/\" data-evotitle=\"Granada Unida y la plataforma 'La Gran Granada' unen sus fuerzas\" data-scrollama-index=\"0\">\n<div class=\"evo-articolo-spons-text\">\n<div class=\"single-new-img\" style=\"text-align: justify;\">\n<figure><figcaption class=\"caption wp-caption-text\">FOTO: Celebraci\u00f3n de la procesi\u00f3n de la corporaci\u00f3n municipal bajo mazas con motivo del D\u00eda de Mariana Pineda | Foto: Archivo GD<\/p>\n<p>http:\/\/www.elindependientedegranada.es\/economia\/nuevo-elemento-anadir-derivada-integracion-ferrocarril-granada<\/figcaption><\/figure>\n<\/div>\n<div class=\"row single-new-content\">\n<div class=\"col-md-8 content-left\">\n<div class=\"single-new-header-meta text-muted\">\n<div class=\"single-new-date-author\" style=\"text-align: justify;\">\u00a0<\/div>\n<\/div>\n<\/div>\n<\/div>\n<\/div>\n<\/div>\n<\/div>\n","protected":false},"excerpt":{"rendered":"<p>Por la ma\u00f1ana habr\u00e1 una ofrenda floral en la tumba de la hero\u00edna y por&#8230;<\/p>\n","protected":false},"author":1,"featured_media":61783,"comment_status":"closed","ping_status":"closed","sticky":false,"template":"","format":"standard","meta":{"_coblocks_attr":"","_coblocks_dimensions":"","_coblocks_responsive_height":"","_coblocks_accordion_ie_support":"","jetpack_post_was_ever_published":false,"_jetpack_newsletter_access":"","_jetpack_dont_email_post_to_subs":false,"_jetpack_newsletter_tier_id":0,"_jetpack_memberships_contains_paywalled_content":false,"_jetpack_memberships_contains_paid_content":false,"footnotes":"","jetpack_publicize_message":"","jetpack_publicize_feature_enabled":true,"jetpack_social_post_already_shared":false,"jetpack_social_options":{"image_generator_settings":{"template":"highway","default_image_id":0,"enabled":false},"version":2}},"categories":[1161,14,10781],"tags":[10407],"class_list":["post-61782","post","type-post","status-publish","format-standard","has-post-thumbnail","hentry","category-ciudadania","category-feminismo","category-granada","tag-dia-de-mariana-pineda"],"jetpack_publicize_connections":[],"jetpack_featured_media_url":"https:\/\/i0.wp.com\/miradordeatarfe.es\/wp-content\/uploads\/2023\/05\/Dia-de-Mariana-Pineda-2-1010x902-1.jpeg?fit=1010%2C902&ssl=1","jetpack_likes_enabled":true,"jetpack_sharing_enabled":true,"_links":{"self":[{"href":"https:\/\/miradordeatarfe.es\/index.php?rest_route=\/wp\/v2\/posts\/61782","targetHints":{"allow":["GET"]}}],"collection":[{"href":"https:\/\/miradordeatarfe.es\/index.php?rest_route=\/wp\/v2\/posts"}],"about":[{"href":"https:\/\/miradordeatarfe.es\/index.php?rest_route=\/wp\/v2\/types\/post"}],"author":[{"embeddable":true,"href":"https:\/\/miradordeatarfe.es\/index.php?rest_route=\/wp\/v2\/users\/1"}],"replies":[{"embeddable":true,"href":"https:\/\/miradordeatarfe.es\/index.php?rest_route=%2Fwp%2Fv2%2Fcomments&post=61782"}],"version-history":[{"count":1,"href":"https:\/\/miradordeatarfe.es\/index.php?rest_route=\/wp\/v2\/posts\/61782\/revisions"}],"predecessor-version":[{"id":61784,"href":"https:\/\/miradordeatarfe.es\/index.php?rest_route=\/wp\/v2\/posts\/61782\/revisions\/61784"}],"wp:featuredmedia":[{"embeddable":true,"href":"https:\/\/miradordeatarfe.es\/index.php?rest_route=\/wp\/v2\/media\/61783"}],"wp:attachment":[{"href":"https:\/\/miradordeatarfe.es\/index.php?rest_route=%2Fwp%2Fv2%2Fmedia&parent=61782"}],"wp:term":[{"taxonomy":"category","embeddable":true,"href":"https:\/\/miradordeatarfe.es\/index.php?rest_route=%2Fwp%2Fv2%2Fcategories&post=61782"},{"taxonomy":"post_tag","embeddable":true,"href":"https:\/\/miradordeatarfe.es\/index.php?rest_route=%2Fwp%2Fv2%2Ftags&post=61782"}],"curies":[{"name":"wp","href":"https:\/\/api.w.org\/{rel}","templated":true}]}}