{"id":61785,"date":"2023-05-28T10:57:51","date_gmt":"2023-05-28T08:57:51","guid":{"rendered":"https:\/\/miradordeatarfe.es\/?p=61785"},"modified":"2023-05-25T21:24:18","modified_gmt":"2023-05-25T19:24:18","slug":"se-cierra-el-acuerdo-para-la-creacion-de-la-mayor-comunidad-energetica-de-espana","status":"publish","type":"post","link":"https:\/\/miradordeatarfe.es\/?p=61785","title":{"rendered":"Se cierra el acuerdo para la creaci\u00f3n de la mayor Comunidad Energ\u00e9tica de Espa\u00f1a"},"content":{"rendered":"<header class=\"single-new-header\">\n<h3 class=\"single-subtitle\" style=\"text-align: justify;\">Fermasa y Vergy cierran un acuerdo para poner en marcha este proyecto que podr\u00e1 abastecer de energ\u00eda limpia a 258 hogares<\/h3>\n<\/header>\n<p style=\"text-align: justify;\">La Comunidad Energ\u00e9tica centralizada m\u00e1s grande de Espa\u00f1a, hasta la fecha, se instalar\u00e1 en la cubierta de la Feria de Muestras de Armilla (Fermasa) y contar\u00e1 con un total de 577,50 kWp a repartir entre todos sus integrantes. As\u00ed lo confirma el cierre del acuerdo entre Fermasa y Vergy, compa\u00f1\u00eda especializada en el desarrollo y puesta en marcha de Comunidades Energ\u00e9ticas.<\/p>\n<p style=\"text-align: justify;\">De la colaboraci\u00f3n entre ambas empresas, surgir\u00e1 la futura <strong>Comunidad Energ\u00e9tica Fermasa<\/strong>, un proyecto pionero que contar\u00e1 con la participaci\u00f3n y la colaboraci\u00f3n del sector p\u00fablico y privado para lograr un mayor impacto econ\u00f3mico, social y medioambiental en Granada.<\/p>\n<p style=\"text-align: justify;\">La Comunidad estar\u00e1 ubicada en Armilla y ya cuenta con dos grandes facilitadores: el Ayuntamiento del municipio, desde el sector p\u00fablico, y Fermasa, desde el sector privado. El primero est\u00e1 volcado en su construcci\u00f3n y es uno de los interesados en formar parte como consumidor para participar con los suministros p\u00fablicos de la zona y obtener un ahorro considerable. El segundo pondr\u00e1 su cubierta a disposici\u00f3n de Vergy para realizar la instalaci\u00f3n y participar como usuario generador.<ins id=\"revive-0-1\" data-revive-zoneid=\"19\" data-revive-id=\"3675e576db6d1cc6cb6554b6e5954dc7\" data-revive-seq=\"1\" data-revive-loaded=\"1\"><\/ins><\/p>\n<p style=\"text-align: justify;\">Para <strong>Manuel Hern\u00e1ndez<\/strong>, CEO de Vergy, la puesta en marcha de esta Comunidad Energ\u00e9tica solo ser\u00e1 el primer reto. \u201cTras su instalaci\u00f3n seguiremos construyendo servicios en torno a la Comunidad, como el poder intercambiar energ\u00eda entre los miembros, sumar otros sistemas de generaci\u00f3n o la implantaci\u00f3n de sistemas de almacenamiento\u201d, mantiene.<\/p>\n<h3 style=\"text-align: justify;\"><strong>La Comunidad Energ\u00e9tica Fermasa<\/strong><\/h3>\n<p style=\"text-align: justify;\">Las conversaciones sobre el proyecto surgieron de la necesidad de Fermasa de reducir su factura de la luz, especialmente los meses de diciembre y enero, periodos en los que tienen mayor demanda. Sin embargo, muy pronto se plante\u00f3 la oportunidad de implantar un producto local con grandes beneficios para los vecinos y comercios de Granada: la nueva Comunidad Energ\u00e9tica Fermasa.<\/p>\n<p style=\"text-align: justify;\">Gracias a la amplia superficie de la cubierta de Fermasa, el recinto ferial podr\u00e1 satisfacer sus necesidades energ\u00e9ticas y, al mismo tiempo, ceder parte de su tejado para la creaci\u00f3n de esta Comunidad Energ\u00e9tica.<\/p>\n<p style=\"text-align: justify;\">En compensaci\u00f3n por el espacio cedido, Fermasa, como usuario generador, recibir\u00e1 parte de la potencia instalada de forma gratuita, con el mantenimiento preventivo y correctivo incluido durante 25 a\u00f1os. Gracias al cierre de este acuerdo, la Feria de Muestras podr\u00e1 obtener una tasa de autoconsumo del 80% y un ahorro anual de m\u00e1s de 19.000 euros. Un ahorro que se espera ir incrementando a lo largo de estos 25 a\u00f1os con los nuevos servicios que habilite la Comunidad Energ\u00e9tica.<\/p>\n<p style=\"text-align: justify;\">Con un total de 577,50 kWp, la futura Comunidad Energ\u00e9tica Fermasa podr\u00e1 abastecer de energ\u00eda limpia a 258 hogares y peque\u00f1os comercios, que podr\u00e1n conectarse de forma virtual, a trav\u00e9s de la opci\u00f3n de compra o alquiler de las Box de Vergy.<\/p>\n<p style=\"text-align: justify;\">\u00abCon la materializaci\u00f3n de este proyecto, podremos ofrecer a los vecinos y comercios de Granada y Armilla la posibilidad de acceder a los beneficios de la energ\u00eda renovable sin necesidad de instalar paneles solares en sus propios tejados\u00bb, explica Dolores Ca\u00f1avate, presidenta de Fermasa.<\/p>\n<p style=\"text-align: justify;\">Para Manuel Hern\u00e1ndez, CEO de Vergy, \u201cel objetivo de esta Comunidad Energ\u00e9tica no es solo conectar a usuarios para que disfruten del ahorro y del consumo de energ\u00eda limpia de forma m\u00e1s sencilla a corto y a largo plazo, sino que, de forma conjunta, puedan contribuir a que el entorno local en el que se desarrolla se vea beneficiado en aspectos sociales y medioambientales muy importantes en la actualidad\u201d.<\/p>\n<p style=\"text-align: justify;\">\u201cEn Vergy, creemos en que se pueden hacer cosas con gran impacto, con la sencillez que necesitan los usuarios. Este proyecto es un reflejo de ello\u201d, a\u00f1ade Hern\u00e1nez. \u201cDonde otros se quedan en impulsar Comunidades Energ\u00e9ticas con instalaciones de 100 kWp, Vergy ve una oportunidad para eliminar barreras y llevar energ\u00eda limpia a todo Granada\u201d, afirma.<\/p>\n<h3 style=\"text-align: justify;\"><strong>Granada, + sostenible<\/strong><\/h3>\n<p style=\"text-align: justify;\">\u201cColaborar con empresas como Fermasa nos ayuda a llegar a los vecinos y comercios de la zona. La Feria de Muestras de Armilla lleva m\u00e1s de 40 a\u00f1os apoyando al sector empresarial y cultural en Granada, y este proyecto es buena muestra de su voluntad de contribuir y de su compromiso con el entorno\u201d, mantiene Hern\u00e1ndez.<\/p>\n<p style=\"text-align: justify;\">Gracias a la participaci\u00f3n de Fermasa, el proyecto podr\u00e1 alcanzar, tanto al peque\u00f1o comercio, como a los centros m\u00e1s representativos de Granada, como el Centro comercial Nevada Shopping, el campo de f\u00fatbol del Granada, el Palacio de Deportes, el Palacio de Congresos, el Parque Tecnol\u00f3gico de la Salud o el Parque de las Ciencias.<\/p>\n<p style=\"text-align: justify;\">Y es que, aunque ser\u00e1 la mayor Comunidad Energ\u00e9tica en Espa\u00f1a hasta la fecha, se espera que la alta demanda de la zona impulse la creaci\u00f3n de nuevos proyectos en Granada.<\/p>\n<p style=\"text-align: justify;\">GABINETE GRANADA DIGITAL<\/p>\n<section>\n<div class=\"single-new-img\">\n<figure style=\"text-align: justify;\"><figcaption class=\"caption wp-caption-text\">FOTO: Simulaci\u00f3n de la ubicaci\u00f3n de las placas en la cubierta de los edificios | Foto: Gabinete<\/figcaption><\/figure>\n<\/div>\n<div class=\"row single-new-content\">\n<div class=\"col-md-8 content-left\">\n<div class=\"single-new-header-meta text-muted\">\u00a0<\/div>\n<div class=\"single-new-content\">\n<div class=\"shareaholic-canvas\" data-app=\"share_buttons\" data-app-id-name=\"post_above_content\">https:\/\/www.granadadigital.es\/cierra-acuerdo-creacion-mayor-comunidad-energetica-espana\/<\/div>\n<section>\n<div class=\"container\">\n<div class=\"row publicidad\">\n<div class=\"col-md-12 publicidad-item\">\u00a0<\/div>\n<\/div>\n<\/div>\n<\/section>\n<\/div>\n<\/div>\n<\/div>\n<\/section>\n<p>&nbsp;<\/p>\n","protected":false},"excerpt":{"rendered":"<p>Fermasa y Vergy cierran un acuerdo para poner en marcha este proyecto que podr\u00e1 abastecer&#8230;<\/p>\n","protected":false},"author":1,"featured_media":61792,"comment_status":"closed","ping_status":"closed","sticky":false,"template":"","format":"standard","meta":{"_coblocks_attr":"","_coblocks_dimensions":"","_coblocks_responsive_height":"","_coblocks_accordion_ie_support":"","jetpack_post_was_ever_published":false,"_jetpack_newsletter_access":"","_jetpack_dont_email_post_to_subs":false,"_jetpack_newsletter_tier_id":0,"_jetpack_memberships_contains_paywalled_content":false,"_jetpack_memberships_contains_paid_content":false,"footnotes":"","jetpack_publicize_message":"","jetpack_publicize_feature_enabled":true,"jetpack_social_post_already_shared":false,"jetpack_social_options":{"image_generator_settings":{"template":"highway","default_image_id":0,"enabled":false},"version":2}},"categories":[7725,1161,44,6937,6920,15],"tags":[8547],"class_list":["post-61785","post","type-post","status-publish","format-standard","has-post-thumbnail","hentry","category-atarfe-sostenible","category-ciudadania","category-noticias-de-hoy","category-sociedad","category-tecnologia","category-ultimas-noticias","tag-comunidad-energetica"],"jetpack_publicize_connections":[],"jetpack_featured_media_url":"https:\/\/i0.wp.com\/miradordeatarfe.es\/wp-content\/uploads\/2023\/05\/Comunidad-energetica-Fermasa-1010x673-1.webp?fit=1010%2C673&ssl=1","jetpack_likes_enabled":true,"jetpack_sharing_enabled":true,"_links":{"self":[{"href":"https:\/\/miradordeatarfe.es\/index.php?rest_route=\/wp\/v2\/posts\/61785","targetHints":{"allow":["GET"]}}],"collection":[{"href":"https:\/\/miradordeatarfe.es\/index.php?rest_route=\/wp\/v2\/posts"}],"about":[{"href":"https:\/\/miradordeatarfe.es\/index.php?rest_route=\/wp\/v2\/types\/post"}],"author":[{"embeddable":true,"href":"https:\/\/miradordeatarfe.es\/index.php?rest_route=\/wp\/v2\/users\/1"}],"replies":[{"embeddable":true,"href":"https:\/\/miradordeatarfe.es\/index.php?rest_route=%2Fwp%2Fv2%2Fcomments&post=61785"}],"version-history":[{"count":1,"href":"https:\/\/miradordeatarfe.es\/index.php?rest_route=\/wp\/v2\/posts\/61785\/revisions"}],"predecessor-version":[{"id":61786,"href":"https:\/\/miradordeatarfe.es\/index.php?rest_route=\/wp\/v2\/posts\/61785\/revisions\/61786"}],"wp:featuredmedia":[{"embeddable":true,"href":"https:\/\/miradordeatarfe.es\/index.php?rest_route=\/wp\/v2\/media\/61792"}],"wp:attachment":[{"href":"https:\/\/miradordeatarfe.es\/index.php?rest_route=%2Fwp%2Fv2%2Fmedia&parent=61785"}],"wp:term":[{"taxonomy":"category","embeddable":true,"href":"https:\/\/miradordeatarfe.es\/index.php?rest_route=%2Fwp%2Fv2%2Fcategories&post=61785"},{"taxonomy":"post_tag","embeddable":true,"href":"https:\/\/miradordeatarfe.es\/index.php?rest_route=%2Fwp%2Fv2%2Ftags&post=61785"}],"curies":[{"name":"wp","href":"https:\/\/api.w.org\/{rel}","templated":true}]}}