{"id":61787,"date":"2023-05-29T10:34:47","date_gmt":"2023-05-29T08:34:47","guid":{"rendered":"https:\/\/miradordeatarfe.es\/?p=61787"},"modified":"2023-05-29T10:36:30","modified_gmt":"2023-05-29T08:36:30","slug":"atarfe-resultados-de-las-elecciones-municipales","status":"publish","type":"post","link":"https:\/\/miradordeatarfe.es\/?p=61787","title":{"rendered":"ATARFE: RESULTADOS DE LAS ELECCIONES MUNICIPALES"},"content":{"rendered":"<h3 style=\"text-align: justify;\">Atarfe tendr\u00e1 una mujer como Alcaldesa en estos pr\u00f3ximos cuatro a\u00f1os al ser la lista m\u00e1s votada<\/h3>\n<p style=\"text-align: justify;\"><span class=\"paywall\">En Atarfe en PSOE de Yolanda Fern\u00e1ndez est\u00e1 en disposici\u00f3n de gobernar tras lograr siete concejales en estas municipales del 28M. Necesita m\u00e1s apoyos que le haga desarrollar una legislatura sin sobresaltos y con acuerdos . Concretamente el de los dos representantes de Izquierda Unida para la Gente. El popular Antonio D\u00edaz, que tuvo opciones durante buena parte de la noche de ayer, ha obtenido seis ediles, tres m\u00e1s que en 2019, pero en principio se tendr\u00e1 que conformar con ser de nuevo\u00a0 portavoz en la oposici\u00f3n. Vox alcanza dos y\u00a0 el bloque de Podemos y Adelante Andalucia , de nuevo no consiguen representaci\u00f3n en el Ayuntamiento. <strong>El bloque de izquierdas tendr\u00eda nueve y el de derechas, ocho.<\/strong><\/span><\/p>\n<p style=\"text-align: justify;\">La tromba de agua y granizo impidi\u00f3 que mucha gente durante<strong> 1 hora y media antes de cerrar las urnas no pudiera ejercer su derecho a voto<\/strong> ya que\u00a0 incluso tuvieron\u00a0 que dedicarse a limpiar sus casas anegadas. Eso ha hecho que la abstenci\u00f3n subiera tres puntos en detrimento de todos los partidos.<\/p>\n<p style=\"text-align: justify;\">Con las elecciones municipales celebradas ayer, debemos ser conscientes de la importancia de lo emitido por nuestro voto y de lo que estaba en juego. Hemos elegido a quienes gobernar\u00e1n nuestras ciudad durante los pr\u00f3ximos cuatro a\u00f1os. Atarfe ha votado y quiere que el gobierno que dirija nuestro Ayuntamiento sea mayoritariamente de izquierdas y que una mujer por primera vez en la historia democr\u00e1tica de Atarfe sea una mujer: <strong>Yolanda Fern\u00e1ndez Morales<\/strong><\/p>\n<p style=\"text-align: justify;\"><span class=\"paywall\">\u00a0<\/span><span dir=\"ltr\" role=\"presentation\">Si en alg\u00fan \u00e1mbito la democracia participativa cumple con mayor claridad sus <\/span><span dir=\"ltr\" role=\"presentation\">objetivos este es el \u00e1mbito local. Gracias a la gran cercan\u00eda existente con los <\/span><span dir=\"ltr\" role=\"presentation\">ciudadanos en el \u00e1mbito local y gracias a las relaciones m\u00e1s personales que <\/span><span dir=\"ltr\" role=\"presentation\">pueden<\/span> <span dir=\"ltr\" role=\"presentation\">establecerse<\/span> <span dir=\"ltr\" role=\"presentation\">entre<\/span> <span dir=\"ltr\" role=\"presentation\">ellos<\/span> <span dir=\"ltr\" role=\"presentation\">y<\/span> <span dir=\"ltr\" role=\"presentation\">sus<\/span> <span dir=\"ltr\" role=\"presentation\">gobernantes<\/span> <span dir=\"ltr\" role=\"presentation\">en<\/span> <span dir=\"ltr\" role=\"presentation\">este<\/span> <span dir=\"ltr\" role=\"presentation\">\u00e1mbito,<\/span> <span dir=\"ltr\" role=\"presentation\">los <\/span><span dir=\"ltr\" role=\"presentation\">instrumentos de la democracia participativa pueden desarrollarse y producir <\/span><span dir=\"ltr\" role=\"presentation\">sus efectos de implicaci\u00f3n de la ciudadan\u00eda en su gobierno y control de los <\/span><span dir=\"ltr\" role=\"presentation\">gobernantes con mucha mayor facilidad.<\/span><\/p>\n<p style=\"text-align: justify;\">\u00a0<\/p>\n<p><a href=\"https:\/\/i0.wp.com\/miradordeatarfe.es\/wp-content\/uploads\/2023\/05\/Screenshot-2023-05-29-at-09-30-59-Resultados-Electorales-en-Atarfe-Elecciones-Municipales-1.png?ssl=1\"><img data-recalc-dims=\"1\" loading=\"lazy\" decoding=\"async\" class=\"alignnone wp-image-61841 size-full\" src=\"https:\/\/i0.wp.com\/miradordeatarfe.es\/wp-content\/uploads\/2023\/05\/Screenshot-2023-05-29-at-09-30-59-Resultados-Electorales-en-Atarfe-Elecciones-Municipales-1.png?resize=640%2C354&#038;ssl=1\" alt=\"\" width=\"640\" height=\"354\" srcset=\"https:\/\/i0.wp.com\/miradordeatarfe.es\/wp-content\/uploads\/2023\/05\/Screenshot-2023-05-29-at-09-30-59-Resultados-Electorales-en-Atarfe-Elecciones-Municipales-1.png?w=817&amp;ssl=1 817w, https:\/\/i0.wp.com\/miradordeatarfe.es\/wp-content\/uploads\/2023\/05\/Screenshot-2023-05-29-at-09-30-59-Resultados-Electorales-en-Atarfe-Elecciones-Municipales-1.png?resize=300%2C166&amp;ssl=1 300w, https:\/\/i0.wp.com\/miradordeatarfe.es\/wp-content\/uploads\/2023\/05\/Screenshot-2023-05-29-at-09-30-59-Resultados-Electorales-en-Atarfe-Elecciones-Municipales-1.png?resize=768%2C425&amp;ssl=1 768w\" sizes=\"auto, (max-width: 640px) 100vw, 640px\" \/><\/a><\/p>\n<p><a href=\"https:\/\/i0.wp.com\/miradordeatarfe.es\/wp-content\/uploads\/2023\/05\/Screenshot-2023-05-29-at-09-37-43-Resultados-Electorales-en-Atarfe-Elecciones-Municipales-1.png?ssl=1\"><img data-recalc-dims=\"1\" loading=\"lazy\" decoding=\"async\" class=\"alignnone wp-image-61842 size-full\" src=\"https:\/\/i0.wp.com\/miradordeatarfe.es\/wp-content\/uploads\/2023\/05\/Screenshot-2023-05-29-at-09-37-43-Resultados-Electorales-en-Atarfe-Elecciones-Municipales-1.png?resize=640%2C593&#038;ssl=1\" alt=\"\" width=\"640\" height=\"593\" srcset=\"https:\/\/i0.wp.com\/miradordeatarfe.es\/wp-content\/uploads\/2023\/05\/Screenshot-2023-05-29-at-09-37-43-Resultados-Electorales-en-Atarfe-Elecciones-Municipales-1.png?w=872&amp;ssl=1 872w, https:\/\/i0.wp.com\/miradordeatarfe.es\/wp-content\/uploads\/2023\/05\/Screenshot-2023-05-29-at-09-37-43-Resultados-Electorales-en-Atarfe-Elecciones-Municipales-1.png?resize=300%2C278&amp;ssl=1 300w, https:\/\/i0.wp.com\/miradordeatarfe.es\/wp-content\/uploads\/2023\/05\/Screenshot-2023-05-29-at-09-37-43-Resultados-Electorales-en-Atarfe-Elecciones-Municipales-1.png?resize=768%2C712&amp;ssl=1 768w\" sizes=\"auto, (max-width: 640px) 100vw, 640px\" \/><\/a><\/p>\n<p>&nbsp;<\/p>\n<p>&nbsp;<\/p>\n<p>&nbsp;<\/p>\n<p>&nbsp;<\/p>\n","protected":false},"excerpt":{"rendered":"<p>Atarfe tendr\u00e1 una mujer como Alcaldesa en estos pr\u00f3ximos cuatro a\u00f1os al ser la lista&#8230;<\/p>\n","protected":false},"author":1,"featured_media":61839,"comment_status":"closed","ping_status":"closed","sticky":false,"template":"","format":"standard","meta":{"_coblocks_attr":"","_coblocks_dimensions":"","_coblocks_responsive_height":"","_coblocks_accordion_ie_support":"","jetpack_post_was_ever_published":false,"_jetpack_newsletter_access":"","_jetpack_dont_email_post_to_subs":false,"_jetpack_newsletter_tier_id":0,"_jetpack_memberships_contains_paywalled_content":false,"_jetpack_memberships_contains_paid_content":false,"footnotes":"","jetpack_publicize_message":"","jetpack_publicize_feature_enabled":true,"jetpack_social_post_already_shared":false,"jetpack_social_options":{"image_generator_settings":{"template":"highway","default_image_id":0,"enabled":false},"version":2}},"categories":[2,6916,1161,186,44,7671,15],"tags":[10409,10408,580],"class_list":["post-61787","post","type-post","status-publish","format-standard","has-post-thumbnail","hentry","category-atarfe","category-ayuntamiento-de-atarfe","category-ciudadania","category-instituciones","category-noticias-de-hoy","category-politica","category-ultimas-noticias","tag-28m-de-2023","tag-resultados-elecciones-municipales","tag-votaciones"],"jetpack_publicize_connections":[],"jetpack_featured_media_url":"https:\/\/i0.wp.com\/miradordeatarfe.es\/wp-content\/uploads\/2023\/05\/YOLI1-scaled.jpg?fit=2121%2C2560&ssl=1","jetpack_likes_enabled":true,"jetpack_sharing_enabled":true,"_links":{"self":[{"href":"https:\/\/miradordeatarfe.es\/index.php?rest_route=\/wp\/v2\/posts\/61787","targetHints":{"allow":["GET"]}}],"collection":[{"href":"https:\/\/miradordeatarfe.es\/index.php?rest_route=\/wp\/v2\/posts"}],"about":[{"href":"https:\/\/miradordeatarfe.es\/index.php?rest_route=\/wp\/v2\/types\/post"}],"author":[{"embeddable":true,"href":"https:\/\/miradordeatarfe.es\/index.php?rest_route=\/wp\/v2\/users\/1"}],"replies":[{"embeddable":true,"href":"https:\/\/miradordeatarfe.es\/index.php?rest_route=%2Fwp%2Fv2%2Fcomments&post=61787"}],"version-history":[{"count":4,"href":"https:\/\/miradordeatarfe.es\/index.php?rest_route=\/wp\/v2\/posts\/61787\/revisions"}],"predecessor-version":[{"id":61843,"href":"https:\/\/miradordeatarfe.es\/index.php?rest_route=\/wp\/v2\/posts\/61787\/revisions\/61843"}],"wp:featuredmedia":[{"embeddable":true,"href":"https:\/\/miradordeatarfe.es\/index.php?rest_route=\/wp\/v2\/media\/61839"}],"wp:attachment":[{"href":"https:\/\/miradordeatarfe.es\/index.php?rest_route=%2Fwp%2Fv2%2Fmedia&parent=61787"}],"wp:term":[{"taxonomy":"category","embeddable":true,"href":"https:\/\/miradordeatarfe.es\/index.php?rest_route=%2Fwp%2Fv2%2Fcategories&post=61787"},{"taxonomy":"post_tag","embeddable":true,"href":"https:\/\/miradordeatarfe.es\/index.php?rest_route=%2Fwp%2Fv2%2Ftags&post=61787"}],"curies":[{"name":"wp","href":"https:\/\/api.w.org\/{rel}","templated":true}]}}