{"id":61795,"date":"2014-06-26T11:07:55","date_gmt":"2014-06-26T09:07:55","guid":{"rendered":"https:\/\/miradordeatarfe.es\/?p=61795"},"modified":"2023-05-26T11:13:49","modified_gmt":"2023-05-26T09:13:49","slug":"61795","status":"publish","type":"post","link":"https:\/\/miradordeatarfe.es\/?p=61795","title":{"rendered":"Atarfe reconoci\u00f3 a los arque\u00f3logos que descubrieron y trabajan en Medina Elvira"},"content":{"rendered":"<h3 align=\"justify\">La localidad metropolitana organiza los primeros premios con los que distinguen a organismos e instituciones que fomentan la imagen del municipio. La presentaci\u00f3n de los galardones se ha celebrado este mi\u00e9rcoles.<\/h3>\n<p align=\"justify\">La localidad metropolitana de Atarfe entregar\u00e1 este jueves los I Premios Medina Elvira, unos galardones con los que pretende reconocer la promoci\u00f3n y labor que realizan los ciudadanos y organismos del municipio o personas distinguidas. Es el caso de sus dos hijos predilectos, los arque\u00f3logos Manuel G\u00f3mez Moreno, del que ahora se cumplen 280 a\u00f1os de su nacimiento, y Antonio Malpica, encargados de las investigaciones sobre Medina Elvira, que dieron origen a la Fundaci\u00f3n del Reino de Granada.<\/p>\n<p align=\"justify\">De este modo se quiere reconocer a los encargados de desarrollar las investigaciones sobre los terrenos. Por un lado<strong>, G\u00f3mez Moreno,<\/strong> que fue el que\u00a0 realiz\u00f3 los hallazgos en el siglo XIX en la zona de Sierra Elvira. Por otro, a <strong>Antonio Malpica<\/strong>, el arque\u00f3logo que actualmente desarrolla las tareas.<\/p>\n<p align=\"justify\">La concejal de Medina Elvira y Primera Teniente de Alcalde, Francisca Olivares, ha explicado que se trata de<strong> los dos hijos predilectos<\/strong> que tiene la localidad que recibir\u00e1n un reconocimiento por su labor en estos terrenos. Los I Premios Medina Elvira tratan de instituirse desde este a\u00f1o y convertirse en tradicionales.<\/p>\n<p align=\"justify\">Adem\u00e1s de a los arque\u00f3logos tambi\u00e9n se premiar\u00e1 en Deportes al joven atarfe\u00f1o de 20 a\u00f1os Francisco Miguel Varela Mart\u00edn, jugador del Betis la pasada campa\u00f1a en Primera Divisi\u00f3n; a la Orquesta Sinf\u00f3nica Ciudad de Atarfe, en la modalidad de Arte y Cultura; y al Consorcio para la Conmemoraci\u00f3n del Primer Milenio del Reino de Granada, en la categor\u00eda especial. Ser\u00e1n entregados este jueves en la Ermita de los Tres Juanes.<\/p>\n<p align=\"justify\">Adem\u00e1s de estos galardones tambi\u00e9n tendr\u00e1 lugar una exposici\u00f3n de cer\u00e1mica califal y andalus\u00ed y una obra de teatro sobre Medina Elvira. A partir del pr\u00f3ximo a\u00f1o, los premios se entregar\u00e1n el primer d\u00eda de la primavera de modo que se identifiquen con \u201cel florecimiento\u201d de Medina Elvira.<\/p>\n<p align=\"justify\">El alcalde del municipio, Tom\u00e1s Ruiz, ha destacado que los premios tratan de poner en valor a las instituciones que siempre apoyan actividades como la conmemoraci\u00f3n del Milenio, del que Atarfe fue part\u00edcipe de principio a fin para que \u201cno pasara desapercibido\u201d.<\/p>\n<p align=\"justify\">Ha a\u00f1adido que estos galardones forman parte de los actos que tendr\u00e1n lugar con motivo de la promoci\u00f3n y proyecci\u00f3n de Medina Elvira, entre las que se incluyen talleres, arqueolg\u00eda, actividades deportivas, rutas de senderismo o exposiciones.<\/p>\n<p align=\"justify\">La delegada del Gobierno andaluz en Granada, Sandra Garc\u00eda, ha agradecido la implicaci\u00f3n de Atarfe en la celebraci\u00f3n del Milenio y ha dicho que para los ciudadanos debe ser un \u201corgullo de tierra a la que aman\u201d.<\/p>\n","protected":false},"excerpt":{"rendered":"<p>La localidad metropolitana organiza los primeros premios con los que distinguen a organismos e instituciones&#8230;<\/p>\n","protected":false},"author":1,"featured_media":61797,"comment_status":"closed","ping_status":"closed","sticky":false,"template":"","format":"standard","meta":{"_coblocks_attr":"","_coblocks_dimensions":"","_coblocks_responsive_height":"","_coblocks_accordion_ie_support":"","jetpack_post_was_ever_published":false,"_jetpack_newsletter_access":"","_jetpack_dont_email_post_to_subs":false,"_jetpack_newsletter_tier_id":0,"_jetpack_memberships_contains_paywalled_content":false,"_jetpack_memberships_contains_paid_content":false,"footnotes":"","jetpack_publicize_message":"","jetpack_publicize_feature_enabled":true,"jetpack_social_post_already_shared":false,"jetpack_social_options":{"image_generator_settings":{"template":"highway","default_image_id":0,"enabled":false},"version":2}},"categories":[2,12,6916,1161,186,5359,44,15],"tags":[5374,79],"class_list":["post-61795","post","type-post","status-publish","format-standard","has-post-thumbnail","hentry","category-atarfe","category-cultura","category-ayuntamiento-de-atarfe","category-ciudadania","category-instituciones","category-madinat-ilbira","category-noticias-de-hoy","category-ultimas-noticias","tag-madinat-ilbira-medina-elvira","tag-medina-elvira"],"jetpack_publicize_connections":[],"jetpack_featured_media_url":"https:\/\/i0.wp.com\/miradordeatarfe.es\/wp-content\/uploads\/2023\/05\/7_cab_img.jpg?fit=723%2C169&ssl=1","jetpack_likes_enabled":true,"jetpack_sharing_enabled":true,"_links":{"self":[{"href":"https:\/\/miradordeatarfe.es\/index.php?rest_route=\/wp\/v2\/posts\/61795","targetHints":{"allow":["GET"]}}],"collection":[{"href":"https:\/\/miradordeatarfe.es\/index.php?rest_route=\/wp\/v2\/posts"}],"about":[{"href":"https:\/\/miradordeatarfe.es\/index.php?rest_route=\/wp\/v2\/types\/post"}],"author":[{"embeddable":true,"href":"https:\/\/miradordeatarfe.es\/index.php?rest_route=\/wp\/v2\/users\/1"}],"replies":[{"embeddable":true,"href":"https:\/\/miradordeatarfe.es\/index.php?rest_route=%2Fwp%2Fv2%2Fcomments&post=61795"}],"version-history":[{"count":3,"href":"https:\/\/miradordeatarfe.es\/index.php?rest_route=\/wp\/v2\/posts\/61795\/revisions"}],"predecessor-version":[{"id":61800,"href":"https:\/\/miradordeatarfe.es\/index.php?rest_route=\/wp\/v2\/posts\/61795\/revisions\/61800"}],"wp:featuredmedia":[{"embeddable":true,"href":"https:\/\/miradordeatarfe.es\/index.php?rest_route=\/wp\/v2\/media\/61797"}],"wp:attachment":[{"href":"https:\/\/miradordeatarfe.es\/index.php?rest_route=%2Fwp%2Fv2%2Fmedia&parent=61795"}],"wp:term":[{"taxonomy":"category","embeddable":true,"href":"https:\/\/miradordeatarfe.es\/index.php?rest_route=%2Fwp%2Fv2%2Fcategories&post=61795"},{"taxonomy":"post_tag","embeddable":true,"href":"https:\/\/miradordeatarfe.es\/index.php?rest_route=%2Fwp%2Fv2%2Ftags&post=61795"}],"curies":[{"name":"wp","href":"https:\/\/api.w.org\/{rel}","templated":true}]}}