{"id":61808,"date":"2023-05-28T11:28:33","date_gmt":"2023-05-28T09:28:33","guid":{"rendered":"https:\/\/miradordeatarfe.es\/?p=61808"},"modified":"2023-05-28T12:44:24","modified_gmt":"2023-05-28T10:44:24","slug":"atarfe-ultimos-dias-para-solicitar-plaza-en-la-asociacion-artistica-y-cultural-ciudad-atarfe","status":"publish","type":"post","link":"https:\/\/miradordeatarfe.es\/?p=61808","title":{"rendered":"ATARFE: \u00daLTIMOS D\u00cdAS PARA SOLICITAR PLAZA EN LA ASOCIACI\u00d3N ART\u00cdSTICA Y CULTURAL CIUDAD ATARFE"},"content":{"rendered":"<h3 style=\"text-align: justify;\">Desde el d\u00eda 15 de mayo al 31 de mayo del 2023, ambos inclusive, la escuela ha abierto el periodo de admisi\u00f3n para el curso 2023 -2024. Este a\u00f1o los alumnos que deseen estudiar en la Escuela de Teatro y en los Talleres Art\u00edsticos (Pintura Infantil 3-5 a\u00f1os, Pintura, Restauraci\u00f3n y Manualidades) deber\u00e1n solicitar tambi\u00e9n admisi\u00f3n.<\/h3>\n<p style=\"text-align: justify;\"><strong>\u00bfQui\u00e9n tiene que solicitar admisi\u00f3n en nuestro centro para el curso 2023 \u2013 2024?<\/strong><\/p>\n<p style=\"text-align: justify;\">1 \u2013 Alumnos\/as de nuevo ingreso sea de la especialidad que sean.<\/p>\n<p style=\"text-align: justify;\">2- Alumnos\/as que estando en el centro el pr\u00f3ximo curso pasen a ense\u00f1anzas de Iniciaci\u00f3n Musical (6-7 a\u00f1os) y deseen aprender a tocar cualquier instrumento ofertado.<\/p>\n<p style=\"text-align: justify;\">3- Alumnos\/as que deseen cursar primer curso de Ense\u00f1anzas B\u00e1sicas (M\u00fasica o Danza), pertenezcan o no al centro (a partir 8 a\u00f1os).<\/p>\n<p style=\"text-align: justify;\"><strong>Criterios de Admisi\u00f3n<\/strong><\/p>\n<p style=\"text-align: justify;\">1- Alumnos\/as matriculados en el centro durante el curso 2022-2023<\/p>\n<p style=\"text-align: justify;\">2- Especialidades disponibles<\/p>\n<p style=\"text-align: justify;\">3- Edad<\/p>\n<p style=\"text-align: justify;\">4- Lugar de empadronamiento<\/p>\n<p style=\"text-align: justify;\"><strong>\u00bfComo rellenar el formulario?<\/strong><\/p>\n<p style=\"text-align: justify;\">A continuaci\u00f3n le explicamos las opciones para realizar su proceso de admisi\u00f3n:<\/p>\n<h3 style=\"text-align: justify;\"><strong>1-Forma Telem\u00e1tica:<\/strong><\/h3>\n<p style=\"text-align: justify;\"><strong>DESCARGAR FORMULARIO PDF<\/strong><\/p>\n<p style=\"text-align: justify;\">Formulario M\u00fasica y Danza:<\/p>\n<div class=\"wp-block-buttons is-layout-flex\" style=\"text-align: justify;\">\n<div class=\"wp-block-button\"><a class=\"wp-block-button__link wp-element-button\" href=\"http:\/\/acatarfe.es\/wp-content\/uploads\/2023\/05\/SOLICITUD-DE-ADMISION-2023_2024_MUSICA-Y-DANZA-1.pdf\" target=\"_blank\" rel=\"noreferrer noopener\">M\u00fasica y Danza<\/a><\/div>\n<\/div>\n<p style=\"text-align: justify;\">Formulario Teatro y Talleres Art\u00edsticos:<\/p>\n<div class=\"wp-block-buttons is-layout-flex\" style=\"text-align: justify;\">\n<div class=\"wp-block-button\"><a class=\"wp-block-button__link wp-element-button\" href=\"http:\/\/acatarfe.es\/wp-content\/uploads\/2023\/05\/SOLICITUD-DE-ADMISION-2023_2024_TEATRO_TALLERES.pdf\" target=\"_blank\" rel=\"noreferrer noopener\">Teatro y Talleres Art\u00edsticos<\/a><\/div>\n<\/div>\n<p style=\"text-align: justify;\">Descargue el formulario correspondiente a la especialidad que desea realizar el curso 2023-2024. En el caso que quieran solicitar diferentes especialidades, rellene tantas solicitudes como sean necesarias. Si se trata de diferentes disciplinas de M\u00fasica y Danza, se podr\u00e1n rellenar las diferentes solicitudes en el mismo formulario. <strong>(\u00a1Muy importante! el documento tiene que ser enviado debidamente cumplimentado y FIRMADO (se puede firmar por medio de rubrica o firma digital)).<\/strong><\/p>\n<h5 style=\"text-align: justify;\">El Formulario de Admisi\u00f3n es un PDF se puede rellenar directamente en el archivo. Si usted carece de alg\u00fan programa para editar PDF a continuaci\u00f3n le dejamos un enlace para que se pueda DESCARGAR uno (versi\u00f3n PC):<\/h5>\n<div class=\"wp-block-buttons is-layout-flex\" style=\"text-align: justify;\">\n<h5 class=\"wp-block-button\"><a class=\"wp-block-button__link wp-element-button\" href=\"https:\/\/get.adobe.com\/es\/reader\/?promoid=TTGWL47M\" target=\"_blank\" rel=\"noreferrer noopener\">Adobe Acrobat Editor PDF<\/a><\/h5>\n<\/div>\n<p style=\"text-align: justify;\">Tambi\u00e9n pueden descargarse el PDF e imprimirlo y rellenarlo de forma manual <strong>(\u00a1Muy importante! en letra may\u00fascula y legible)<\/strong>. Una vez realizado el proceso, deber\u00e1n escanearlo o fotografiar todas las p\u00e1ginas al completo y enviarlo al correo electr\u00f3nico que le indicamos a continuaci\u00f3n.<\/p>\n<p class=\"has-ast-global-color-1-color has-text-color\" style=\"text-align: justify;\">Una vez tengan el formulario de admisi\u00f3n completado, tienen que enviarlo al correo electr\u00f3nico : <strong>admision.acatarfe@gmail.com<\/strong><\/p>\n<p style=\"text-align: justify;\">En el env\u00edo del formulario especificar en el <strong>ASUNTO<\/strong>: <strong>ADMISI\u00d3N + NOMBRE COMPLETO DEL ALUMNO\/AS + ESPECIALIDAD.<\/strong><\/p>\n<p class=\"has-vivid-red-color has-text-color\" style=\"text-align: justify;\">La escuela se reserva el derecho de no admitir formularios que no vengan debidamente cumplimentados, en mal estado o con defecto de forma\u2026<\/p>\n<h3 style=\"text-align: justify;\"><strong>2-<\/strong> <strong>Forma Presencial<\/strong>:<\/h3>\n<p style=\"text-align: justify;\">Usted puede rellenar su formulario de forma presencial en la sede de la Escuela de M\u00fasica ( C\/Alfonso Bail\u00f3n Verdejo n\u00ba4 Atarfe \u2013 Granada) en Horario presencial de oficina. Ma\u00f1ana: de Lunes a Viernes de 10:00h a 13:00h \u2013 Tarde: Lunes y Mi\u00e9rcoles de 17:00h a 19:00h.<\/p>\n<p class=\"has-ast-global-color-4-color has-black-background-color has-text-color has-background\" style=\"text-align: justify;\">Una vez enviado el formulario, si todo est\u00e1 correcto ya solo faltar\u00eda esperar a que se publique el listado de admitidos. Por temas referentes a la protecci\u00f3n de datos, el listado se publicar\u00e1 en la sede de la Escuela de M\u00fasica Ciudad Atarfe cite en C\/ Alfonso Bail\u00f3n Verdejo n\u00ba 4 Atarfe \u2013 Granada. El<strong><em> listado provisional saldr\u00e1 publicado en la semana del 12 de Junio de 2023 y el listado definitivo en la semana del 19 de Junio de 2023.<\/em><\/strong><\/p>\n","protected":false},"excerpt":{"rendered":"<p>Desde el d\u00eda 15 de mayo al 31 de mayo del 2023, ambos inclusive, la&#8230;<\/p>\n","protected":false},"author":1,"featured_media":61832,"comment_status":"closed","ping_status":"closed","sticky":false,"template":"","format":"standard","meta":{"_coblocks_attr":"","_coblocks_dimensions":"","_coblocks_responsive_height":"","_coblocks_accordion_ie_support":"","jetpack_post_was_ever_published":false,"_jetpack_newsletter_access":"","_jetpack_dont_email_post_to_subs":false,"_jetpack_newsletter_tier_id":0,"_jetpack_memberships_contains_paywalled_content":false,"_jetpack_memberships_contains_paid_content":false,"footnotes":"","jetpack_publicize_message":"","jetpack_publicize_feature_enabled":true,"jetpack_social_post_already_shared":false,"jetpack_social_options":{"image_generator_settings":{"template":"highway","default_image_id":0,"enabled":false},"version":2}},"categories":[2,12,1161,186,44,15],"tags":[10411,81],"class_list":["post-61808","post","type-post","status-publish","format-standard","has-post-thumbnail","hentry","category-atarfe","category-cultura","category-ciudadania","category-instituciones","category-noticias-de-hoy","category-ultimas-noticias","tag-asociacion-artistica-y-cultural","tag-atarfe"],"jetpack_publicize_connections":[],"jetpack_featured_media_url":"https:\/\/i0.wp.com\/miradordeatarfe.es\/wp-content\/uploads\/2023\/05\/escu-2-2.jpg?fit=281%2C200&ssl=1","jetpack_likes_enabled":true,"jetpack_sharing_enabled":true,"_links":{"self":[{"href":"https:\/\/miradordeatarfe.es\/index.php?rest_route=\/wp\/v2\/posts\/61808","targetHints":{"allow":["GET"]}}],"collection":[{"href":"https:\/\/miradordeatarfe.es\/index.php?rest_route=\/wp\/v2\/posts"}],"about":[{"href":"https:\/\/miradordeatarfe.es\/index.php?rest_route=\/wp\/v2\/types\/post"}],"author":[{"embeddable":true,"href":"https:\/\/miradordeatarfe.es\/index.php?rest_route=\/wp\/v2\/users\/1"}],"replies":[{"embeddable":true,"href":"https:\/\/miradordeatarfe.es\/index.php?rest_route=%2Fwp%2Fv2%2Fcomments&post=61808"}],"version-history":[{"count":2,"href":"https:\/\/miradordeatarfe.es\/index.php?rest_route=\/wp\/v2\/posts\/61808\/revisions"}],"predecessor-version":[{"id":61829,"href":"https:\/\/miradordeatarfe.es\/index.php?rest_route=\/wp\/v2\/posts\/61808\/revisions\/61829"}],"wp:featuredmedia":[{"embeddable":true,"href":"https:\/\/miradordeatarfe.es\/index.php?rest_route=\/wp\/v2\/media\/61832"}],"wp:attachment":[{"href":"https:\/\/miradordeatarfe.es\/index.php?rest_route=%2Fwp%2Fv2%2Fmedia&parent=61808"}],"wp:term":[{"taxonomy":"category","embeddable":true,"href":"https:\/\/miradordeatarfe.es\/index.php?rest_route=%2Fwp%2Fv2%2Fcategories&post=61808"},{"taxonomy":"post_tag","embeddable":true,"href":"https:\/\/miradordeatarfe.es\/index.php?rest_route=%2Fwp%2Fv2%2Ftags&post=61808"}],"curies":[{"name":"wp","href":"https:\/\/api.w.org\/{rel}","templated":true}]}}