{"id":61813,"date":"2023-05-29T08:04:20","date_gmt":"2023-05-29T06:04:20","guid":{"rendered":"https:\/\/miradordeatarfe.es\/?p=61813"},"modified":"2023-05-27T13:07:47","modified_gmt":"2023-05-27T11:07:47","slug":"las-personas-no-binarias-como-problema","status":"publish","type":"post","link":"https:\/\/miradordeatarfe.es\/?p=61813","title":{"rendered":"Las personas no binarias como problema"},"content":{"rendered":"<h3 class=\"a_st\">Los paradigmas tradicionales que nos hab\u00edan servido para definirnos se hallan en descomposici\u00f3n y, como en cualquier \u00e9poca de transici\u00f3n, las tensiones, las dudas y los disensos son inevitables<\/h3>\n<p class=\"\" style=\"text-align: justify;\">Tal y como bien explica en su \u00faltimo e imprescindible libro <a href=\"https:\/\/elpais.com\/ideas\/2022-10-25\/contra-la-idea-de-disforia-el-nuevo-alegato-trans-de-paul-b-preciado.html\" target=\"_blank\" rel=\"noopener\" data-link-track-dtm=\"\">Paul B. Preciado, vivimos en un mundo \u201cdisf\u00f3rico\u201d<\/a>, en el que buena parte de los paradigmas tradicionales que nos hab\u00edan servido para definirnos se hallan en descomposici\u00f3n o, como m\u00ednimo, sometidos a una paulatina erosi\u00f3n. En este contexto incierto y complejo, muchas de las referencias que nos serv\u00edan como espejo y como sost\u00e9n est\u00e1n saltando por los aires. Estamos viviendo una fase que Almudena Hernando califica como \u201cposhistoria\u201d, un nuevo escenario en el que se est\u00e1n modificando las maneras de definirnos y de relacionarnos. No es solo que el suelo que pisamos se haya ido volviendo l\u00edquido, sino que los trajes que durante siglos nos sirvieron para revestir nuestra identidad se nos han ido quedando peque\u00f1os. Como en cualquier \u00e9poca de transici\u00f3n, las tensiones, las dudas y los disensos son inevitables. Ah\u00ed est\u00e1 como peligro evidente la reacci\u00f3n conservadora que postula el mantenimiento del orden tradicional, de las categor\u00edas biol\u00f3gicas y de las esencias que avalen que quienes tienen posiciones de poder no se vean cuestionados por los cuerpos disidentes. En este sentido, el agravio no es solo cosa de hombres.<\/p>\n<p class=\"\" style=\"text-align: justify;\">Una reciente sentencia del Tribunal Superior de Justicia de Andaluc\u00eda ha abierto una singular brecha que, con suerte, podr\u00eda ser el punto de partida para que nuestro ordenamiento revise las categor\u00edas que siguen siendo prisioneras del sistema sexo\/g\u00e9nero. Un reto al que, por cierto, no ha respondido la reciente y discutida ley 4\/2023, de 28 de febrero, para la igualdad real y efectiva de las personas trans y para la garant\u00eda de los derechos de las personas LGTBI, en cuya tramitaci\u00f3n fueron rechazadas las enmiendas que propon\u00edan el reconocimiento de las personas no binarias. <a href=\"https:\/\/elpais.com\/espana\/andalucia\/2023-05-02\/el-tribunal-superior-andaluz-obliga-a-la-policia-a-registrar-como-no-binario-a-un-ciudadano-aleman.html\" target=\"_blank\" rel=\"noopener\" data-link-track-dtm=\"\">El tribunal andaluz ha dado la raz\u00f3n a Andrea Speck<\/a>, una persona alemana afincada en Sevilla, cuya identidad no binaria habr\u00e1 de figurar en el registro central de extranjer\u00eda, tal y como consta en su pasaporte alem\u00e1n. De esta manera, la sentencia abre la puerta para que el Ministerio del Interior ampl\u00ede con una tercera casilla la identificaci\u00f3n de los sujetos m\u00e1s all\u00e1 del binomio hombre\/mujer. Una opci\u00f3n que ya es posible en varios pa\u00edses europeos, como Alemania, Pa\u00edses Bajos o Austria, as\u00ed como en Argentina, India o Canad\u00e1. La rompedora decisi\u00f3n judicial deja claro que \u201cla Administraci\u00f3n, cualquiera que sea su \u00e1mbito territorial (local, auton\u00f3mica o estatal)\u201d ha de disponer \u201cde datos personales de los ciudadanos, incluidos los de pa\u00edses de la Uni\u00f3n Europea, que se correspondan en el presente caso, con los reales de la identidad sexual (o si prefiere la expresi\u00f3n \u201cidentidad de g\u00e9nero\u201d, emancipada de la realidad meramente biol\u00f3gica de las personas)\u201d.<\/p>\n<p class=\"\" style=\"text-align: justify;\">El caso de Andrea Speck, al que seguramente se sumar\u00e1n pr\u00f3ximamente otras resoluciones judiciales gracias a sujetos que han iniciado esta batalla por el reconocimiento ante los tribunales, nos enfrenta, en cuanto juristas y en cuanto ciudadanos, a una de esas fronteras en las que hoy se mueven los derechos humanos. Me refiero a la relativa a los procesos de identificaci\u00f3n con unos esquemas normativos que durante siglos estuvieron petrificados de acuerdo con un orden heterosexista y por supuesto patriarcal, y en virtud de los cuales todas y todos nos hemos sentido obligados a seguir los mandatos de una determinada casilla (que era de salida, pero tambi\u00e9n a veces tr\u00e1gicamente de llegada). La apuesta revolucionaria que supone hacer saltar por los aires el dualismo que todav\u00eda hoy nos encierra en identidades asfixiantes lo es tambi\u00e9n porque supone cuestionar toda una estructura de pensamiento, y por lo tanto de poder, edificada en torno a lo binario, a los ejes que nos dividen y que dividen la realidad en pares de opuestos, obviando la aplastante realidad de las m\u00faltiples aristas, grises y conversaciones que nos definen y que ojal\u00e1 definieran el universo que habitamos. Tan simple, y tan complejo, como tender puentes en lugar de bombardearlos.<\/p>\n<p class=\"\" style=\"text-align: justify;\">Un mundo de seres andr\u00f3ginos, en tr\u00e1nsito, n\u00f3madas, en permanente construcci\u00f3n y di\u00e1logo con las contradicciones, fugas y (des)aprendizajes que nos habitan es el horizonte de posibilidad que ahora se abre. Un ecosistema en el que no tengamos miedo a reconocer el monstruo que cada cual lleva dentro y en el que no haya cuerpos equivocados sino imperfectos y plurales, atravesados todos por las heridas que genera la desigualdad de recursos y de potencias. Emancipados al fin del g\u00e9nero y sus mandatos. Un reto que nos obligar\u00e1, pues, a revisar los presupuestos de la subjetividad jur\u00eddica, pero tambi\u00e9n los \u00e9ticos y epistemol\u00f3gicos. Sin olvidar, claro, que el desigual reparto de recursos atraviesa siempre nuestros cuerpos fr\u00e1giles. Todo un desaf\u00edo para el ensanchamiento del principio de igualdad como reconocimiento de las diferencias, y tambi\u00e9n para un feminismo que sea capaz de pasar de la rebeli\u00f3n a la revoluci\u00f3n, <a href=\"https:\/\/elpais.com\/cultura\/2021-12-16\/fallece-bell-hooks-escritora-afroamericana-e-icono-del-feminismo.html\" target=\"_blank\" rel=\"noopener\" data-link-track-dtm=\"\">lo cual exige, como bien non ense\u00f1\u00f3 bell hooks, <\/a>\u201cdestruir el dualismo y erradicar los sistemas de dominaci\u00f3n\u201d<\/p>\n<header class=\"a_e a_e-o _g _g-xs\">\n<div class=\"a_e_m\">\n<figure class=\"a_m a_m-h \"><figcaption class=\"a_m_p\"><a class=\"a_md_a_n\" title=\"Ver todas las noticias de Octavio Salazar\" href=\"https:\/\/elpais.com\/autor\/octavio-salazar-benitez\/#?rel=author_top\"><strong>Octavio Salazar<\/strong><\/a><br \/>\nFOTO: Andrea Speck, alem\u00e1n no binario que ha ganado una sentencia para que la polic\u00eda le reconozca con la tercera casilla, posando en el barrio de La Macarena, Sevilla.<span class=\"a_m_m\">Alejandro Ruesga<br \/>\nhttps:\/\/elpais.com\/opinion\/2023-05-26\/las-personas-no-binarias-como-problema.html<br \/>\n<\/span><\/figcaption><\/figure>\n<\/div>\n<\/header>\n<div class=\"a_md _g _g-xs ni\">\n<div class=\"a_md_txt\">\n<div class=\"a_md_a\" data-dtm-region=\"articulo_firma\">\u00a0<\/div>\n<\/div>\n<\/div>\n","protected":false},"excerpt":{"rendered":"<p>Los paradigmas tradicionales que nos hab\u00edan servido para definirnos se hallan en descomposici\u00f3n y, como&#8230;<\/p>\n","protected":false},"author":1,"featured_media":61814,"comment_status":"closed","ping_status":"closed","sticky":false,"template":"","format":"standard","meta":{"_coblocks_attr":"","_coblocks_dimensions":"","_coblocks_responsive_height":"","_coblocks_accordion_ie_support":"","jetpack_post_was_ever_published":false,"_jetpack_newsletter_access":"","_jetpack_dont_email_post_to_subs":false,"_jetpack_newsletter_tier_id":0,"_jetpack_memberships_contains_paywalled_content":false,"_jetpack_memberships_contains_paid_content":false,"footnotes":"","jetpack_publicize_message":"","jetpack_publicize_feature_enabled":true,"jetpack_social_post_already_shared":false,"jetpack_social_options":{"image_generator_settings":{"template":"highway","default_image_id":0,"enabled":false},"version":2}},"categories":[1161,14,44,6937,15],"tags":[10413,507,1187],"class_list":["post-61813","post","type-post","status-publish","format-standard","has-post-thumbnail","hentry","category-ciudadania","category-feminismo","category-noticias-de-hoy","category-sociedad","category-ultimas-noticias","tag-binarias","tag-genero","tag-sexo"],"jetpack_publicize_connections":[],"jetpack_featured_media_url":"https:\/\/i0.wp.com\/miradordeatarfe.es\/wp-content\/uploads\/2023\/05\/Screenshot-2023-05-27-at-13-05-24-Las-personas-no-binarias-como-problema.png?fit=283%2C290&ssl=1","jetpack_likes_enabled":true,"jetpack_sharing_enabled":true,"_links":{"self":[{"href":"https:\/\/miradordeatarfe.es\/index.php?rest_route=\/wp\/v2\/posts\/61813","targetHints":{"allow":["GET"]}}],"collection":[{"href":"https:\/\/miradordeatarfe.es\/index.php?rest_route=\/wp\/v2\/posts"}],"about":[{"href":"https:\/\/miradordeatarfe.es\/index.php?rest_route=\/wp\/v2\/types\/post"}],"author":[{"embeddable":true,"href":"https:\/\/miradordeatarfe.es\/index.php?rest_route=\/wp\/v2\/users\/1"}],"replies":[{"embeddable":true,"href":"https:\/\/miradordeatarfe.es\/index.php?rest_route=%2Fwp%2Fv2%2Fcomments&post=61813"}],"version-history":[{"count":1,"href":"https:\/\/miradordeatarfe.es\/index.php?rest_route=\/wp\/v2\/posts\/61813\/revisions"}],"predecessor-version":[{"id":61815,"href":"https:\/\/miradordeatarfe.es\/index.php?rest_route=\/wp\/v2\/posts\/61813\/revisions\/61815"}],"wp:featuredmedia":[{"embeddable":true,"href":"https:\/\/miradordeatarfe.es\/index.php?rest_route=\/wp\/v2\/media\/61814"}],"wp:attachment":[{"href":"https:\/\/miradordeatarfe.es\/index.php?rest_route=%2Fwp%2Fv2%2Fmedia&parent=61813"}],"wp:term":[{"taxonomy":"category","embeddable":true,"href":"https:\/\/miradordeatarfe.es\/index.php?rest_route=%2Fwp%2Fv2%2Fcategories&post=61813"},{"taxonomy":"post_tag","embeddable":true,"href":"https:\/\/miradordeatarfe.es\/index.php?rest_route=%2Fwp%2Fv2%2Ftags&post=61813"}],"curies":[{"name":"wp","href":"https:\/\/api.w.org\/{rel}","templated":true}]}}