{"id":61844,"date":"2023-05-29T10:30:59","date_gmt":"2023-05-29T08:30:59","guid":{"rendered":"https:\/\/miradordeatarfe.es\/?p=61844"},"modified":"2023-05-29T10:31:07","modified_gmt":"2023-05-29T08:31:07","slug":"que-por-mayo-era-por-mayo-por-remedios-sanchez","status":"publish","type":"post","link":"https:\/\/miradordeatarfe.es\/?p=61844","title":{"rendered":"\u00abQUE POR MAYO ERA, POR MAYO\u00bb por  Remedios S\u00e1nchez"},"content":{"rendered":"<h3 style=\"text-align: justify;\">Lo de estas elecciones se ve\u00eda venir. Ahora que ha pasado, cuando los que siempre fueron del PSOE sin dejar jam\u00e1s de ser del PP le han dado esta mayor\u00eda irrefutable en Granada, lo mismo alguien debiera plantearse que conviene empezar a mover sillas.<\/h3>\n<p style=\"text-align: justify;\">La p\u00e9rdida de la capital era esperable, mayormente porque el PP se ha tra\u00eddo a la mejor candidata posible y la estrategia ha sido correcta: rodearla de t\u00e9cnicos en \u00e1reas prioritarias, de esas que son las que arrastran el voto mayoritario. Marifr\u00e1n de Granada, la primera alcaldesa de la historia granad\u00ed, ha sido capaz de romper el techo de cristal en mil pedazos y la maldici\u00f3n del espejo que tanto da\u00f1o ha venido haciendo al PP con sus 15 concejales. Se han acabado los siete a\u00f1os de mala suerte y, con su modo pausado de entender la pol\u00edtica, de hablar lo preciso y actuar con firmeza, ha cosechado una mayor\u00eda absoluta y no necesita a la ultraderecha para desarrollar sus pol\u00edticas en la Plaza del Carmen. Los sondeos de GAD3 d\u00e1ndoles cuatro ediles a Vox se han quedado a medias (esto es: en dos raspados) evidenciando que lo suyo es ir saliendo ordenadamente y en silencio por el foro. Y que el \u00faltimo cierre la puerta, que hay corriente.<\/p>\n<p style=\"text-align: justify;\">Mientras, en los espacios de limosneo, por un lado, Ciudadanos implosionaba de manera definitiva con esta detonaci\u00f3n controlada que tienen que agradecerle a Luis Salvador; y, por otro, las izquierdas desunidas se han convertido en la m\u00e1s acabada muestra de c\u00f3mo la soberbia puede quedar deconstruida como una tortilla de Ferr\u00e1n Adri\u00e0 y ser la m\u00e1s acabada historia del fracaso. \u00a0En medio, entre unos y otros, el PSOE de Paco Cuenca puede salvar, in extremis y con 10 concejales, eso que se llama la negra honrilla y mantenerse gestionando la oposici\u00f3n con Ana Mu\u00f1oz y Jacobo Calvo haciendo los milagros de los panes y los peces. Pero, a pesar de lo que ha restado la designaci\u00f3n arbitraria de La Coru\u00f1a como sede de la Inteligencia Artificial, nadie puede ver ah\u00ed la causa del desenga\u00f1o socialista, sino la ratificaci\u00f3n de que, en su lista, faltaban otros nombres que animaran al electorado de izquierdas a no quedarse en casa.<\/p>\n<p style=\"text-align: justify;\">Lo cual que, por mayo, cuando hace la calor, \/ cuando los trigos enca\u00f1an\/ y est\u00e1n los campos en flor, como en el \u2018Romance del prisionero\u2019, ha quedado reformulado el mapa pol\u00edtico andaluz porque la ciudadan\u00eda ha hablado alto y claro. Basta interpretarlo. Si exceptuamos las fortalezas rojas inexpugnables de Armilla, G\u00f3jar, \u00cdllora, Alfacar o Hu\u00e9tor Santill\u00e1n, desde hoy esta provincia se ha vestido de azul en la mayor parte de los pueblos clave. Y esto, claro, obliga a tomar decisiones en la ejecutiva provincial socialista. Desde Sevilla y desde las agrupaciones locales debieran dejar libertad a la serenidad honesta y competente del secretario general, Jos\u00e9 Entrena, para reconstruir un partido que solo dejar\u00e1 de estar prisionero cuando recupere a personas con carisma y prestigio que representan la esencia socialista para los espacios de mayor visibilidad y mande a casa a tanto advenedizo con pretensiones prohijado por Espadas o Ferraz. Porque son, ellos s\u00ed, los m\u00e1ximos responsables de la debacle. En tanto que eso sucede, mientras canta la calandria y responde el ruise\u00f1or, el destino de Granada tiene nombre propio: Marifr\u00e1n Carazo.<\/p>\n","protected":false},"excerpt":{"rendered":"<p>Lo de estas elecciones se ve\u00eda venir. Ahora que ha pasado, cuando los que siempre&#8230;<\/p>\n","protected":false},"author":1,"featured_media":61845,"comment_status":"closed","ping_status":"closed","sticky":false,"template":"","format":"standard","meta":{"_coblocks_attr":"","_coblocks_dimensions":"","_coblocks_responsive_height":"","_coblocks_accordion_ie_support":"","jetpack_post_was_ever_published":false,"_jetpack_newsletter_access":"","_jetpack_dont_email_post_to_subs":false,"_jetpack_newsletter_tier_id":0,"_jetpack_memberships_contains_paywalled_content":false,"_jetpack_memberships_contains_paid_content":false,"footnotes":"","jetpack_publicize_message":"","jetpack_publicize_feature_enabled":true,"jetpack_social_post_already_shared":false,"jetpack_social_options":{"image_generator_settings":{"template":"highway","default_image_id":0,"enabled":false},"version":2}},"categories":[1161,44,7671,6914,15],"tags":[10416,10085],"class_list":["post-61844","post","type-post","status-publish","format-standard","has-post-thumbnail","hentry","category-ciudadania","category-noticias-de-hoy","category-politica","category-opinion-de-reme-sanchez","category-ultimas-noticias","tag-alacaldesa","tag-carazo"],"jetpack_publicize_connections":[],"jetpack_featured_media_url":"https:\/\/i0.wp.com\/miradordeatarfe.es\/wp-content\/uploads\/2023\/05\/carazo.jpeg?fit=268%2C188&ssl=1","jetpack_likes_enabled":true,"jetpack_sharing_enabled":true,"_links":{"self":[{"href":"https:\/\/miradordeatarfe.es\/index.php?rest_route=\/wp\/v2\/posts\/61844","targetHints":{"allow":["GET"]}}],"collection":[{"href":"https:\/\/miradordeatarfe.es\/index.php?rest_route=\/wp\/v2\/posts"}],"about":[{"href":"https:\/\/miradordeatarfe.es\/index.php?rest_route=\/wp\/v2\/types\/post"}],"author":[{"embeddable":true,"href":"https:\/\/miradordeatarfe.es\/index.php?rest_route=\/wp\/v2\/users\/1"}],"replies":[{"embeddable":true,"href":"https:\/\/miradordeatarfe.es\/index.php?rest_route=%2Fwp%2Fv2%2Fcomments&post=61844"}],"version-history":[{"count":1,"href":"https:\/\/miradordeatarfe.es\/index.php?rest_route=\/wp\/v2\/posts\/61844\/revisions"}],"predecessor-version":[{"id":61846,"href":"https:\/\/miradordeatarfe.es\/index.php?rest_route=\/wp\/v2\/posts\/61844\/revisions\/61846"}],"wp:featuredmedia":[{"embeddable":true,"href":"https:\/\/miradordeatarfe.es\/index.php?rest_route=\/wp\/v2\/media\/61845"}],"wp:attachment":[{"href":"https:\/\/miradordeatarfe.es\/index.php?rest_route=%2Fwp%2Fv2%2Fmedia&parent=61844"}],"wp:term":[{"taxonomy":"category","embeddable":true,"href":"https:\/\/miradordeatarfe.es\/index.php?rest_route=%2Fwp%2Fv2%2Fcategories&post=61844"},{"taxonomy":"post_tag","embeddable":true,"href":"https:\/\/miradordeatarfe.es\/index.php?rest_route=%2Fwp%2Fv2%2Ftags&post=61844"}],"curies":[{"name":"wp","href":"https:\/\/api.w.org\/{rel}","templated":true}]}}