{"id":61847,"date":"2023-05-31T08:38:26","date_gmt":"2023-05-31T06:38:26","guid":{"rendered":"https:\/\/miradordeatarfe.es\/?p=61847"},"modified":"2023-05-29T20:16:36","modified_gmt":"2023-05-29T18:16:36","slug":"la-alarmante-advertencia-de-la-aemet-sobre-la-inminente-llegada-de-el-nino-se-confirma-cada-vez-mas","status":"publish","type":"post","link":"https:\/\/miradordeatarfe.es\/?p=61847","title":{"rendered":"La alarmante advertencia de la Aemet sobre la inminente llegada de El Ni\u00f1o: \u00abSe confirma cada vez m\u00e1s\u00bb"},"content":{"rendered":"<div class=\"col-xs-12 col-sm-12 col-md-12\">\n<header class=\"ep-detail-header\">\n<h3 class=\"subtitle\">Las consecuencias pueden llegar a ser devastadoras para el clima global<\/h3>\n<p>Mario Picazo, meteor\u00f3logo de eltiempo.es, fue quien avis\u00f3 de ello. <strong>Hace unas semanas,\u00a0escribi\u00f3 un art\u00edculo\u00a0que no pas\u00f3 inadvertido<\/strong>: lanza un serio aviso sobre qu\u00e9 va a pasar en nuestro pa\u00eds cuando llegue la segunda mitad del a\u00f1o en curso.<\/p>\n<p>Y es que, durante los \u00faltimos tres a\u00f1os las aguas ecuatoriales del\u00a0oc\u00e9ano Pac\u00edfico\u00a0han registrado valores de temperatura inferiores a lo normal, un patr\u00f3n oce\u00e1nico conocido como\u00a0La Ni\u00f1a, pero este 2023 la situaci\u00f3n va a cambiar.\u00a0<strong>Mientras La Ni\u00f1a se deshincha entre febrero y mayo,\u00a0El Ni\u00f1o\u00a0ir\u00e1 emergiendo a partir de los meses de verano,\u00a0<\/strong>seg\u00fan la NOAA\u00a0(Administraci\u00f3n Nacional Oce\u00e1nica y Atmosf\u00e9rica).<\/p>\n<h3><strong>Altas probabilidades<\/strong><\/h3>\n<p>El famoso meteor\u00f3logo ha explicado que \u00abse aproxima un cambio de ciclo que va a impactar severamente en el comportamiento del clima\u00bb.\u00a0<strong>El Ni\u00f1o se va a instalar en diferentes zonas del planeta, \u00abincluida Europa\u00bb\u00a0<\/strong>y lo tacha de un \u00ab<strong>temido fen\u00f3meno\u00bb.\u00a0<\/strong><\/p>\n<div class=\"ep-media\">\n<div class=\"thumb\"><img data-recalc-dims=\"1\" decoding=\"async\" class=\"loading\" src=\"https:\/\/i0.wp.com\/estaticos-cdn.elperiodico.com\/clip\/acf4bfc7-93d2-4be4-a78a-c1cdae2897c7_16-9-aspect-ratio_default_0.jpg?w=640&#038;ssl=1\" alt=\"\" data-was-processed=\"true\" \/><\/div>\n<div class=\"txt\">\n<p class=\"subtitle\">Variaciones con El Ni\u00f1o y La Ni\u00f1a \/ <span class=\"author\">NOAA<\/span><\/p>\n<\/div>\n<\/div>\n<p>Ahora, la Agencia Estatal de Meteorolog\u00eda (Aemet) lo destaca: \u00abParece que la probabilidad de llegada de El Ni\u00f1o este verano se va confirmando cada vez m\u00e1s\u00bb<strong>.<\/strong> <strong>Es algo que hay que tener muy en cuenta<\/strong>, ya que \u00abse trata de una asunto de inter\u00e9s por sus repercusiones en el clima global&#8230;\u00bb, se\u00f1alan.<\/p>\n<p><strong>\u00abSeg\u00fan informe emitido hoy por NOAA, hay un 62% de probabilidad de que se establezcan las condiciones de El Ni\u00f1o <\/strong>durante el periodo mayo-junio: Por su parte, la Organizaci\u00f3n Meteorol\u00f3gica Mundial (OMM) daba ya en marzo una probabilidad del 55% entre junio y agosto\u00bb. Esto es lo que recogen los expertos&#8230; pero, \u00bfqu\u00e9 es este fen\u00f3meno?<\/p>\n<h3><strong>Lo que hay detr\u00e1s de El Ni\u00f1o<\/strong><\/h3>\n<p>Cabe se\u00f1alar que El Ni\u00f1o es un <strong>fen\u00f3meno natural caracterizado por la fluctuaci\u00f3n de las temperaturas del oc\u00e9ano en la parte central y oriental del Pac\u00edfico ecuatorial, asociada a cambios en la atm\u00f3sfera<\/strong>. Es decir, tiene una gran influencia en las condiciones clim\u00e1ticas de diversas partes del mundo.<\/p>\n<p>Gracias a los progresos cient\u00edficos alcanzados en cuanto a su comprensi\u00f3n y su modelizaci\u00f3n, las competencias de predicci\u00f3n han mejorado en escalas temporales de uno a nueve meses de antelaci\u00f3n, lo que\u00a0<strong>ayuda a la sociedad a prepararse para los peligros asociados a ese fen\u00f3meno<\/strong>, tales como las fuertes lluvias, las inundaciones y las sequ\u00edas.\u00a0As\u00ed lo explica la <a href=\"https:\/\/public.wmo.int\/es\" target=\"_blank\" rel=\"noopener\">OMM<\/a>.<\/p>\n<\/header>\n<\/div>\n","protected":false},"excerpt":{"rendered":"<p>Las consecuencias pueden llegar a ser devastadoras para el clima global Mario Picazo, meteor\u00f3logo de&#8230;<\/p>\n","protected":false},"author":1,"featured_media":61848,"comment_status":"closed","ping_status":"closed","sticky":false,"template":"","format":"standard","meta":{"_coblocks_attr":"","_coblocks_dimensions":"","_coblocks_responsive_height":"","_coblocks_accordion_ie_support":"","jetpack_post_was_ever_published":false,"_jetpack_newsletter_access":"","_jetpack_dont_email_post_to_subs":false,"_jetpack_newsletter_tier_id":0,"_jetpack_memberships_contains_paywalled_content":false,"_jetpack_memberships_contains_paid_content":false,"footnotes":"","jetpack_publicize_message":"","jetpack_publicize_feature_enabled":true,"jetpack_social_post_already_shared":false,"jetpack_social_options":{"image_generator_settings":{"template":"highway","default_image_id":0,"enabled":false},"version":2}},"categories":[1161,44,6937,15],"tags":[271,10417],"class_list":["post-61847","post","type-post","status-publish","format-standard","has-post-thumbnail","hentry","category-ciudadania","category-noticias-de-hoy","category-sociedad","category-ultimas-noticias","tag-cambio-climatico","tag-fenomeno-del-nino"],"jetpack_publicize_connections":[],"jetpack_featured_media_url":"https:\/\/i0.wp.com\/miradordeatarfe.es\/wp-content\/uploads\/2023\/05\/NINO.jpg?fit=1200%2C600&ssl=1","jetpack_likes_enabled":true,"jetpack_sharing_enabled":true,"_links":{"self":[{"href":"https:\/\/miradordeatarfe.es\/index.php?rest_route=\/wp\/v2\/posts\/61847","targetHints":{"allow":["GET"]}}],"collection":[{"href":"https:\/\/miradordeatarfe.es\/index.php?rest_route=\/wp\/v2\/posts"}],"about":[{"href":"https:\/\/miradordeatarfe.es\/index.php?rest_route=\/wp\/v2\/types\/post"}],"author":[{"embeddable":true,"href":"https:\/\/miradordeatarfe.es\/index.php?rest_route=\/wp\/v2\/users\/1"}],"replies":[{"embeddable":true,"href":"https:\/\/miradordeatarfe.es\/index.php?rest_route=%2Fwp%2Fv2%2Fcomments&post=61847"}],"version-history":[{"count":1,"href":"https:\/\/miradordeatarfe.es\/index.php?rest_route=\/wp\/v2\/posts\/61847\/revisions"}],"predecessor-version":[{"id":61849,"href":"https:\/\/miradordeatarfe.es\/index.php?rest_route=\/wp\/v2\/posts\/61847\/revisions\/61849"}],"wp:featuredmedia":[{"embeddable":true,"href":"https:\/\/miradordeatarfe.es\/index.php?rest_route=\/wp\/v2\/media\/61848"}],"wp:attachment":[{"href":"https:\/\/miradordeatarfe.es\/index.php?rest_route=%2Fwp%2Fv2%2Fmedia&parent=61847"}],"wp:term":[{"taxonomy":"category","embeddable":true,"href":"https:\/\/miradordeatarfe.es\/index.php?rest_route=%2Fwp%2Fv2%2Fcategories&post=61847"},{"taxonomy":"post_tag","embeddable":true,"href":"https:\/\/miradordeatarfe.es\/index.php?rest_route=%2Fwp%2Fv2%2Ftags&post=61847"}],"curies":[{"name":"wp","href":"https:\/\/api.w.org\/{rel}","templated":true}]}}