{"id":61860,"date":"2023-05-30T11:00:06","date_gmt":"2023-05-30T09:00:06","guid":{"rendered":"https:\/\/miradordeatarfe.es\/?p=61860"},"modified":"2023-05-30T11:11:55","modified_gmt":"2023-05-30T09:11:55","slug":"atarfe-concejales-elegidos-tras-las-elecciones-del-28m-de-2023","status":"publish","type":"post","link":"https:\/\/miradordeatarfe.es\/?p=61860","title":{"rendered":"ATARFE: Los 17 concejales electos del nuevo Ayuntamiento"},"content":{"rendered":"<h3>Un Concejal es una autoridad elegida mediante por sufragio universal, de manera conjunta y en c\u00e9dula separada de la de alcaldes. Se eligen por votaci\u00f3n directa universal, mediante un sistema de representaci\u00f3n proporcional.<\/h3>\n<p>Forma parte del Pleno Municipal, que es una entidad de car\u00e1cter normativo, resolutivo y fiscalizador, encargado de hacer efectiva la participaci\u00f3n de la comunidad local y de ejercer las atribuciones que se\u00f1ala la ley.Duran cuatro a\u00f1os en sus cargos y pueden ser reelegidos.<\/p>\n<p><strong>ATARFE SIGUE SIENDO DE IZQUIERDAS: <\/strong><\/p>\n<p><strong>Suma de los voto de partidos de izquierdas<\/strong><\/p>\n<p>PSOE: 2.811<br \/>\nIU: 942<br \/>\nPODEMOS: 177<br \/>\nAdelante Andalucia: 66<br \/>\n<span style=\"color: #ff0000;\"><strong>Total: 4.096<\/strong><\/span><\/p>\n<p><strong>Suma de los votos de\u00a0 partidos de derechas:<\/strong><br \/>\nPP: 2.797<br \/>\nVOX: 808<br \/>\n<span style=\"color: #3366ff;\"><strong>Total: 3.602<\/strong><\/span><\/p>\n<p>Y ESTOS SON L<span style=\"color: #993300;\">OS CONCEJALES QUE HAN SALIDO ELEGIDOS<\/span> (provisionalmente) de las urnas del d\u00eda 28<\/p>\n<h2><strong>PSOE<\/strong><\/h2>\n<p>1.Yolanda Fern\u00e1ndez Morales<br \/>\n2. Andrea Quirantes Barrios<br \/>\n3. Francisco Javier P\u00e9rez Jim\u00e9nez<br \/>\n4. Mar\u00eda Mercedes Pozo Mir\u00f3n<br \/>\n5. V\u00edctor Manuel Almohano Gonz\u00e1lez<br \/>\n6. Mar\u00eda Elisa Gonz\u00e1lez Garc\u00eda<br \/>\n7. Jos\u00e9 Javier Arenas Montero<\/p>\n<h2>PP<\/h2>\n<p>1. Antonio D\u00edaz S\u00e1nchez<br \/>\n2. Jos\u00e9 Miguel Garc\u00eda Aivar<br \/>\n3. Antonio Pascual Mart\u00edn Rubio (Independiente)<br \/>\n4. Beatriz Jim\u00e9nez Moles<br \/>\n5. Gema Mar\u00eda Sequera S\u00e1nchez<br \/>\n6. Miguel \u00c1ngel P\u00e9rez Cuerva<\/p>\n<h2>IU PARA LA GENTE<\/h2>\n<p>1 Mar\u00eda Jennifer Garc\u00eda Moreno (IU)<br \/>\n2. Jos\u00e9 Gonz\u00e1lez Lozano (IU)<\/p>\n<h2>VOX<\/h2>\n<p>1 .Francisco Javier \u00c1lvarez Morales<br \/>\n2. Marta Pe\u00f1a P\u00e9rez<\/p>\n","protected":false},"excerpt":{"rendered":"<p>Un Concejal es una autoridad elegida mediante por sufragio universal, de manera conjunta y en&#8230;<\/p>\n","protected":false},"author":1,"featured_media":61861,"comment_status":"closed","ping_status":"closed","sticky":false,"template":"","format":"standard","meta":{"_coblocks_attr":"","_coblocks_dimensions":"","_coblocks_responsive_height":"","_coblocks_accordion_ie_support":"","jetpack_post_was_ever_published":false,"_jetpack_newsletter_access":"","_jetpack_dont_email_post_to_subs":false,"_jetpack_newsletter_tier_id":0,"_jetpack_memberships_contains_paywalled_content":false,"_jetpack_memberships_contains_paid_content":false,"footnotes":"","jetpack_publicize_message":"","jetpack_publicize_feature_enabled":true,"jetpack_social_post_already_shared":false,"jetpack_social_options":{"image_generator_settings":{"template":"highway","default_image_id":0,"enabled":false},"version":2}},"categories":[2,6916,44,7671,15],"tags":[81,259,195],"class_list":["post-61860","post","type-post","status-publish","format-standard","has-post-thumbnail","hentry","category-atarfe","category-ayuntamiento-de-atarfe","category-noticias-de-hoy","category-politica","category-ultimas-noticias","tag-atarfe","tag-concejales","tag-elecciones-municipales"],"jetpack_publicize_connections":[],"jetpack_featured_media_url":"https:\/\/i0.wp.com\/miradordeatarfe.es\/wp-content\/uploads\/2023\/05\/condolencias.jpg?fit=600%2C400&ssl=1","jetpack_likes_enabled":true,"jetpack_sharing_enabled":true,"_links":{"self":[{"href":"https:\/\/miradordeatarfe.es\/index.php?rest_route=\/wp\/v2\/posts\/61860","targetHints":{"allow":["GET"]}}],"collection":[{"href":"https:\/\/miradordeatarfe.es\/index.php?rest_route=\/wp\/v2\/posts"}],"about":[{"href":"https:\/\/miradordeatarfe.es\/index.php?rest_route=\/wp\/v2\/types\/post"}],"author":[{"embeddable":true,"href":"https:\/\/miradordeatarfe.es\/index.php?rest_route=\/wp\/v2\/users\/1"}],"replies":[{"embeddable":true,"href":"https:\/\/miradordeatarfe.es\/index.php?rest_route=%2Fwp%2Fv2%2Fcomments&post=61860"}],"version-history":[{"count":8,"href":"https:\/\/miradordeatarfe.es\/index.php?rest_route=\/wp\/v2\/posts\/61860\/revisions"}],"predecessor-version":[{"id":61891,"href":"https:\/\/miradordeatarfe.es\/index.php?rest_route=\/wp\/v2\/posts\/61860\/revisions\/61891"}],"wp:featuredmedia":[{"embeddable":true,"href":"https:\/\/miradordeatarfe.es\/index.php?rest_route=\/wp\/v2\/media\/61861"}],"wp:attachment":[{"href":"https:\/\/miradordeatarfe.es\/index.php?rest_route=%2Fwp%2Fv2%2Fmedia&parent=61860"}],"wp:term":[{"taxonomy":"category","embeddable":true,"href":"https:\/\/miradordeatarfe.es\/index.php?rest_route=%2Fwp%2Fv2%2Fcategories&post=61860"},{"taxonomy":"post_tag","embeddable":true,"href":"https:\/\/miradordeatarfe.es\/index.php?rest_route=%2Fwp%2Fv2%2Ftags&post=61860"}],"curies":[{"name":"wp","href":"https:\/\/api.w.org\/{rel}","templated":true}]}}