{"id":61868,"date":"2023-05-31T08:09:11","date_gmt":"2023-05-31T06:09:11","guid":{"rendered":"https:\/\/miradordeatarfe.es\/?p=61868"},"modified":"2023-05-31T09:42:27","modified_gmt":"2023-05-31T07:42:27","slug":"calendario-de-las-elecciones-generales-2023-fechas-de-campana-coaliciones-y-listas-electorales","status":"publish","type":"post","link":"https:\/\/miradordeatarfe.es\/?p=61868","title":{"rendered":"Calendario de las elecciones generales 2023: fechas de campa\u00f1a, coaliciones y listas electorales"},"content":{"rendered":"<header>\n<h2 style=\"text-align: justify;\">A falta de publicarse el BOE con la convocatoria, estas son las fechas clave del procedimiento electoral<\/h2>\n<\/header>\n<div class=\"cnt-data-art\" style=\"text-align: justify;\">\n<div class=\"c-i\">\n<div class=\"lead-art\">\u00a0<\/div>\n<\/div>\n<\/div>\n<div class=\"cnt-byline\" style=\"text-align: justify;\">Pedro S\u00e1nchez ha anunciado este lunes 29 de mayo el <a href=\"https:\/\/cadenaser.com\/nacional\/2023\/05\/29\/pedro-sanchez-adelanta-las-elecciones-generales-al-23-de-julio-cadena-ser\/\" target=\"_blank\" rel=\"noopener\">adelanto electoral de los comicios generales<\/a> que estaban programados para finales de este a\u00f1o. Como respuesta a los desastrosos resultados en las <a href=\"https:\/\/cadenaser.com\/nacional\/2023\/05\/28\/resultados-de-las-elecciones-municipales-2023-consulta-en-tiempo-real-quien-va-ganando-en-cada-ayuntamiento-cadena-ser\/\" target=\"_blank\" rel=\"noopener\">elecciones municipales<\/a> y <a href=\"https:\/\/cadenaser.com\/nacional\/2023\/05\/28\/resultados-de-las-elecciones-autonomicas-2023-consulta-en-tiempo-real-quien-va-ganando-en-cada-comunidad-autonoma-cadena-ser\/\" target=\"_blank\" rel=\"noopener\">auton\u00f3micas<\/a> del 28M, el presidente del Gobierno ha tomado la decisi\u00f3n de no prolongar la cita democr\u00e1tica y llamar a los espa\u00f1oles a las urnas para decidir el futuro de Espa\u00f1a para los pr\u00f3ximos cuatro a\u00f1os. El <a href=\"https:\/\/cadenaser.com\/nacional\/2023\/05\/28\/el-pp-arrasa-en-las-elecciones-del-28-m-y-tine-de-azul-el-mapa-local-y-autonomico-cadena-ser\/\" target=\"_blank\" rel=\"noopener\">PP ha te\u00f1ido de azul el mapa local y auton\u00f3mico de Espa\u00f1a<\/a>, d\u00e1ndole poder al partido liderado por Feij\u00f3o en comunidades como Madrid, Cantabria, La Rioja o la Comunitat Valenciana, por lo que S\u00e1nchez asume las votaciones con el reto de revertir la situaci\u00f3n.<\/div>\n<div class=\"cnt-txt\" style=\"text-align: justify;\">\n<p>De acuerdo a lo anunciado desde La Moncloa, en un comunicado sin preguntas de los medios, las Cortes Generales se disolver\u00e1n este mi\u00e9rcoles para cumplir con los plazos legales y poder llevar a cabo el anticipo de las elecciones generales al 23 de julio, siempre que Felipe VI tiene firme antes el real decreto de disoluci\u00f3n. Tal y como dictan los plazos establecidos por la Constituci\u00f3n, una vez que el Consejo de Ministros se re\u00fana esta misma tarde para aprobar el real decreto que disolver\u00e1 el Congreso y el Senado, su majestad tendr\u00e1 que rubricarlo para poder publicarse en el Bolet\u00edn Oficial del Estado (BOE) el martes. As\u00ed, el real decreto de disoluci\u00f3n de las Cortes y de convocatoria electoral entrar\u00e1 en vigor el mi\u00e9rcoles 31 de mayo, fecha en la que se disolver\u00e1n las c\u00e1maras para que las elecciones generales puedan celebrarse el <strong>quincuag\u00e9simo cuarto d\u00eda<\/strong> \u2014 no antes ni despu\u00e9s \u2014 posterior a la convocatoria.<\/p>\n<h3>\u00bfCu\u00e1ndo empezar\u00e1 la campa\u00f1a electoral de las generales 2023?<\/h3>\n<p>El anuncio del anticipo de las elecciones generales trae consigo un hecho hist\u00f3rico ya que se trata de los primeros comicios generales que tendr\u00e1n lugar en un mes de vacaciones de verano; pudiendo poder fin al primer gobierno de coalici\u00f3n de izquierdas de la historia de la democracia espa\u00f1ola. Las fechas de campa\u00f1a estar\u00e1n incluidas en el real decreto, pero estas son algunos d\u00edas clave del procedimiento electoral:<\/p>\n<ul>\n<li><b>9 de junio<\/b>. L\u00edmite para anunciar coaliciones.<\/li>\n<li><b>13 de junio y hasta finales de mes<\/b>. Formaci\u00f3n de los gobiernos auton\u00f3micos.<\/li>\n<li><b>17 de junio<\/b>. Constituci\u00f3n de los nuevos ayuntamientos.<\/li>\n<li><b>19 de junio.<\/b> Fecha l\u00edmite para presentar las candidaturas al Congreso y al Senado.<\/li>\n<li><b>21 de junio. <\/b>Publicaci\u00f3n de las listas electorales.<\/li>\n<li><b>7 de julio. <\/b>Inicio de la campa\u00f1a electoral.<\/li>\n<li><b>21 de julio<\/b>. Fin de la campa\u00f1a electoral.<\/li>\n<li><b>22 de julio<\/b>. Jornada de reflexi\u00f3n.<\/li>\n<li><b>23 de julio:<\/b> Celebraci\u00f3n de las elecciones generales.<\/li>\n<\/ul>\n<p>A partir del anuncio oficial de la convocatoria de las elecciones este martes, las distintas formaciones pol\u00edticas que deseen presentar a un candidato para las generales 2023 tendr\u00e1n <strong>desde el 31 de mayo y hasta el 9 de junio para anunciar posibles coaliciones.<\/strong> Estas alianzas deben formalizarse en las distintas juntas electorales, sean provinciales o la JEC, si su \u00e1mbito supera una circunscripci\u00f3n. Esto mete presi\u00f3n a formaciones como Sumar, que se encontraba en plena negociaci\u00f3n con Podemos para cerrar una coalici\u00f3n con Yolanda D\u00edaz al frente.<\/p>\n<section class=\"c-sum fotx\">\n<figure><picture><source srcset=\"https:\/\/cadenaser.com\/resizer\/udqRiGhcxef4dlwRhjcc9EJUVLw=\/1200x675\/filters:quality(70)\/cloudfront-eu-central-1.images.arcpublishing.com\/prisaradio\/KPPAMZIZBVGODC7OPJSB5HVPEQ.jpg\" media=\"(min-width: 1200px)\" \/><source srcset=\"https:\/\/cadenaser.com\/resizer\/XQun4KB3dTNPdGEegpwoW9y8PSg=\/990x557\/filters:quality(70)\/cloudfront-eu-central-1.images.arcpublishing.com\/prisaradio\/KPPAMZIZBVGODC7OPJSB5HVPEQ.jpg\" media=\"(min-width: 990px)\" \/><source srcset=\"https:\/\/cadenaser.com\/resizer\/6lPV_teXYGSTMrVd8dDa7fp5k28=\/983x553\/filters:quality(70)\/cloudfront-eu-central-1.images.arcpublishing.com\/prisaradio\/KPPAMZIZBVGODC7OPJSB5HVPEQ.jpg\" media=\"(min-width: 990px)\" \/><source srcset=\"https:\/\/cadenaser.com\/resizer\/MQMgtaQ2bCSL-rucHopbCMc5bNA=\/768x432\/filters:quality(70)\/cloudfront-eu-central-1.images.arcpublishing.com\/prisaradio\/KPPAMZIZBVGODC7OPJSB5HVPEQ.jpg\" media=\"(max-width: 768px)\" \/><source srcset=\"https:\/\/cadenaser.com\/resizer\/Tss9lYEphfkTNCQX9i5OYPDpLWc=\/736x414\/filters:quality(70)\/cloudfront-eu-central-1.images.arcpublishing.com\/prisaradio\/KPPAMZIZBVGODC7OPJSB5HVPEQ.jpg\" media=\"(max-width: 768px)\" \/><source srcset=\"https:\/\/cadenaser.com\/resizer\/0YCFoi_21OLnH788NelnbRlJ4bw=\/414x233\/filters:quality(70)\/cloudfront-eu-central-1.images.arcpublishing.com\/prisaradio\/KPPAMZIZBVGODC7OPJSB5HVPEQ.jpg\" media=\"(max-width: 414px)\" \/><source srcset=\"https:\/\/cadenaser.com\/resizer\/DgWGKgSiuP0aWWEkPYfoaFlOCX8=\/382x215\/filters:quality(70)\/cloudfront-eu-central-1.images.arcpublishing.com\/prisaradio\/KPPAMZIZBVGODC7OPJSB5HVPEQ.jpg\" media=\"(max-width: 414px)\" \/><source srcset=\"https:\/\/cadenaser.com\/resizer\/HE8CNqSW8lhlmHA96bG32ABFAcc=\/343x193\/filters:quality(70)\/cloudfront-eu-central-1.images.arcpublishing.com\/prisaradio\/KPPAMZIZBVGODC7OPJSB5HVPEQ.jpg\" media=\"(max-width: 375px)\" \/><source srcset=\"https:\/\/cadenaser.com\/resizer\/WlfwZsliWQxntm6K8NVt0Syn87E=\/288x162\/filters:quality(70)\/cloudfront-eu-central-1.images.arcpublishing.com\/prisaradio\/KPPAMZIZBVGODC7OPJSB5HVPEQ.jpg\" media=\"(max-width: 320px)\" \/><\/picture><\/figure>\n<\/section>\n<p><strong>Entre el 14 de junio y el 19 de junio<\/strong>, los partidos pol\u00edticos, coaliciones o agrupaciones <strong>deber\u00e1n presentar en las juntas electorales y provinciales sus candidaturas al Congreso y al Senado.<\/strong> Estas listas electorales se publicar\u00e1n en el BOE el 21 de junio, aunque estas no ser\u00e1n las definitivas ya que existe un plazo para corregir errores.<\/p>\n<p>Entre medias, con la reciente celebraci\u00f3n de las elecciones municipales y auton\u00f3micas, el anuncio de otros nuevos comicios para este 2023 coincide con la formaci\u00f3n de los nuevos gobiernos auton\u00f3micos y la constituci\u00f3n de los nuevos ayuntamientos. Todos los nuevos ayuntamiento elegidos el 28M deber\u00e1n constituirse el s\u00e1bado 17 de junio. Los pactos y alianzas que surjan en el \u00e1mbito local pueden marcar un precedente para lo que suceda en las elecciones generales. Para la formaci\u00f3n de los gobiernos auton\u00f3micos existen diferentes fechas, pero suceder\u00e1 entre los d\u00edas 13 de junio y hasta finales de mes, siendo la Asamblea de Madrid el primero en constituirse.<\/p>\n<p><strong>El 7 de julio a la medianoche, coincidiendo con el inicio de las fiestas de San Ferm\u00edn, arrancar\u00e1 la campa\u00f1a electoral,<\/strong> que finalizar\u00e1 a las dos semanas, el viernes 21 de julio. Siguiendo los protocolos electorales, el s\u00e1bado 22 de julio ser\u00e1 la jornada de reflexi\u00f3n, en la que estar\u00e1 prohibido celebrar actos de campa\u00f1a. Al d\u00eda siguiente, el 23 de julio, m\u00e1s de 36 millones de espa\u00f1oles estar\u00e1n llamados a votar por el futuro presidencial de Espa\u00f1a en los pr\u00f3ximos cuatro a\u00f1os.<\/p>\n<div>\n<p><a class=\"au-wb\" title=\"Redacci\u00f3n\" href=\"https:\/\/cadenaser.com\/autor\/cadena_ser\/a\/\">Redacci\u00f3n\u00a0<\/a> <a class=\"emi\" title=\"Cadena SER\" href=\"https:\/\/cadenaser.com\/cadena-ser\/\">Cadena SER<\/a><\/p>\n<\/div>\n<\/div>\n<p style=\"text-align: justify;\">FOTO: Pedro S\u00e1nchez y Feij\u00f3o, principal l\u00edder de la oposici\u00f3n, se medir\u00e1n en los comicios del 23J \/ SMariscal EFE<\/p>\n<p style=\"text-align: justify;\">https:\/\/cadenaser.com\/nacional\/2023\/05\/29\/calendario-de-las-elecciones-generales-2023-fechas-de-campana-coaliciones-y-listas-electorales-cadena-ser\/<\/p>\n","protected":false},"excerpt":{"rendered":"<p>A falta de publicarse el BOE con la convocatoria, estas son las fechas clave del&#8230;<\/p>\n","protected":false},"author":1,"featured_media":61869,"comment_status":"closed","ping_status":"closed","sticky":false,"template":"","format":"standard","meta":{"_coblocks_attr":"","_coblocks_dimensions":"","_coblocks_responsive_height":"","_coblocks_accordion_ie_support":"","jetpack_post_was_ever_published":false,"_jetpack_newsletter_access":"","_jetpack_dont_email_post_to_subs":false,"_jetpack_newsletter_tier_id":0,"_jetpack_memberships_contains_paywalled_content":false,"_jetpack_memberships_contains_paid_content":false,"footnotes":"","jetpack_publicize_message":"","jetpack_publicize_feature_enabled":true,"jetpack_social_post_already_shared":false,"jetpack_social_options":{"image_generator_settings":{"template":"highway","default_image_id":0,"enabled":false},"version":2}},"categories":[1161,44,7671,15],"tags":[10421],"class_list":["post-61868","post","type-post","status-publish","format-standard","has-post-thumbnail","hentry","category-ciudadania","category-noticias-de-hoy","category-politica","category-ultimas-noticias","tag-calendario-elecciones"],"jetpack_publicize_connections":[],"jetpack_featured_media_url":"https:\/\/i0.wp.com\/miradordeatarfe.es\/wp-content\/uploads\/2023\/05\/ELE.png?fit=499%2C210&ssl=1","jetpack_likes_enabled":true,"jetpack_sharing_enabled":true,"_links":{"self":[{"href":"https:\/\/miradordeatarfe.es\/index.php?rest_route=\/wp\/v2\/posts\/61868","targetHints":{"allow":["GET"]}}],"collection":[{"href":"https:\/\/miradordeatarfe.es\/index.php?rest_route=\/wp\/v2\/posts"}],"about":[{"href":"https:\/\/miradordeatarfe.es\/index.php?rest_route=\/wp\/v2\/types\/post"}],"author":[{"embeddable":true,"href":"https:\/\/miradordeatarfe.es\/index.php?rest_route=\/wp\/v2\/users\/1"}],"replies":[{"embeddable":true,"href":"https:\/\/miradordeatarfe.es\/index.php?rest_route=%2Fwp%2Fv2%2Fcomments&post=61868"}],"version-history":[{"count":1,"href":"https:\/\/miradordeatarfe.es\/index.php?rest_route=\/wp\/v2\/posts\/61868\/revisions"}],"predecessor-version":[{"id":61870,"href":"https:\/\/miradordeatarfe.es\/index.php?rest_route=\/wp\/v2\/posts\/61868\/revisions\/61870"}],"wp:featuredmedia":[{"embeddable":true,"href":"https:\/\/miradordeatarfe.es\/index.php?rest_route=\/wp\/v2\/media\/61869"}],"wp:attachment":[{"href":"https:\/\/miradordeatarfe.es\/index.php?rest_route=%2Fwp%2Fv2%2Fmedia&parent=61868"}],"wp:term":[{"taxonomy":"category","embeddable":true,"href":"https:\/\/miradordeatarfe.es\/index.php?rest_route=%2Fwp%2Fv2%2Fcategories&post=61868"},{"taxonomy":"post_tag","embeddable":true,"href":"https:\/\/miradordeatarfe.es\/index.php?rest_route=%2Fwp%2Fv2%2Ftags&post=61868"}],"curies":[{"name":"wp","href":"https:\/\/api.w.org\/{rel}","templated":true}]}}