{"id":61883,"date":"2023-05-31T10:06:32","date_gmt":"2023-05-31T08:06:32","guid":{"rendered":"https:\/\/miradordeatarfe.es\/?p=61883"},"modified":"2023-05-29T21:10:20","modified_gmt":"2023-05-29T19:10:20","slug":"hermenegildo-lanz-por-reynaldo-fernandez","status":"publish","type":"post","link":"https:\/\/miradordeatarfe.es\/?p=61883","title":{"rendered":"\u00bb Hermenegildo Lanz\u00bb por Reynaldo Fern\u00e1ndez"},"content":{"rendered":"<header class=\"pg-head\">\n<h3 style=\"text-align: justify;\">Una gran figura de la Edad de Plata granadina y creador universal<\/h3>\n<\/header>\n<div class=\"gd\">\n<div class=\"gdu u16 u-first\">\n<div class=\"pg-body\">\n<div class=\"mce-body \">\n<p class=\"mce\" style=\"text-align: justify;\">Obra de referencia para acercarnos a este personaje es el cat\u00e1logo de la exposici\u00f3n<em class=\"mce\"> Fulgor y castigo de Hermegildo Lanz<\/em>, con textos de Alejandro V. Garc\u00eda, Antonio Covaleda, Emilio Escoriza, Hermenegildo Lanz y Juan Mata Anaya, publicado por la Diputaci\u00f3n de Granada en 2019.<\/p>\n<p class=\"mce\" style=\"text-align: justify;\">Hermenegildo Lanz (Sevilla 1893 &#8211; Granada 1949) se form\u00f3 en la Escuela Superior de Pintura, Escultura y Grabado de Madrid. <strong class=\"mce\">Pintor, grabador, tirititero, escen\u00f3grafo, fot\u00f3grafo, dise\u00f1ador y docente<\/strong>, lleg\u00f3 a Granada en 1917 para tomar posesi\u00f3n como profesor de dibujo de la Escuela Normal. Fue miembro fundador de la tertulia de El Rinconcillo. En 1920 Manuel de Falla se instal\u00f3 en Granada, Lanz tendr\u00e1 una gran amistad con \u00e9l, con los hermanos Lorca, Fernando de los R\u00edos, Manuel \u00c1ngeles Ort\u00edz, \u00c1ngel Barrios y Valent\u00edn Ruiz Aznar, maestro de capilla de la Catedral de Granada, entre otros. Particip\u00f3 en el Concurso de Cante Jondo de 1922. En 1925 fund\u00f3 el Ateneo Literario y Cient\u00edfico de Granada.<\/p>\n<h2 class=\"mce\" style=\"text-align: justify;\">Tres momentos decisivos<\/h2>\n<p class=\"mce\" style=\"text-align: justify;\">Lorca ide\u00f3, con Adolfo Salazar y Manuel de Falla, la creaci\u00f3n de un teatro que se llamar\u00eda \u201cLos t\u00edteres de Cachiporra de Granada\u201d.\u00a0<strong class=\"mce\">Hermenegildo Lanz elevar\u00e1 el mundo popular de las marionetas<\/strong> a la categor\u00eda de arte, en sinton\u00eda con otros movimientos de vanguardia europeos, especialmente de pa\u00edses como Rusia e Italia.<\/p>\n<p class=\"mce\" style=\"text-align: justify;\">El primer momento decisivo ser\u00eda la <strong class=\"mce\">Fiesta del D\u00eda de los Reyes Magos<\/strong>, el 6 de enero de 1923, en la casa de la familia Lorca, como regalo a la hermana peque\u00f1a de Federico, Isabel. Se represent\u00f3 el entrem\u00e9s Los dos habladores, el cuento La ni\u00f1a que riega la albahaca y el pr\u00edncipe pregunt\u00f3n, que Federico adapt\u00f3 escribiendo los di\u00e1logos, y el Misterio de los Reyes Magos, un auto del siglo XIII. Prepararon el piano introduciendo hojas de papel entre las cuerdas para que imitara el sonido de un clavec\u00edn. Lorca se encarg\u00f3 de los textos y Lanz de los t\u00edteres y decorados, mientras que Falla seleccion\u00f3 la m\u00fasica y actu\u00f3 de int\u00e9rprete.<\/p>\n<p class=\"mce\" style=\"text-align: justify;\">El 28 de abril de 1923 Falla escribi\u00f3 a Lanz para pedirle la realizaci\u00f3n de los t\u00edteres y <strong class=\"mce\">los decorados del <em class=\"mce\">Retablo de Maese Pedro<\/em>,<\/strong> obra que le hab\u00eda encargado la Princesa de Polignac en 1918. Entre las instrucciones de Falla est\u00e1 la petici\u00f3n de que se inspire en las pinturas de la Sala de los Reyes del Palacio de los Leones de la Alhambra. Se estren\u00f3 el 25 de junio de 1923. En 1926 se represent\u00f3 en \u00c1msterdam con la direcci\u00f3n esc\u00e9nica de Luis Bu\u00f1uel. En 1927 Falla solicit\u00f3 al pintor Zuloaga una nueva versi\u00f3n de las marionetas y decorados, que se represent\u00f3 en 1928.<\/p>\n<p class=\"mce\" style=\"text-align: justify;\">En 1927 tuvo lugar la representaci\u00f3n del auto sacramental <em class=\"mce\">El gran teatro del mundo,<\/em> de Calder\u00f3n de la Barca, a iniciativa de Falla, Antonio Gallego Bur\u00edn, \u00c1ngel Barrios y Valent\u00edn Ruiz Aznar. Lanz dirigi\u00f3 el festival, se encarg\u00f3 de la construcci\u00f3n del teatro, la escenograf\u00eda, los figurines y la luminotecnia.<\/p>\n<p class=\"mce\" style=\"text-align: justify;\">No hay que olvidar <strong class=\"mce\">su influencia en Latinoam\u00e9rica<\/strong>, a trav\u00e9s de Federico Garc\u00eda Lorca, siendo pionero en la implantaci\u00f3n del teatro de papel, como ha estudiado Yanisbel V. Mart\u00ednez.<\/p>\n<p class=\"mce\" style=\"text-align: justify;\">Particip\u00f3 en las Misiones Pedag\u00f3gicas y en el grupo teatral de La Barraca, de la II Rep\u00fablica, y en 1936 colabor\u00f3 con el grupo teatral de estudiantes La Carreta.<\/p>\n<div class=\"inset inset-L inset-L-w7\" style=\"text-align: justify;\">\n<figure class=\"image-holder\"><span class=\"obj-img hmedia\"> <a class=\"fn\" href=\"https:\/\/www.granadahoy.com\/2023\/05\/27\/ocio\/Totolin_1796831140_185477212_1200x675.jpg\" rel=\"enclosure\" type=\"image\/jpeg\">Totol\u00edn<\/a><\/span><\/p>\n<div id=\"standard_2\" class=\"st-placement standard_2 inImageRestricted\">\n<div class=\"st-adunit st-adunit-tagged st-reset st-show\">\n<div class=\"st-adunit-ad st-reset\">\u00a0<\/div>\n<\/div>\n<\/div>\n<p><span class=\"obj-img hmedia\"><img data-recalc-dims=\"1\" loading=\"lazy\" decoding=\"async\" class=\"photo lazy\" src=\"https:\/\/i0.wp.com\/www.granadahoy.com\/2023\/05\/27\/ocio\/Totolin_1796831140_185477212_1200x675.jpg?resize=640%2C360&#038;ssl=1\" alt=\"Totol\u00edn\" width=\"640\" height=\"360\" data-src=\"\/2023\/05\/27\/ocio\/Totolin_1796831140_185477212_1200x675.jpg\" \/><\/span><figcaption>\n<div class=\"footnote\">\n<p class=\"text\">Totol\u00edn <wbr \/> \/ <span class=\"source\">G. H.<\/span><\/p>\n<\/div>\n<\/figcaption><\/figure>\n<\/div>\n<h2 class=\"mce\" style=\"text-align: justify;\">Totol\u00edn, una marioneta para los tiempos oscuros y un alter ego<\/h2>\n<p class=\"mce\" style=\"text-align: justify;\">Despu\u00e9s de la Guerra Civil, a Lanz se le priva de su plaza de profesor, tiene que afrontar diversos procesos y juicios, sanciones, expedientes, detenciones y multas. Ser\u00e1 un tiempo oscuro de pobreza y olvido.<\/p>\n<p class=\"mce\" style=\"text-align: justify;\">Lanz hab\u00eda construido a Totol\u00edn, una marioneta de hilos y a la vez una figura literaria, un payaso que puede decir tonter\u00edas, que habla en broma, de forma sat\u00edrica, y as\u00ed se le permite decir aquello que a los humanos les estaba prohibido por la dictadura. Antonio Covaleda, periodista y escritor, cre\u00f3 una secci\u00f3n en La Estafeta Literaria donde da voz a Totol\u00edn (1944-1945).<\/p>\n<h2 class=\"mce\" style=\"text-align: justify;\">Su legado<\/h2>\n<p class=\"mce\" style=\"text-align: justify;\">Tallas de cabezas de marionetas en madera, figuras planas, teatricos, telones de fondo, indumentaria, grabados, dibujos, fotograf\u00edas, epistolario, archivo, biblioteca con anotaciones en los libros, dedicatorias, papeles y recibos introducidos entes sus p\u00e1ginas, etc., <strong class=\"mce\">un gran patrimonio que han guardado primorosamente su hijo y actualmente su nieto<\/strong> Enrique Lanz, fundador de la compa\u00f1\u00eda T\u00edteres Etc\u00e9tera.<\/p>\n<p class=\"mce\" style=\"text-align: justify;\">En Granada <strong class=\"mce\">se podr\u00eda hacer un gran proyecto con este legado,<\/strong> con una parte de museo, otra de archivo y biblioteca para la investigaci\u00f3n, sin olvidar la parte creativa, de producci\u00f3n y de exhibici\u00f3n permanente y de intercambio con diversas compa\u00f1\u00edas a nivel internacional. En Granada capital y provincia tenemos una red de espacios esc\u00e9nicos que podr\u00edan acoger este gran Centro de t\u00edteres de cachiporra. Modelos de \u00e9xito tampoco nos faltan, entre otros el Teatro de marionetas del Palacio Sch\u00f6nbrunn en Viena, el Centro Internazionale Vittorio Podrecca Teatro delle Meraviglie de Friuli, el teatro de las marionetas en el Bosco di Capodimonte en N\u00e1poles o la Opera dei Pupi en Palermo. Es fundamental que las instituciones apoyen esta iniciativa, dado el gran valor y originalidad de este gran Patrimonio cultural.<\/p>\n<h2 class=\"mce\" style=\"text-align: justify;\">Actualidad<\/h2>\n<p class=\"mce\" style=\"text-align: justify;\">De abril a octubre tenemos la exposici\u00f3n <strong class=\"mce\"><em class=\"mce\">Los t\u00edteres de Lorca, Lanz y Falla<\/em><\/strong>, comisariada por Andrew Anderson, en el Centro Federico Garc\u00eda Lorca. El 1 de junio, en la huerta de San Vicente la compa\u00f1\u00eda Etc\u00e9tera interpretar\u00e1 su obra <em class=\"mce\">Almavera<\/em>. Enrique Lanz y Yanisbel Mart\u00ednez ser\u00e1n los comisarios de la exposici\u00f3n<em class=\"mce\"> Trabajos cachiporr\u00edsticos<\/em>, en el Granero de la Casa natal de Federico Garc\u00eda Lorca en Fuente Vaqueros, el 5 de junio. Ese mismo d\u00eda se les har\u00e1 entrega del<strong class=\"mce\"> premio del Pozo de Plata,<\/strong> que otorga dicha instituci\u00f3n. El 15 de junio, en el Museo de la Casa de los Tiros se inaugurar\u00e1 una exposici\u00f3n sobre el Retablo de Maese Pedro, organizada por el Archivo Manuel de Falla. En estos momentos esta obra esta siendo ensayada por los t\u00edteres gigantes de la compa\u00f1\u00eda T\u00edteres Ec\u00e9tera en el Parque de las Ciencias, para la inauguraci\u00f3n del Festival Internacional de M\u00fasica y Danza de Granada, los d\u00edas 21 y 22 de junio.<\/p>\n<p class=\"mce\">Lanz no solo es una figura muy importante de nuestra historia, tambi\u00e9n lo puede ser de ilusi\u00f3n y futuro<\/p>\n<p>FOTO: Retrato de Lanz <wbr \/> \/ <span class=\"source\">M A Ortiz<\/span><\/p>\n<p>https:\/\/www.granadahoy.com\/ocio\/Hermenegildo-Lanz_0_1796820912.html?utm_source=whatsapp.com&#038;utm_medium=socialshare&#038;utm_campaign=desktop<\/p>\n<\/div>\n<\/div>\n<\/div>\n<\/div>\n","protected":false},"excerpt":{"rendered":"<p>Una gran figura de la Edad de Plata granadina y creador universal Obra de referencia&#8230;<\/p>\n","protected":false},"author":1,"featured_media":61884,"comment_status":"closed","ping_status":"closed","sticky":false,"template":"","format":"standard","meta":{"_coblocks_attr":"","_coblocks_dimensions":"","_coblocks_responsive_height":"","_coblocks_accordion_ie_support":"","jetpack_post_was_ever_published":false,"_jetpack_newsletter_access":"","_jetpack_dont_email_post_to_subs":false,"_jetpack_newsletter_tier_id":0,"_jetpack_memberships_contains_paywalled_content":false,"_jetpack_memberships_contains_paid_content":false,"footnotes":"","jetpack_publicize_message":"","jetpack_publicize_feature_enabled":true,"jetpack_social_post_already_shared":false,"jetpack_social_options":{"image_generator_settings":{"template":"highway","default_image_id":0,"enabled":false},"version":2}},"categories":[1161,44,6937,15],"tags":[10423,5293],"class_list":["post-61883","post","type-post","status-publish","format-standard","has-post-thumbnail","hentry","category-ciudadania","category-noticias-de-hoy","category-sociedad","category-ultimas-noticias","tag-hermenegildo-lanz","tag-titeres"],"jetpack_publicize_connections":[],"jetpack_featured_media_url":"https:\/\/i0.wp.com\/miradordeatarfe.es\/wp-content\/uploads\/2023\/05\/Retrato-Lanz_1796831087_185474440_667x375.jpg?fit=667%2C375&ssl=1","jetpack_likes_enabled":true,"jetpack_sharing_enabled":true,"_links":{"self":[{"href":"https:\/\/miradordeatarfe.es\/index.php?rest_route=\/wp\/v2\/posts\/61883","targetHints":{"allow":["GET"]}}],"collection":[{"href":"https:\/\/miradordeatarfe.es\/index.php?rest_route=\/wp\/v2\/posts"}],"about":[{"href":"https:\/\/miradordeatarfe.es\/index.php?rest_route=\/wp\/v2\/types\/post"}],"author":[{"embeddable":true,"href":"https:\/\/miradordeatarfe.es\/index.php?rest_route=\/wp\/v2\/users\/1"}],"replies":[{"embeddable":true,"href":"https:\/\/miradordeatarfe.es\/index.php?rest_route=%2Fwp%2Fv2%2Fcomments&post=61883"}],"version-history":[{"count":1,"href":"https:\/\/miradordeatarfe.es\/index.php?rest_route=\/wp\/v2\/posts\/61883\/revisions"}],"predecessor-version":[{"id":61885,"href":"https:\/\/miradordeatarfe.es\/index.php?rest_route=\/wp\/v2\/posts\/61883\/revisions\/61885"}],"wp:featuredmedia":[{"embeddable":true,"href":"https:\/\/miradordeatarfe.es\/index.php?rest_route=\/wp\/v2\/media\/61884"}],"wp:attachment":[{"href":"https:\/\/miradordeatarfe.es\/index.php?rest_route=%2Fwp%2Fv2%2Fmedia&parent=61883"}],"wp:term":[{"taxonomy":"category","embeddable":true,"href":"https:\/\/miradordeatarfe.es\/index.php?rest_route=%2Fwp%2Fv2%2Fcategories&post=61883"},{"taxonomy":"post_tag","embeddable":true,"href":"https:\/\/miradordeatarfe.es\/index.php?rest_route=%2Fwp%2Fv2%2Ftags&post=61883"}],"curies":[{"name":"wp","href":"https:\/\/api.w.org\/{rel}","templated":true}]}}