{"id":61892,"date":"2023-05-31T09:55:22","date_gmt":"2023-05-31T07:55:22","guid":{"rendered":"https:\/\/miradordeatarfe.es\/?p=61892"},"modified":"2023-05-31T09:55:22","modified_gmt":"2023-05-31T07:55:22","slug":"desfile-de-las-fuerzas-armadas-todos-los-horarios-y-actividades","status":"publish","type":"post","link":"https:\/\/miradordeatarfe.es\/?p=61892","title":{"rendered":"Desfile de las Fuerzas Armadas: todos los horarios y actividades"},"content":{"rendered":"<h3 class=\"v-a-sub-t\">Granada y Motril comienzan los actos de celebraci\u00f3n desde este m\u00e9rcoles y hasta el domingo<\/h3>\n<p class=\"v-p\">Los preparativos para el desfile de las Fuerzas Armadas, que tendr\u00e1 lugar el pr\u00f3ximo s\u00e1bado, ya han comenzado. Tras las maniobras a\u00e9reas y las pruebas de sonido, este martes han llegado a la Costa los buques de la Armada. En las pr\u00f3ximas horas ir\u00e1n llegando a la ciudad los efectivos que participar\u00e1n y esto va a <a title=\"afectar tambi\u00e9n al tr\u00e1fico\" href=\"https:\/\/www.ideal.es\/granada\/estrechamientos-varias-calles-granada-vuelven-provocar-problemas-20230530104953-nt.html\" data-voc-vtm-id=\"in-text-traffic\">afectar tambi\u00e9n al tr\u00e1fico<\/a> en la ciudad.<\/p>\n<p class=\"v-p\">Las actividades que se desarrollar\u00e1n en Granada y Motril del 31 de mayo al 3 de junio de 2023 con motivo de la celebraci\u00f3n del D\u00eda de las Fuerzas Armas son las siguientes:<\/p>\n<p class=\"v-p\">\u2022 Acto central del D\u00eda de las Fuerzas Armadas en Granada (ceremonia militar).<\/p>\n<p class=\"v-p\">\u2022 Exposici\u00f3n est\u00e1tica\/din\u00e1mica de material (Granada).<\/p>\n<p class=\"v-p\">\u2022 Exhibiciones de personal\/material (Granada).<\/p>\n<p class=\"v-p\">\u2022 Recorrido\/Encuentro de m\u00fasicas militares (Granada).<\/p>\n<p class=\"v-p\">\u2022 Acto central del D\u00eda de las Fuerzas Armadas en Motril (Revista aeronaval y exhibici\u00f3n din\u00e1mica).<\/p>\n<p class=\"v-p\">\u2022 Presencia naval (Motril).<\/p>\n<p class=\"mce\"><strong class=\"mce\">Granada y Motril<\/strong> contin\u00faan con los preparativos para el desfile de las Fuerzas Armadas del d\u00eda 3 de junio. Si la semana pasada siguieron con los ensayos a\u00e9reos y se empez\u00f3 con la instalaci\u00f3n de cableado y altavoces por efectivos militares en la c\u00e9ntrica calle de Severo Ochoa, esta ma\u00f1ana se ha comenzado con el montaje de las tribunas para las autoridades, en concreto a la altura de Plaza Einstein y en toda la calle Severo Ochoa.<\/p>\n<p class=\"mce\">Desde el <strong class=\"mce\">Ayuntamiento de Motril<\/strong> se lleva tiempo trabajando en la preparaci\u00f3n de todos los aspectos para que esta jornada sea un \u00e9xito y para ello a nivel de seguridad se informa a los ciudadanos de varios avisos.<\/p>\n<div class=\"v-c-cmp \">\n<div class=\"v-c-cmp-u\">\n<div id=\"g-agenda_Difas-box\" class=\"ai2html\">\n<div id=\"g-agenda_Difas-M\" class=\"g-artboard\" data-aspect-ratio=\"0.495\" data-min-width=\"650\">\u00a0<\/div>\n<\/div>\n<\/div>\n<\/div>\n<div id=\"g-ai2-3\" class=\"g-ai2html-settings g-aiAbs\">\u00a0<\/div>\n<div id=\"g-ai2-14\" class=\"g-ai2html-settings g-aiAbs\">\n<h2 class=\"mce\">Actividades en Granada<\/h2>\n<h3 class=\"mce\"><strong class=\"mce\">Mi\u00e9rcoles 31 de mayo:<\/strong><\/h3>\n<p class=\"mce\">\u2022 10:00 horas: Inauguraci\u00f3n de la<strong> exposici\u00f3n est\u00e1tica\/din\u00e1mica de material en el Paseo del Sal\u00f3n<\/strong>. Horario: mi\u00e9rcoles y viernes de 10:00 a 20:00 y jueves de 10:00 a 18:00.<\/p>\n<p class=\"mce\">\u2022 19:00 horas: <strong>Exhibiciones de personal y material en la Plaza de Toros<\/strong>.<\/p>\n<h3 class=\"mce\"><strong class=\"mce\">Jueves 1 de junio:<\/strong><\/h3>\n<p class=\"mce\">\u2022 <strong>18:00 horas: Recorrido\/encuentro de m\u00fasicas militares.<\/strong> Las m\u00fasicas y bandas de diferentes unidades de las Fuerzas Armadas y Guardia Civil realizar\u00e1n un recorrido por las calles de Granada y ofrecer un concierto.<\/p>\n<p class=\"mce\"><strong class=\"mce\">S\u00e1bado 3 de junio:<\/strong><\/p>\n<p class=\"mce\">11:30 horas:<strong> Acto central del D\u00eda de las Fuerzas Armadas en Granada. Glorieta Gonzalo Gallas.<\/strong><\/p>\n<p class=\"mce\">&#8211; Agrupaci\u00f3n de Honores formada<\/p>\n<p class=\"mce\">&#8211; Incorporaci\u00f3n de la Bandera Nacional<\/p>\n<p class=\"mce\">&#8211; Honores Militares a SSMM Los Reyes<\/p>\n<p class=\"mce\">&#8211; Revista de SM el Rey a la Agrupaci\u00f3n de Honores<\/p>\n<p class=\"mce\">&#8211; Saludo de SSMM los Reyes a Autoridades<\/p>\n<p class=\"mce\">&#8211; Izado y Homenaje a la Bandera Nacional<\/p>\n<p class=\"mce\">&#8211; Homenaje a los que dieron su vida por Espa\u00f1a<\/p>\n<p class=\"mce\">&#8211; Desfile A\u00e9reo<\/p>\n<p class=\"mce\">&#8211; Desfile Terrestre<\/p>\n<p class=\"mce\">&#8211; Despedida de SSMM los Reyes<\/p>\n<p class=\"mce\">&#8211; Arriado del Bandera Nacional<\/p>\n<h2 class=\"mce\">Actividades en Motril\u00a0<\/h2>\n<p class=\"mce\"><strong class=\"mce\">Mi\u00e9rcoles 31 de mayo al viernes 2 junio:<\/strong><\/p>\n<p class=\"mce\">10:00-20:00 horas: Presencia naval, con visitas a buques de la Armada y exposici\u00f3n est\u00e1tica de material en los muelles del puerto de Motril.<\/p>\n<p class=\"mce\"><strong class=\"mce\">Viernes 2 de junio:<\/strong><\/p>\n<p class=\"mce\">17:00 horas: Acto central del D\u00eda de las Fuerzas Armadas en Motril presidido por Su Majestad el Rey.<\/p>\n<p class=\"mce\">&#8211; Revista aeronaval (desfile naval y a\u00e9reo) en la Playa de Motril.<\/p>\n<p class=\"mce\">&#8211; Exhibici\u00f3n din\u00e1mica de medios y personal de las Fuerzas Armadas y Guardia Civil en la Playa de Motril<\/p>\n<\/div>\n<p>&nbsp;<\/p>\n<p>FOTO: <span class=\"v-fc__text\">Militar participa en las maniobras en la Costa este martes<\/span> <span class=\"v-fc__ath\">Javier Mart\u00edn<\/span><\/p>\n<p>https:\/\/www.ideal.es\/granada\/desfile-fuerzas-armadas-horarios-actividades-previstos-20230530135345-nt.html<\/p>\n","protected":false},"excerpt":{"rendered":"<p>Granada y Motril comienzan los actos de celebraci\u00f3n desde este m\u00e9rcoles y hasta el domingo&#8230;<\/p>\n","protected":false},"author":1,"featured_media":61894,"comment_status":"closed","ping_status":"closed","sticky":false,"template":"","format":"standard","meta":{"_coblocks_attr":"","_coblocks_dimensions":"","_coblocks_responsive_height":"","_coblocks_accordion_ie_support":"","jetpack_post_was_ever_published":false,"_jetpack_newsletter_access":"","_jetpack_dont_email_post_to_subs":false,"_jetpack_newsletter_tier_id":0,"_jetpack_memberships_contains_paywalled_content":false,"_jetpack_memberships_contains_paid_content":false,"footnotes":"","jetpack_publicize_message":"","jetpack_publicize_feature_enabled":true,"jetpack_social_post_already_shared":false,"jetpack_social_options":{"image_generator_settings":{"template":"highway","default_image_id":0,"enabled":false},"version":2}},"categories":[1161,44,7671,15],"tags":[10425,10424,129],"class_list":["post-61892","post","type-post","status-publish","format-standard","has-post-thumbnail","hentry","category-ciudadania","category-noticias-de-hoy","category-politica","category-ultimas-noticias","tag-desfile-militar","tag-ejercitos","tag-granada"],"jetpack_publicize_connections":[],"jetpack_featured_media_url":"https:\/\/i0.wp.com\/miradordeatarfe.es\/wp-content\/uploads\/2023\/05\/ejercito-15-U190631671717uME-U200437883413uTG-758x531%40Ideal.jpg?fit=758%2C531&ssl=1","jetpack_likes_enabled":true,"jetpack_sharing_enabled":true,"_links":{"self":[{"href":"https:\/\/miradordeatarfe.es\/index.php?rest_route=\/wp\/v2\/posts\/61892","targetHints":{"allow":["GET"]}}],"collection":[{"href":"https:\/\/miradordeatarfe.es\/index.php?rest_route=\/wp\/v2\/posts"}],"about":[{"href":"https:\/\/miradordeatarfe.es\/index.php?rest_route=\/wp\/v2\/types\/post"}],"author":[{"embeddable":true,"href":"https:\/\/miradordeatarfe.es\/index.php?rest_route=\/wp\/v2\/users\/1"}],"replies":[{"embeddable":true,"href":"https:\/\/miradordeatarfe.es\/index.php?rest_route=%2Fwp%2Fv2%2Fcomments&post=61892"}],"version-history":[{"count":1,"href":"https:\/\/miradordeatarfe.es\/index.php?rest_route=\/wp\/v2\/posts\/61892\/revisions"}],"predecessor-version":[{"id":61895,"href":"https:\/\/miradordeatarfe.es\/index.php?rest_route=\/wp\/v2\/posts\/61892\/revisions\/61895"}],"wp:featuredmedia":[{"embeddable":true,"href":"https:\/\/miradordeatarfe.es\/index.php?rest_route=\/wp\/v2\/media\/61894"}],"wp:attachment":[{"href":"https:\/\/miradordeatarfe.es\/index.php?rest_route=%2Fwp%2Fv2%2Fmedia&parent=61892"}],"wp:term":[{"taxonomy":"category","embeddable":true,"href":"https:\/\/miradordeatarfe.es\/index.php?rest_route=%2Fwp%2Fv2%2Fcategories&post=61892"},{"taxonomy":"post_tag","embeddable":true,"href":"https:\/\/miradordeatarfe.es\/index.php?rest_route=%2Fwp%2Fv2%2Ftags&post=61892"}],"curies":[{"name":"wp","href":"https:\/\/api.w.org\/{rel}","templated":true}]}}