{"id":61908,"date":"2023-06-01T10:48:59","date_gmt":"2023-06-01T08:48:59","guid":{"rendered":"https:\/\/miradordeatarfe.es\/?p=61908"},"modified":"2023-06-01T10:28:05","modified_gmt":"2023-06-01T08:28:05","slug":"arrancan-los-actos-del-5-a-las-5-para-recordar-el-125-aniversario-del-nacimiento-de-lorca","status":"publish","type":"post","link":"https:\/\/miradordeatarfe.es\/?p=61908","title":{"rendered":"Arrancan los actos del &#8216;5 a las 5&#8217; para recordar el 125 aniversario del nacimiento de Lorca"},"content":{"rendered":"<div class=\"mce-body \">\n<p class=\"mce\" style=\"text-align: justify;\">El pr\u00f3ximo lunes 5 de junio, en el <strong class=\"mce\">Museo Casa Natal de Fuente Vaqueros<\/strong> se celebrar\u00e1 el 125 aniversario del nacimiento de\u00a0<strong class=\"mce\">Federico Garc\u00eda Lorca.<\/strong> El popular 5 a las 5, que conmemora tambi\u00e9n el primer homenaje p\u00fablico al poeta, en 1976 cerrar\u00e1 una serie de actos que han di\u00f3 comienzo ayer y que incluyen conciertos, exposiciones, teatro de t\u00edteres y una conferencia. <strong class=\"mce\">Miguel Tub\u00eda<\/strong>\u00a0ser\u00e1 el encargado de inaugurar el ciclo con\u00a0<em class=\"mce\"><strong class=\"mce\">Bodas de sangre, <\/strong><\/em>un conciertodramatizado formado por los n\u00fameros musicales m\u00e1s relevantes del musical del mismo nombre que la obra lorquiana recientemente compuesto por el m\u00fasico que, en esta ocasi\u00f3n, tambi\u00e9n interpretar\u00e1 vocalmente.<\/p>\n<h2 class=\"mce\" style=\"text-align: justify;\">Programa<\/h2>\n<p class=\"mce\" style=\"text-align: justify;\">Este <strong>jueves 1 de junio a las 21:00 horas<\/strong> llegar\u00e1 el turno de <em class=\"mce\"><strong class=\"mce\">Eterno Federico,<\/strong><\/em>\u00a0un concierto-conferencia en el que <strong class=\"mce\">Mar\u00eda Galiana,<\/strong> acompa\u00f1ada del bar\u00edtono <strong class=\"mce\">Luis Santana<\/strong>, ofrecer\u00e1 un espect\u00e1culo en homenaje al 125 aniversario del nacimiento de Federico Garc\u00eda Lorca. Junto a los textos recitados, Santana pone voz a las 16 canciones populares recopiladas y armonizadas por Garc\u00eda Lorca entre finales de los a\u00f1os veinte y mediados de los treinta del pasado siglo.<\/p>\n<p class=\"mce\" style=\"text-align: justify;\">En este concierto-recital sonar\u00e1n por primera vez tres piezas hasta el momento in\u00e9ditas. Las composiciones que el p\u00fablico podr\u00e1 escuchar por primera vez corresponden a Mariana Pineda, una canci\u00f3n de corro de ni\u00f1osarmonizada por Federico de una manera muy sencilla; <strong class=\"mce\"><em class=\"mce\">Canci\u00f3n de oto\u00f1o en Castilla<\/em><\/strong>, una obra triste, con la melancol\u00eda del oto\u00f1o, que recopil\u00f3 en su paso por Burgos en 1934; y <em class=\"mce\"><strong class=\"mce\">Du\u00e9rmete ni\u00f1ito\u00a0<\/strong><\/em><em class=\"mce\"><strong class=\"mce\">m\u00edo,<\/strong><\/em>una nana muy gitana, una partitura que aporta el hispanista Ian Gibson, en tanto que las otras dos estaban en la Fundaci\u00f3n Federico Garc\u00eda Lorca. Como el concierto inaugural y el resto de actuaciones si el tiempo lo permite, el espect\u00e1culo ser\u00e1 en el\u00a0Patio del Museo Casa Natal de Federico Garc\u00eda Lorca de Fuente Vaqueros.\u00a0<\/p>\n<p class=\"mce\" style=\"text-align: justify;\">El <strong>domingo, 4 junio a las 10:30 horas<\/strong>, la compa\u00f1\u00eda Tantonter\u00eda Teatro ofrecer\u00e1 la obra<strong class=\"mce\"><em class=\"mce\">\u00a0Gru\u00f1idos,\u00a0<\/em><\/strong> interpretada por Javier Sancho y Ester Abad. Se trata de un\u00a0espect\u00e1culo que conjuga el teatro de t\u00edteres y el teatro de objetos. Los temas principales de la obra son: la empat\u00eda, el perd\u00f3n y la aceptaci\u00f3n de la diversidad, la tolerancia y el reciclaje. En este caso, los monstruos a pesar de lo que se cree son seres buenos que se dedican a contar cuentos a los ni\u00f1os para que se vayan felices a la cama.<\/p>\n<p class=\"mce\" style=\"text-align: justify;\">El<strong> mismo lunes se repetir\u00e1 la obra a la misma hora y a las 21:00<\/strong> se proceder\u00e1 a la inauguraci\u00f3n de la exposici\u00f3n\u00a0<em class=\"mce\"><strong class=\"mce\">Trabajos cachiporr\u00edsticos<\/strong><\/em>. <em class=\"mce\"><strong class=\"mce\">En el centenario de t\u00edteres de cachiporra y El retablo de maese Pedro. 1923 | 2023,\u00a0<\/strong><\/em>una muestra comisariada por Enrique Lanz y Yanisbel Mart\u00ednez.<\/p>\n<p class=\"mce\" style=\"text-align: justify;\">Con esta cita se recuerda que el 6 de enero de 1923 Federico Garc\u00eda Lorca, Hermenegildo Lanz y Manuel de Falla protagonizaron una funci\u00f3n de t\u00edteres en Granada que marc\u00f3 la historia de las artes esc\u00e9nicas en Espa\u00f1a, en Europa y en buena parte de Am\u00e9rica Latina. Meses m\u00e1s tarde, en Par\u00eds, Falla y Lanz estrenar\u00edan, junto con otros artistas (como Manuel \u00c1ngeles Ortiz y Hernando Vi\u00f1es), <strong class=\"mce\"><em class=\"mce\">El retablo de maese Pedro<\/em><\/strong>, obra maestra de la m\u00fasica espa\u00f1ola del siglo XX.Esta exposici\u00f3n desgrana los detalles e intrahistoria de ambas representaciones, as\u00ed como otros trabajos cachiporr\u00edsticos que imaginaban estos.<\/p>\n<p class=\"mce\" style=\"text-align: justify;\"><strong>Y a las 21:30 horas arrancar\u00e1 el acto de entrega del <\/strong><strong class=\"mce\">Pozo de Plata 2023<\/strong> a <strong class=\"mce\">Enrique Lanz<\/strong>. Nieto de Hermenegildo Lanz, contin\u00faa la senda que inici\u00f3 su abuelo en el \u00e1mbito del teatro de t\u00edteres. Al frente de la compa\u00f1\u00eda etc\u00e9tera, su trabajo es un ejemplo de c\u00f3mo un proyecto que naci\u00f3 hace 100 a\u00f1os ha transcendido el tiempo. Su trayectoria de m\u00e1s de cuarenta a\u00f1os al frente de una de las compa\u00f1\u00edas de t\u00edteres m\u00e1s reputadas del panorama nacional e internacional lo avalan.\u00a0<\/p>\n<p class=\"mce\" style=\"text-align: justify;\">A las <strong>22:00 horas dar\u00e1 comienzo <em class=\"mce\">Div\u00e1n del Tamarit<\/em>, el espect\u00e1culo con el que <\/strong><strong class=\"mce\">Juan Valderrama<\/strong> vuelve a editar un tesoro que pertenece al patrimonio hist\u00f3rico cultural, por la reuni\u00f3n de talento que converge en \u00e9l y por ser una obra \u00fanica y completa que debe protegerse para que no caiga en el olvido en el que duermedesde hace ya 25 a\u00f1os.<\/p>\n<p class=\"mce\" style=\"text-align: justify;\">El texto de Federico Garc\u00eda Lorca con la genial musicalizaci\u00f3n de <a class=\"mce\" href=\"https:\/\/www.granadahoy.com\/ocio\/biografia-Carlos-Cano-contada-testimonios_0_1542447105.html\" rel=\"dofollow\">Carlos Cano<\/a> y la interpretaci\u00f3n personal de Juan Valderrama, que aporta su experiencia en mezclar la<strong class=\"mce\"> tradici\u00f3n musical<\/strong> de la que posee un gran conocimiento con las<strong class=\"mce\"> nuevas tendencias del milenio,<\/strong> hacen de este proyecto una creaci\u00f3n art\u00edstica incontestable, con una visi\u00f3n nueva y actualizada. Valderrama estar\u00e1 acompa\u00f1ado de Pablo Suarez, piano; Rub\u00e9n D\u00edaz Levaniegos, guitarra espa\u00f1ola y guitarra electroac\u00fastica; y Sergio Menem, cello, guitarra portuguesa y guitarra espa\u00f1ola. En este caso la cita ser\u00e1 en la\u00a0explanada del Teatro Municipal Federico Garc\u00eda Lorca de Fuente Vaqueros.<\/p>\n<h2><small><\/small><small class=\"author\">Mar\u00eda Valverde <\/small><\/h2>\n<\/div>\n<p class=\"text\">FOTO: Arrancan los actos del &#8216;5 a las 5&#8217; para recordar el 125 aniversario del nacimiento de Lorca <wbr \/> \/ <span class=\"source\">Antonio L. Ju\u00e1rez | PS<\/span><\/p>\n<div class=\"pg-media\">\u00a0<\/div>\n<div class=\"pg-body\">\n<section class=\"nws-data\">\n<p>https:\/\/www.granadahoy.com\/ocio\/Programa_0_1798020645.html?utm_campaign=Programaci%C3%B3n_cultural&#038;utm_medium=push&#038;utm_source=granadahoy<\/p>\n<\/section>\n<\/div>\n","protected":false},"excerpt":{"rendered":"<p>El pr\u00f3ximo lunes 5 de junio, en el Museo Casa Natal de Fuente Vaqueros se&#8230;<\/p>\n","protected":false},"author":1,"featured_media":61910,"comment_status":"closed","ping_status":"closed","sticky":false,"template":"","format":"standard","meta":{"_coblocks_attr":"","_coblocks_dimensions":"","_coblocks_responsive_height":"","_coblocks_accordion_ie_support":"","jetpack_post_was_ever_published":false,"_jetpack_newsletter_access":"","_jetpack_dont_email_post_to_subs":false,"_jetpack_newsletter_tier_id":0,"_jetpack_memberships_contains_paywalled_content":false,"_jetpack_memberships_contains_paid_content":false,"footnotes":"","jetpack_publicize_message":"","jetpack_publicize_feature_enabled":true,"jetpack_social_post_already_shared":false,"jetpack_social_options":{"image_generator_settings":{"template":"highway","default_image_id":0,"enabled":false},"version":2}},"categories":[1161,44,6937,15],"tags":[2749,4488,797],"class_list":["post-61908","post","type-post","status-publish","format-standard","has-post-thumbnail","hentry","category-ciudadania","category-noticias-de-hoy","category-sociedad","category-ultimas-noticias","tag-el-5-a-las-5","tag-federico-garcia-lorca","tag-fuente-vaqueros"],"jetpack_publicize_connections":[],"jetpack_featured_media_url":"https:\/\/i0.wp.com\/miradordeatarfe.es\/wp-content\/uploads\/2023\/06\/Arrancan-recordar-aniversario-nacimiento-Lorca_1798031485_185861179_667x375.jpg?fit=667%2C375&ssl=1","jetpack_likes_enabled":true,"jetpack_sharing_enabled":true,"_links":{"self":[{"href":"https:\/\/miradordeatarfe.es\/index.php?rest_route=\/wp\/v2\/posts\/61908","targetHints":{"allow":["GET"]}}],"collection":[{"href":"https:\/\/miradordeatarfe.es\/index.php?rest_route=\/wp\/v2\/posts"}],"about":[{"href":"https:\/\/miradordeatarfe.es\/index.php?rest_route=\/wp\/v2\/types\/post"}],"author":[{"embeddable":true,"href":"https:\/\/miradordeatarfe.es\/index.php?rest_route=\/wp\/v2\/users\/1"}],"replies":[{"embeddable":true,"href":"https:\/\/miradordeatarfe.es\/index.php?rest_route=%2Fwp%2Fv2%2Fcomments&post=61908"}],"version-history":[{"count":3,"href":"https:\/\/miradordeatarfe.es\/index.php?rest_route=\/wp\/v2\/posts\/61908\/revisions"}],"predecessor-version":[{"id":61912,"href":"https:\/\/miradordeatarfe.es\/index.php?rest_route=\/wp\/v2\/posts\/61908\/revisions\/61912"}],"wp:featuredmedia":[{"embeddable":true,"href":"https:\/\/miradordeatarfe.es\/index.php?rest_route=\/wp\/v2\/media\/61910"}],"wp:attachment":[{"href":"https:\/\/miradordeatarfe.es\/index.php?rest_route=%2Fwp%2Fv2%2Fmedia&parent=61908"}],"wp:term":[{"taxonomy":"category","embeddable":true,"href":"https:\/\/miradordeatarfe.es\/index.php?rest_route=%2Fwp%2Fv2%2Fcategories&post=61908"},{"taxonomy":"post_tag","embeddable":true,"href":"https:\/\/miradordeatarfe.es\/index.php?rest_route=%2Fwp%2Fv2%2Ftags&post=61908"}],"curies":[{"name":"wp","href":"https:\/\/api.w.org\/{rel}","templated":true}]}}