{"id":61913,"date":"2023-06-02T08:38:17","date_gmt":"2023-06-02T06:38:17","guid":{"rendered":"https:\/\/miradordeatarfe.es\/?p=61913"},"modified":"2023-06-01T18:49:52","modified_gmt":"2023-06-01T16:49:52","slug":"elecciones-generales-en-vacaciones-me-puedo-librar-de-una-mesa-electoral-si-tengo-un-viaje-y-si-voto-por-correo","status":"publish","type":"post","link":"https:\/\/miradordeatarfe.es\/?p=61913","title":{"rendered":"Elecciones generales en vacaciones: \u00bfme puedo librar de una mesa electoral si tengo un viaje? \u00bfY si voto por correo?"},"content":{"rendered":"<h2 class=\"a_st\" style=\"text-align: justify;\">Existe la posibilidad de alegar que las vacaciones son un evento de especial relevancia familiar, aunque la \u00faltima palabra la tendr\u00e1 la Junta Electoral de Zona<\/h2>\n<div class=\"a_c clearfix\" data-dtm-region=\"articulo_cuerpo\">\n<p class=\"\" style=\"text-align: justify;\">Las pr\u00f3ximas elecciones generales se celebran el 23 de julio, un mes en el que un 40% de los espa\u00f1oles tiene planeadas vacaciones o viajes de verano, seg\u00fan un estudio del buscador de vuelos y hoteles Jetcost. Estos comicios adelantados e inesperados \u2015<a href=\"https:\/\/elpais.com\/espana\/2023-05-30\/sanchez-decidio-el-adelanto-electoral-de-las-generales-la-noche-del-domingo-y-la-comunico-a-unos-pocos-fieles.html\" target=\"_blank\" rel=\"noopener\" data-link-track-dtm=\"\">el presidente del Gobierno los anunci\u00f3 por sorpresa<\/a> este lunes\u2015 han generado interrogantes sobre las opciones que existen si nos vemos obligados a formar parte de una mesa electoral y ya ten\u00edamos un viaje preparado. Existe la posibilidad de alegar que las vacaciones son un evento de especial relevancia familiar, aunque la \u00faltima palabra la tendr\u00e1 la Junta Electoral de Zona. A continuaci\u00f3n se responden 11 preguntas que detallan las opciones que existen para reclamar esta designaci\u00f3n, y los plazos, as\u00ed como las consecuencias de no presentarse a la mesa el d\u00eda de las votaciones, o las pol\u00edticas de compa\u00f1\u00edas hoteleras y de transporte.<\/p>\n<p class=\"\" style=\"text-align: justify;\"><b>1. \u00bfMe puedo librar de una mesa electoral si tengo un viaje? <\/b>Tener un viaje no es una causa que se acepte por s\u00ed misma para librarse de formar parte de una mesa en unas elecciones, pero se podr\u00eda reclamar ante la Junta Electoral de Zona, que tendr\u00eda la \u00faltima palabra. Un viaje o una estancia fuera del lugar en el que estamos empadronados por vacaciones se podr\u00eda enmarcar dentro de las alegaciones por motivos familiares, concretamente como un \u201cevento familiar de especial relevancia\u201d.<\/p>\n<p class=\"\" style=\"text-align: justify;\">Para pedir que nos liberen de esta obligaci\u00f3n habr\u00eda que aportar toda la documentaci\u00f3n posible que justifique ese viaje y el da\u00f1o econ\u00f3mico que nos supondr\u00eda perderlo: recibos de pago, copias de billetes de avi\u00f3n, reservas, etc. \u201cEl interesado no solo deber\u00e1 acreditar documentalmente la previsi\u00f3n de celebraci\u00f3n del evento, sino tambi\u00e9n el car\u00e1cter inaplazable del mismo o los perjuicios econ\u00f3micos en caso de suspensi\u00f3n\u201d, recoge una <a href=\"http:\/\/www.juntaelectoralcentral.es\/cs\/jec\/doctrina\/instrucciones?packedargs=esinstruccion=true&amp;idacuerdoinstruccion=28832&amp;template=Doctrina%252FJEC_Detalle\" target=\"_blank\" rel=\"noopener\" data-link-track-dtm=\"\">instrucci\u00f3n de la Junta Electoral Central <\/a>que aborda los impedimentos y excusas justificadas para ocupar los puestos de presidente o vocal de las mesas electorales.<\/p>\n<p class=\"\" style=\"text-align: justify;\">La OCU ha pedido a las juntas electorales que \u201cflexibilicen sus criterios\u201d de admisi\u00f3n y que acepten la inclusi\u00f3n de las vacaciones como un evento de especial relevancia. Tambi\u00e9n est\u00e1 reclamando una instrucci\u00f3n por parte de la Junta Electoral Central con criterios unificados sobre excusas de participaci\u00f3n en las mesas.<\/p>\n<p class=\"\" style=\"text-align: justify;\"><b>2. \u00bfEs cierto que si pido el voto por correo ya no me pueden convocar para formar parte de una mesa? <\/b>No. El sorteo de los integrantes de las mesas se hace con todos los inscritos en el censo electoral. Si se pide el voto por correo, lo que no se permite es ir a votar presencialmente el d\u00eda de las elecciones.<\/p>\n<p class=\"\" style=\"text-align: justify;\"><b>3. \u00bfCu\u00e1ndo sabr\u00e9 si me ha tocado una mesa electoral? <\/b>El sorteo entre los 35 millones de votantes volver\u00e1 a repetirse<em> entre el 24 y el 28 de junio<\/em> <em>y tres d\u00edas despu\u00e9s les llegar\u00e1 una carta<\/em> en mano a los elegidos, que suponen un 1,4% del censo, teniendo en cuenta los datos de las elecciones del pasado domingo.<\/p>\n<p class=\"\" style=\"text-align: justify;\">En las elecciones auton\u00f3micas y municipales, <a href=\"https:\/\/elecciones.locales2023.es\/informacion-general\/elecciones_cifras\" target=\"_blank\" rel=\"noopener\" data-link-track-dtm=\"\">545.184 electores <\/a>fueron convocados para formar parte de mesas electorales (181.728 como titulares y 363.456 de suplentes). Por cada mesa se eligen nueve miembros, un presidente y dos vocales y dos sustitutos para cada uno de ellos.<\/p>\n<p class=\"\" style=\"text-align: justify;\"><b>4. \u00bfCu\u00e1les son los plazos para reclamar? <\/b>Si ha resultado elegido y le resulta imposible acudir, tiene <strong>siete d\u00edas desde que se recibe la carta e<\/strong>n la que se notifica que ha resultado designado. Una vez hecha la petici\u00f3n, la Junta Electoral de Zona resolver\u00e1, sin posibilidad de recurso, en el plazo de cinco d\u00edas.<\/p>\n<p class=\"\" style=\"text-align: justify;\"><b>5. \u00bfC\u00f3mo hago la petici\u00f3n?<\/b> Hay que acudir a la Junta Electoral de la zona que le corresponda. En la web de la Junta Electoral Central se puede encontrar un <a href=\"http:\/\/www.juntaelectoralcentral.es\/cs\/jec\/admelectoral\/jezona\/municipios\" data-link-track-dtm=\"\">directorio con tel\u00e9fonos y direcciones<\/a>, y en la carta con la que se notifica la designaci\u00f3n de miembro de una mesa electoral (ya sea presidente, vocal o suplente de estos cargos) tambi\u00e9n aparece. En las pasadas elecciones auton\u00f3micas y municipales tambi\u00e9n se pudo tramitar por internet, a trav\u00e9s de una aplicaci\u00f3n inform\u00e1tica de la Junta Electoral Central, llamada <a href=\"https:\/\/www.mesaselectorales.es\/web-excusas-form\/#\/login\" data-link-track-dtm=\"\">Excusas<\/a>.<\/p>\n<p class=\"\" style=\"text-align: justify;\"><b>6. \u00bfPodr\u00eda empadronarme en mi lugar de veraneo para votar all\u00ed? <\/b>S\u00ed se podr\u00eda empadronar, pero eso <strong><em>no se contabilizar\u00eda a efectos de las elecciones generales del pr\u00f3ximo 23 de julio<\/em><\/strong>. Para los pr\u00f3ximos comicios se utilizar\u00e1 el censo tal y como estaba el pasado 1 de marzo.<\/p>\n<p class=\"\" style=\"text-align: justify;\"><b>7. \u00bfMe devolver\u00e1n el dinero las agencias de viajes por este motivo? <\/b>En el caso de que la Junta Electoral de Zona le comunique que no admite la reclamaci\u00f3n y tenga que acudir a la mesa electoral el 23 de julio, se puede reclamar ante las compa\u00f1\u00edas con las que se ha contratado el viaje.<\/p>\n<p class=\"\" style=\"text-align: justify;\">Seg\u00fan fuentes del Ministerio de Consumo, la convocatoria como miembro de una mesa electoral puede considerarse un evento de fuerza mayor que la jurisprudencia ha entendido tradicionalmente como necesarios para aplicar la doctrina por la cual el consumidor podr\u00eda terminar o modificar un contrato como consecuencia de su nombramiento. Coincide la OCU, que recuerda que se tratar\u00eda de un caso de fuerza mayor, ya que acudir a la mesa es una obligaci\u00f3n legal, imprevista e imprevisible en este caso, por lo que, seg\u00fan la organizaci\u00f3n de consumidores, se pueden cancelar las vacaciones sin penalizaci\u00f3n econ\u00f3mica. \u201cNo es necesario tener un seguro de viajes contratado\u201d, a\u00f1aden en un comunicado difundido este martes. La organizaci\u00f3n de consumidores aconseja a los afectados acompa\u00f1ar a la solicitud de cancelaci\u00f3n la resoluci\u00f3n de la Junta Electoral de la designaci\u00f3n como miembro de la mesa electoral, as\u00ed como la resoluci\u00f3n por la que se le deniega la excusa.<\/p>\n<p class=\"\" style=\"text-align: justify;\">La OCU ha reclamado a las agencias de viajes, compa\u00f1\u00edas, hoteles y dem\u00e1s empresas del sector una especial consideraci\u00f3n y sensibilidad en estas situaciones, para que ofrezcan el reembolso de los viajes contratados u otras opciones de cancelaci\u00f3n flexible.<\/p>\n<p class=\"\" style=\"text-align: justify;\">En este sentido, la Federaci\u00f3n Empresarial de Asociaciones Territoriales de Agencias de Viajes Espa\u00f1olas ha solicitado este martes que \u201cpara tranquilizar a los ciudadanos que ya han reservado o est\u00e1n pensando en reservar sus vacaciones en esta fecha\u201d solicita a la Junta Electoral Central \u201cla admisi\u00f3n como una de las causas de impedimento para poder formar parte de una mesa electoral, la contrataci\u00f3n previa de un viaje, presentando en su caso la documentaci\u00f3n que lo demuestre, certificada si es el caso por la agencia de viajes que verifique que la reserva es firme\u201d. La asociaci\u00f3n de consumidores Facua ha pedido tambi\u00e9n que se incluyan los viajes familiares como causa directa y clara para quedar eximido de acudir a la mesa.<\/p>\n<p class=\"\" style=\"text-align: justify;\"><b>8. \u00bfTiene el hotel que devolverme el dinero de la reserva?<\/b> No existe una pol\u00edtica de cancelaci\u00f3n est\u00e1ndar para todo el sector hotelero. Muchas empresas facilitan las cancelaciones hasta un tiempo determinado antes de la fecha de la reserva sin tener el cliente que justificar la raz\u00f3n: en algunos casos se puede hacer hasta 15 d\u00edas antes y, en los casos m\u00e1s flexibles, incluso con menos antelaci\u00f3n. Los votantes que teman ser llamados a una mesa electoral el 23 de julio y planeen ir de vacaciones por esas fechas pueden cubrirse las espaldas buscando hoteles y apartamentos con esa pol\u00edtica de cancelaci\u00f3n flexible, que se ha extendido desde la pandemia. Si no hay posibilidad de cancelaci\u00f3n, se podr\u00eda negociar directamente con cada hotel. En cualquier caso, hay que tener en cuenta que perder un viaje por tener que estar en una mesa electoral no es responsabilidad de la empresa. Otra opci\u00f3n es contratar un seguro de cancelaci\u00f3n, siempre y cuando incluyan entre sus supuestos de cobertura la anulaci\u00f3n de un viaje por causas judiciales.<\/p>\n<p class=\"\" style=\"text-align: justify;\"><b>9. \u00bfCu\u00e1l es la pol\u00edtica de cancelaci\u00f3n de Renfe y de las aerol\u00edneas en este caso? <\/b>Las compa\u00f1\u00edas de transporte no contemplan devolver el dinero de los billetes que hayan sido adquiridos en la fecha de las elecciones generales, aunque el viajero haya sido designado para formar parte de una mesa electoral. Con car\u00e1cter general, solo aquellos usuarios que hayan suscrito un seguro de anulaci\u00f3n o se adhieran a una tarifa con derecho a cambio de fecha podr\u00e1n recuperar el dinero del billete.<\/p>\n<p class=\"\" style=\"text-align: justify;\">As\u00ed, Renfe no devolver\u00e1 el dinero de los viajes en caso de anulaci\u00f3n, salvo que el viajero haya comprado el billete Elige, porque incluye el primer cambio de fecha gratuito (el resto por 10 euros) y la devoluci\u00f3n del 70% del importe en caso de anulaci\u00f3n.<\/p>\n<p class=\"\" style=\"text-align: justify;\">En el caso de las aerol\u00edneas, algunas como Vueling, contemplan la devoluci\u00f3n, aunque solo como soluci\u00f3n extrema. La citaci\u00f3n a la mesa electoral tiene el mismo comportamiento que una citaci\u00f3n judicial, una de las opciones que da la compa\u00f1\u00eda para anular el vuelo. Por tanto, presentando la documentaci\u00f3n correspondiente, que incluye un justificante, Vueling proceder\u00e1 al reembolso en cr\u00e9dito de vuelos.<\/p>\n<p class=\"\" style=\"text-align: justify;\">Iberia, que tambi\u00e9n pertenece al grupo IAG como Vueling, tambi\u00e9n permitir\u00e1 cambio de billete o reembolso a quienes hayan sido designados para formar parte de una mesa electoral, informaron fuentes de la compa\u00f1\u00eda<\/p>\n<p class=\"\" style=\"text-align: justify;\"><b>10. \u00bfQu\u00e9 me puede pasar si no me presento el d\u00eda de las elecciones en el colegio electoral? <\/b>Hacer la solicitud para que le eximan de desempe\u00f1ar ese papel en las elecciones no implica que se acepte. Hasta que no reciba la respuesta, seguir\u00e1 figurando como una persona designada para realizar esta tarea el d\u00eda de las elecciones. Si no acude, se enfrenta a un delito por abandono o incumplimiento en las mesas electorales que <strong>puede suponer la pena de prisi\u00f3n de tres meses a un a\u00f1o o una multa de seis a veinticuatro meses.<\/strong><\/p>\n<p class=\"\" style=\"text-align: justify;\"><b>11. Ante un contrato temporal de verano en una regi\u00f3n distinta al domicilio habitual, \u00bfqu\u00e9 opciones existen? <\/b>La Instrucci\u00f3n 6\/2011, de 28 de abril, de la Junta Electoral Central establece que, cuando el ciudadano est\u00e1 en otra comunidad aut\u00f3noma, en este caso por un trabajo temporal de verano, tendr\u00e1 que justificar la dificultad para poder asistir a la mesa electoral debido a que el domicilio recogido en el censo electoral es diferente al domicilio efectivo del interesado en ese momento, seg\u00fan los expertos de Leg\u00e1litas. Como en el caso anterior, es necesario que la Junta Electoral analice el caso porque es una causa relativa.<\/p>\n<p class=\"\"><i>Con informaci\u00f3n de <\/i><i><b>Miguel \u00c1ngel Medina.<\/b><\/i><\/p>\n<\/div>\n<p><strong><a class=\"a_md_a_n\" title=\"Ver todas las noticias de Juana Vi\u00fadez\" href=\"https:\/\/elpais.com\/autor\/juana-viudez\/#?rel=author_top\">Juana Vi\u00fadez \u00a0<\/a><a class=\"a_md_a_n\" title=\"Ver todas las noticias de Cristina Galindo\" href=\"https:\/\/elpais.com\/autor\/cristina-galindo\/#?rel=author_top\">Cristina Galindo<\/a><a class=\"a_md_a_n\" title=\"Ver todas las noticias de Ram\u00f3n Mu\u00f1oz\" href=\"https:\/\/elpais.com\/autor\/ramon-munoz\/#?rel=author_top\">\u00a0 Ram\u00f3n Mu\u00f1oz<\/a><\/strong><\/p>\n<header class=\"a_e _g _g-xs\">\n<div class=\"a_e_m\">\n<figure class=\"a_m\"><figcaption class=\"a_m_p\">FOTO: Aspecto que presentaba la playa de la Malagueta durane el d\u00eda de elecciones municipales, el 28 de mayo.<span class=\"a_m_m\">Foto: Jorge Zapata (EFE)<\/span><\/figcaption><\/figure>\n<\/div>\n<\/header>\n<div class=\"a_md _g _g-xs ni\">\n<div class=\"a_md_txt\">\n<div class=\"a_md_a\" data-dtm-region=\"articulo_firma\">https:\/\/elpais.com\/espana\/2023-05-30\/elecciones-en-vacaciones-me-puedo-librar-de-una-mesa-electoral-si-tengo-un-viaje-y-si-voto-por-correo.html<\/div>\n<\/div>\n<\/div>\n","protected":false},"excerpt":{"rendered":"<p>Existe la posibilidad de alegar que las vacaciones son un evento de especial relevancia familiar,&#8230;<\/p>\n","protected":false},"author":1,"featured_media":61806,"comment_status":"closed","ping_status":"closed","sticky":false,"template":"","format":"standard","meta":{"_coblocks_attr":"","_coblocks_dimensions":"","_coblocks_responsive_height":"","_coblocks_accordion_ie_support":"","jetpack_post_was_ever_published":false,"_jetpack_newsletter_access":"","_jetpack_dont_email_post_to_subs":false,"_jetpack_newsletter_tier_id":0,"_jetpack_memberships_contains_paywalled_content":false,"_jetpack_memberships_contains_paid_content":false,"footnotes":"","jetpack_publicize_message":"","jetpack_publicize_feature_enabled":true,"jetpack_social_post_already_shared":false,"jetpack_social_options":{"image_generator_settings":{"template":"highway","default_image_id":0,"enabled":false},"version":2}},"categories":[1161,44,7671,15],"tags":[171,1696,377],"class_list":["post-61913","post","type-post","status-publish","format-standard","has-post-thumbnail","hentry","category-ciudadania","category-noticias-de-hoy","category-politica","category-ultimas-noticias","tag-elecciones","tag-mesas-electorales","tag-voto-por-correo"],"jetpack_publicize_connections":[],"jetpack_featured_media_url":"https:\/\/i0.wp.com\/miradordeatarfe.es\/wp-content\/uploads\/2023\/05\/Screenshot-2023-05-27-at-12-33-38-Nuestro-sistema-electoral-es-seguro-y-democratico.png?fit=387%2C264&ssl=1","jetpack_likes_enabled":true,"jetpack_sharing_enabled":true,"_links":{"self":[{"href":"https:\/\/miradordeatarfe.es\/index.php?rest_route=\/wp\/v2\/posts\/61913","targetHints":{"allow":["GET"]}}],"collection":[{"href":"https:\/\/miradordeatarfe.es\/index.php?rest_route=\/wp\/v2\/posts"}],"about":[{"href":"https:\/\/miradordeatarfe.es\/index.php?rest_route=\/wp\/v2\/types\/post"}],"author":[{"embeddable":true,"href":"https:\/\/miradordeatarfe.es\/index.php?rest_route=\/wp\/v2\/users\/1"}],"replies":[{"embeddable":true,"href":"https:\/\/miradordeatarfe.es\/index.php?rest_route=%2Fwp%2Fv2%2Fcomments&post=61913"}],"version-history":[{"count":1,"href":"https:\/\/miradordeatarfe.es\/index.php?rest_route=\/wp\/v2\/posts\/61913\/revisions"}],"predecessor-version":[{"id":61914,"href":"https:\/\/miradordeatarfe.es\/index.php?rest_route=\/wp\/v2\/posts\/61913\/revisions\/61914"}],"wp:featuredmedia":[{"embeddable":true,"href":"https:\/\/miradordeatarfe.es\/index.php?rest_route=\/wp\/v2\/media\/61806"}],"wp:attachment":[{"href":"https:\/\/miradordeatarfe.es\/index.php?rest_route=%2Fwp%2Fv2%2Fmedia&parent=61913"}],"wp:term":[{"taxonomy":"category","embeddable":true,"href":"https:\/\/miradordeatarfe.es\/index.php?rest_route=%2Fwp%2Fv2%2Fcategories&post=61913"},{"taxonomy":"post_tag","embeddable":true,"href":"https:\/\/miradordeatarfe.es\/index.php?rest_route=%2Fwp%2Fv2%2Ftags&post=61913"}],"curies":[{"name":"wp","href":"https:\/\/api.w.org\/{rel}","templated":true}]}}